{"id":3827,"date":"2013-05-26T16:50:46","date_gmt":"2013-05-26T16:50:46","guid":{"rendered":"http:\/\/imediata.org\/?p=3827"},"modified":"2013-05-26T17:13:00","modified_gmt":"2013-05-26T17:13:00","slug":"reagindo-a-crise-terminal-antropofoba-do-dia-%e2%80%93-nao-aos-organismos-geneticamente-escravizados","status":"publish","type":"post","link":"https:\/\/imediata.org\/?p=3827","title":{"rendered":">> Reagindo \u00e0 crise terminal antrop\u00f3foba do dia \u2013 N\u00e3o aos organismos geneticamente ESCRAVIZADOS, por Mario S. Mieli"},"content":{"rendered":"<p><\/br><br \/>\n<strong>Reagindo \u00e0 crise terminal antrop\u00f3foba do dia \u2013 N\u00e3o aos organismos geneticamente ESCRAVIZADOS<br \/>\n<\/br><br \/>\nPor: Mario S. Mieli, 26 de maio de 2013<br \/>\n<\/br><br \/>\n<a href=\"http:\/\/imediata.org\/wp-content\/uploads\/2013\/05\/march-against-monsanto-disney.jpg\"><img loading=\"lazy\" decoding=\"async\" src=\"http:\/\/imediata.org\/wp-content\/uploads\/2013\/05\/march-against-monsanto-disney.jpg\" alt=\"\" title=\"march-against-monsanto-disney\" width=\"604\" height=\"433\" class=\"alignright size-full wp-image-3828\" srcset=\"https:\/\/imediata.org\/wp-content\/uploads\/2013\/05\/march-against-monsanto-disney.jpg 604w, https:\/\/imediata.org\/wp-content\/uploads\/2013\/05\/march-against-monsanto-disney-300x215.jpg 300w\" sizes=\"auto, (max-width: 604px) 100vw, 604px\" \/><\/a><br \/>\n<\/br><\/p>\n<p>Foram mais de 2 milh\u00f5es de pessoas em 436 cidades de 52 pa\u00edses diferentes que sa\u00edram \u00e0s ruas de todo o planeta para demonstrar que se op\u00f5em ao crime de patentear a vida, pois a vida n\u00e3o tem dono!<br \/>\n<\/br><br \/>\n<a href=\"http:\/\/imediata.org\/wp-content\/uploads\/2013\/05\/fuck-the-banksters-188-x-200-1.jpg\"><img loading=\"lazy\" decoding=\"async\" src=\"http:\/\/imediata.org\/wp-content\/uploads\/2013\/05\/fuck-the-banksters-188-x-200-1.jpg\" alt=\"\" title=\"fuck-the-banksters-188-x-200-1\" width=\"188\" height=\"200\" class=\"alignright size-full wp-image-3829\" \/><\/a><br \/>\n<\/br><br \/>\nO engano come\u00e7a pela manipula\u00e7\u00e3o lingu\u00edstica. \u201cPessoas\u201d jur\u00eddicas n\u00e3o s\u00e3o pessoas. S\u00e3o disfarces forjados para que um reduzid\u00edssimo n\u00famero de pessoas f\u00edsicas possam melhor dominar pelo engano e pela pervers\u00e3o. S\u00e3o abstra\u00e7\u00f5es-vampiros. Estratagemas jur\u00eddico-infernais. Sistemas parasit\u00e1rios que, prometendo lucros aos acionistas, na realidade beneficiam apenas uma \u00ednfima e desprez\u00edvel percentagem da popula\u00e7\u00e3o. S\u00e3o abomina\u00e7\u00f5es que \u201cmandam matar a pr\u00f3pria m\u00e3e (a Terra) como condi\u00e7\u00e3o para se poder ir ao bailinho dos \u00f3rf\u00e3os\u201d.<br \/>\n<\/br><br \/>\nAssim, nesta \u00e9poca, a posi\u00e7\u00e3o que o ser humano, o indiv\u00edduo, a pessoa f\u00edsica deveria ter no mundo passa a ser usurpada, canalhesca e usurariamente por corpora\u00e7\u00f5es, empresas, ou \u201cpessoas\u201d jur\u00eddicas.<br \/>\n<\/br><br \/>\nO indiv\u00edduo, por mais falaciosamente valorizado que seja, por mais aduladoramente bajulado, por mais falsamente \u201ccapacitado\u201d, na realidade, n\u00e3o vale absolutamente nada e \u00e9 desqualificado, zerado, passando a ser bem menos que o lixo recicl\u00e1vel que produz.<br \/>\n<\/br><br \/>\nAo inv\u00e9s de humanismo, corporativismo -materializa\u00e7\u00e3o da subst\u00e2ncia preconizada pelo velho sonho nazifascista.<br \/>\n<\/br><br \/>\nAo inv\u00e9s de se colocar o homem como centro do universo (aspira\u00e7\u00e3o do Renascimento),  releg\u00e1-lo \u00e0 mera periferia da hist\u00f3ria, alien\u00e1-lo exterminando-lhe os valores, reduzi-lo ao nada e, enfim, anul\u00e1-lo, simulando que o espectro imaterial e intang\u00edvel da corpora\u00e7\u00e3o, da \u201csociedade an\u00f4nima\u201d tenha vida.<br \/>\n<\/br><br \/>\n\u00c9 justamente apelando-se para um pretenso individualismo exacerbado que (ao contr\u00e1rio de valorizar a autonomia e iniciativa individuais) acaba-se descartando completamente o indiv\u00edduo. \u00c9 apalpando-se descarada e incessantemente o ego, disseminando-se o ego\u00edsmo e o egocentrismo mais virulentos, que (ao contr\u00e1rio de se gerar mais autenticidade, e originalidade), cria-se a sociedade mais despersonalizada e homog\u00eanea, o sistema-matrix mais cegante e abjeto. \u00c9 bolinando a supervalorizada capacidade de \u201cfazer a diferen\u00e7a\u201d (ao contr\u00e1rio de sensibilizar e entusiasmar), que mais se promove o t\u00e9dio, a indiferen\u00e7a, a apatia, a passividade.<br \/>\n<\/br><\/p>\n<p>Assim, no mais descarado dos egocentrismos falaciosos, as \u201cpessoas\u201d jur\u00eddicas negam o livre arb\u00edtrio das pessoas f\u00edsicas, exterminando-as metaf\u00f3rica e literalmente.<br \/>\n<\/br><br \/>\nPode haver exemplo mais contundente disso do que a guerra contra os genes, contra as sementes, contra as esp\u00e9cies, contra a vida, contra o uni-multi-verso?<br \/>\n<\/br><br \/>\nPatentear e tornar as sementes est\u00e9reis n\u00e3o \u00e9 apenas um crime contra a humanidade. \u00c9 um crime contra  todas as esp\u00e9cies, um crime contra a vida, um crime contra a natureza, um crime contra o uni-m\u00faltiplo-verso.<br \/>\n<\/br><br \/>\nPor isso \u00e9 um deleite purificador quando vemos   pessoas \u201cf\u00edsicas\u201d demonstrarem querer se reapropriar de sua liberdade e da liberdade da vida como um todo, em todas as suas dimens\u00f5es. Essas pessoas n\u00e3o se manifestaram apenas contra uma empresa. Mas contra aqueles que querem<br \/>\n<\/br><br \/>\nsubstituir a GRA\u00c7A DA CRIA\u00c7\u00c3O, da liberdade, da inclus\u00e3o pela DESGRA\u00c7A das v\u00e1rias IMPOSTURAS, do controle opressivo, da exclus\u00e3o.<br \/>\n<\/br><br \/>\nImpostura da ditadura pseudocient\u00edfica \u2013 de uma ci\u00eancia que virou religi\u00e3o da embroma\u00e7\u00e3o manipulada e monopolizada pelas corpora\u00e7\u00f5es; impostura tecnol\u00f3gica \u2013 que requer a despossess\u00e3o e a ren\u00fancia dos saberes acumulados e dos valores culturais humanos, em nome de uma efici\u00eancia falaciosa que s\u00f3 o dom\u00ednio total de uma matriz de aut\u00f4mato poderia obter; e impostura \u201cdos mercados\u201d, ainda outra abstra\u00e7\u00e3o letal, que degenerou o sentido primordial de economia, \u201cnormas de gest\u00e3o da casa\u201d (oikos = casa, nomos = lei, norma, em grego) para \u201cgolpes, ciladas e estratagemas para fazer prevalecer a qualquer custo a ambi\u00e7\u00e3o, a cobi\u00e7a, a gan\u00e2ncia, a especula\u00e7\u00e3o e a usura\u201d.<br \/>\n<\/br><br \/>\n<a href=\"http:\/\/imediata.org\/wp-content\/uploads\/2013\/05\/March-against-Monsanto-banish-Monsatan-6001.jpg\"><img loading=\"lazy\" decoding=\"async\" src=\"http:\/\/imediata.org\/wp-content\/uploads\/2013\/05\/March-against-Monsanto-banish-Monsatan-6001.jpg\" alt=\"\" title=\"March-against-Monsanto-banish-Monsatan-600\" width=\"600\" height=\"340\" class=\"alignright size-full wp-image-3831\" srcset=\"https:\/\/imediata.org\/wp-content\/uploads\/2013\/05\/March-against-Monsanto-banish-Monsatan-6001.jpg 600w, https:\/\/imediata.org\/wp-content\/uploads\/2013\/05\/March-against-Monsanto-banish-Monsatan-6001-300x170.jpg 300w\" sizes=\"auto, (max-width: 600px) 100vw, 600px\" \/><\/a><br \/>\n<\/br><br \/>\nEssa substitui\u00e7\u00e3o da \u201cgra\u00e7a da cria\u00e7\u00e3o\u201d, pela \u201cdesgra\u00e7a da impostura\u201d, a que muitos chamam  \u201cbrincar de Deus\u201d (seja l\u00e1 o que entendamos por Deus: o tudo, o nada, a natureza, o mist\u00e9rio, o acaso, a ess\u00eancia, a for\u00e7a criativa do universo, etc\u2026), al\u00e9m de aniquilar a pessoa f\u00edsica para simular vida na pessoa jur\u00eddica e alimentar a \u201cbesta\u201d pela transfus\u00e3o de energias humanas e naturais em geral, envolve o esfor\u00e7o de nos seduzir para melhor nos consumir (como na f\u00e1bula do Chapeuzinho Vermelho), reduzindo-nos \u00e0 desola\u00e7\u00e3o mais completa, e envolve fazer prevalecer a  cleptocr\u00e1tica e abomin\u00e1vel pretens\u00e3o de se substituir \u00e0 for\u00e7a criativa e criadora. De outorgar-se o direito de tomar o seu lugar. O que \u00e9, desde sempre, a grande ambi\u00e7\u00e3o do Mal. A grande fraude dos malevolentes, mals\u00e3os e malfazejos. Assim como \u00e9 praticada, entre outros, pelos mal\u00e9volos e mal\u00e9ficos mon-sa(tan)t\u00edferos.<br \/>\n<\/br><br \/>\nA vida \u2013 em nenhum de seus \u00e2mbitos ou latitudes \u2013 lhe pertence!<\/strong><br \/>\n<\/br><br \/>\n<strong>Para artigos, fotos e v\u00eddeos da Marcha Mundial Contra a Monsanto:<\/strong><br \/>\n<\/br><br \/>\n<a href=\"http:\/\/rt.com\/news\/monsanto-gmo-protests-world-721\/\">http:\/\/rt.com\/news\/monsanto-gmo-protests-world-721\/<\/a><br \/>\n<\/br><br \/>\n<a href=\"http:\/\/rt.com\/news\/march-against-monsanto-gmo-776\/\">http:\/\/rt.com\/news\/march-against-monsanto-gmo-776\/<\/a><br \/>\n<\/br><br \/>\n<a href=\"http:\/\/rt.com\/usa\/monsanto-gmo-us-protest-797\/\">http:\/\/rt.com\/usa\/monsanto-gmo-us-protest-797\/<\/a><br \/>\n<\/br><br \/>\n<a href=\"http:\/\/rt.com\/op-edge\/monsato-manipulation-food-chain-799\/\">http:\/\/rt.com\/op-edge\/monsato-manipulation-food-chain-799\/<\/a><br \/>\n<\/br><br \/>\n<a href=\"http:\/\/www.washingtonpost.com\/lifestyle\/food\/protesters-to-march-against-monsanto-across-us-around-globe-in-collective-anti-gmo-rally\/2013\/05\/25\/49479264-c556-11e2-9642-a56177f1cdf7_story.html\">http:\/\/www.washingtonpost.com\/lifestyle\/food\/protesters-to-march-against-monsanto-across-us-around-globe-in-collective-anti-gmo-rally\/2013\/05\/25\/49479264-c556-11e2-9642-a56177f1cdf7_story.html<\/a><br \/>\n<\/br><br \/>\n<a href=\"http:\/\/www.commondreams.org\/headline\/2013\/05\/25-2\">http:\/\/www.commondreams.org\/headline\/2013\/05\/25-2<\/a><br \/>\n<\/br><br \/>\n<a href=\"http:\/\/www.naturalnews.com\/040483_March_Against_Monsanto_rally_photos.html\">http:\/\/www.naturalnews.com\/040483_March_Against_Monsanto_rally_photos.html<\/a><br \/>\n<\/br><br \/>\n<a href=\"http:\/\/www.naturalnews.com\/040484_Facebook_censorship_children_Monsanto_rally.html\">http:\/\/www.naturalnews.com\/040484_Facebook_censorship_children_Monsanto_rally.html<\/a><br \/>\n<\/br><br \/>\n<a href=\"http:\/\/truth-out.org\/opinion\/item\/16516-the-growing-global-challenge-to-monsantos-monopolistic-greed\">http:\/\/truth-out.org\/opinion\/item\/16516-the-growing-global-challenge-to-monsantos-monopolistic-greed<\/a><\/p>\n<p><\/br><\/p>\n<p><strong>&#8216;Monsanto is all-in-one horseman of GMO Apocalypse&#8217;<\/strong><br \/>\nhttp:\/\/youtu.be\/wWAB1K4lOsw<\/p>\n<p><\/br><br \/>\n<strong>Vandana Shiva &#8211; The Future of Food and Seed<\/strong><br \/>\n<iframe loading=\"lazy\" title=\"Vandana Shiva - The Future of Food and Seed\" width=\"640\" height=\"480\" src=\"https:\/\/www.youtube.com\/embed\/yYwOTLopWIw?feature=oembed\" frameborder=\"0\" allow=\"accelerometer; autoplay; clipboard-write; encrypted-media; gyroscope; picture-in-picture; web-share\" referrerpolicy=\"strict-origin-when-cross-origin\" allowfullscreen><\/iframe><\/p>\n","protected":false},"excerpt":{"rendered":"<p>Reagindo \u00e0 crise terminal antrop\u00f3foba do dia \u2013 N\u00e3o aos organismos geneticamente ESCRAVIZADOS Por: Mario S. Mieli, 26 de maio de 2013 Foram mais de 2 milh\u00f5es de pessoas em 436 cidades de 52 pa\u00edses diferentes que sa\u00edram \u00e0s ruas de todo o planeta para demonstrar que se op\u00f5em ao crime de patentear a vida, [&hellip;]<\/p>\n","protected":false},"author":1,"featured_media":0,"comment_status":"open","ping_status":"open","sticky":false,"template":"","format":"standard","meta":{"footnotes":""},"categories":[5,81,9],"tags":[2159,2191,95,635,1668,2193],"class_list":["post-3827","post","type-post","status-publish","format-standard","hentry","category-biodiversidade-imediata","category-imediartivismo","category-lance-de-dados","tag-escravidao-genetica","tag-marcha-mundial-contra-a-monsanto","tag-mario-s-mieli","tag-monsanto","tag-ogms","tag-organismos-geneticamente-escravizados"],"_links":{"self":[{"href":"https:\/\/imediata.org\/index.php?rest_route=\/wp\/v2\/posts\/3827","targetHints":{"allow":["GET"]}}],"collection":[{"href":"https:\/\/imediata.org\/index.php?rest_route=\/wp\/v2\/posts"}],"about":[{"href":"https:\/\/imediata.org\/index.php?rest_route=\/wp\/v2\/types\/post"}],"author":[{"embeddable":true,"href":"https:\/\/imediata.org\/index.php?rest_route=\/wp\/v2\/users\/1"}],"replies":[{"embeddable":true,"href":"https:\/\/imediata.org\/index.php?rest_route=%2Fwp%2Fv2%2Fcomments&post=3827"}],"version-history":[{"count":2,"href":"https:\/\/imediata.org\/index.php?rest_route=\/wp\/v2\/posts\/3827\/revisions"}],"predecessor-version":[{"id":3833,"href":"https:\/\/imediata.org\/index.php?rest_route=\/wp\/v2\/posts\/3827\/revisions\/3833"}],"wp:attachment":[{"href":"https:\/\/imediata.org\/index.php?rest_route=%2Fwp%2Fv2%2Fmedia&parent=3827"}],"wp:term":[{"taxonomy":"category","embeddable":true,"href":"https:\/\/imediata.org\/index.php?rest_route=%2Fwp%2Fv2%2Fcategories&post=3827"},{"taxonomy":"post_tag","embeddable":true,"href":"https:\/\/imediata.org\/index.php?rest_route=%2Fwp%2Fv2%2Ftags&post=3827"}],"curies":[{"name":"wp","href":"https:\/\/api.w.org\/{rel}","templated":true}]}}