{"id":3821,"date":"2013-05-25T04:08:29","date_gmt":"2013-05-25T04:08:29","guid":{"rendered":"http:\/\/imediata.org\/?p=3821"},"modified":"2013-05-25T04:08:29","modified_gmt":"2013-05-25T04:08:29","slug":"espelho-meu-tem-uma-corporation-mais-perversa-escrota-e-malefica-do-que-eu-marcha-mundial-contra-a-monsanto-25-de-maio-de-2013","status":"publish","type":"post","link":"https:\/\/imediata.org\/?p=3821","title":{"rendered":">> Espelho meu, tem uma &#8216;corporation&#8217; mais perversa, escrota e mal\u00e9fica do que eu? Marcha Mundial Contra a Monsanto 25 de maio de 2013"},"content":{"rendered":"<p><\/br><br \/>\nEspelho meu, tem uma &#8216;corporation&#8217; mais perversa, escrota e mal\u00e9fica do que eu? Marcha Mundial Contra a Monsanto 25 de maio de 2013<br \/>\n<\/br><br \/>\n<a href=\"http:\/\/imediata.org\/wp-content\/uploads\/2013\/05\/922912_500318656684585_2066876811_n.jpg\"><img loading=\"lazy\" decoding=\"async\" src=\"http:\/\/imediata.org\/wp-content\/uploads\/2013\/05\/922912_500318656684585_2066876811_n.jpg\" alt=\"\" title=\"922912_500318656684585_2066876811_n\" width=\"284\" height=\"400\" class=\"alignright size-full wp-image-3822\" srcset=\"https:\/\/imediata.org\/wp-content\/uploads\/2013\/05\/922912_500318656684585_2066876811_n.jpg 284w, https:\/\/imediata.org\/wp-content\/uploads\/2013\/05\/922912_500318656684585_2066876811_n-213x300.jpg 213w\" sizes=\"auto, (max-width: 284px) 100vw, 284px\" \/><\/a><br \/>\n<\/br><br \/>\n<a href=\"http:\/\/imediata.org\/wp-content\/uploads\/2013\/05\/946659_596355013716356_1069360330_n.jpg\"><img loading=\"lazy\" decoding=\"async\" src=\"http:\/\/imediata.org\/wp-content\/uploads\/2013\/05\/946659_596355013716356_1069360330_n.jpg\" alt=\"\" title=\"946659_596355013716356_1069360330_n\" width=\"320\" height=\"214\" class=\"alignright size-full wp-image-3824\" srcset=\"https:\/\/imediata.org\/wp-content\/uploads\/2013\/05\/946659_596355013716356_1069360330_n.jpg 320w, https:\/\/imediata.org\/wp-content\/uploads\/2013\/05\/946659_596355013716356_1069360330_n-300x200.jpg 300w\" sizes=\"auto, (max-width: 320px) 100vw, 320px\" \/><\/a><br \/>\n<\/br><br \/>\n<strong>Site official da Marcha Mundial contra a Monsanto, com v\u00e1rias op\u00e7\u00f5es de idiomas:<\/strong><br \/>\n<a href=\"http:\/\/www.march-against-monsanto.com\/\">http:\/\/www.march-against-monsanto.com\/<\/a><br \/>\n<\/br><br \/>\n<strong>Lista de eventos por pa\u00eds no mundo todo (no Brasil, em S\u00e3o Paulo e Porto Alegre)<\/strong><br \/>\n<a href=\"http:\/\/www.march-against-monsanto.com\/p\/blog-page.html\">http:\/\/www.march-against-monsanto.com\/p\/blog-page.html<\/a><br \/>\n<\/br><br \/>\n<strong>Site de conex\u00e3o midi\u00e1tica, com grande n\u00famero de artigos, videos e material visual:<\/strong><br \/>\n<a href=\"http:\/\/theanti-media.org\/\">http:\/\/theanti-media.org\/<\/a><br \/>\n<\/br><br \/>\n<strong>Importante estudo dispon\u00edvel gratuitamente em ingl\u00eas, sobre os mitos e as verdades dos organismos geneticamente modificados. O estudo foi conduzido por Michael Antoniou, Claire Robinson e John Fagan, e \u00e9 titulado \u201cOGMs: Mitos e Verdades\u201d: <\/strong><br \/>\n<a href=\"http:\/\/www.nongmoproject.org\/wp-content\/uploads\/2010\/08\/GMO_Myths_and_Truths_1.31.pdf\">http:\/\/www.nongmoproject.org\/wp-content\/uploads\/2010\/08\/GMO_Myths_and_Truths_1.31.pdf<\/a><br \/>\n<\/br><br \/>\n<strong>SEGUIR O EXEMPLO DA HUNGRIA:<\/strong> <a href=\"http:\/\/portugalmundial.com\/2013\/05\/hungria-destroi-todas-as-plantacoes-da-monsanto\/\">http:\/\/portugalmundial.com\/2013\/05\/hungria-destroi-todas-as-plantacoes-da-monsanto\/<\/a><br \/>\n<\/br><\/p>\n<p><\/br><br \/>\n<strong>O Mundo Segundo A Monsanto, de Marie-Monique Robin (com legendas em portugu\u00eas)<\/strong><br \/>\nhttp:\/\/youtu.be\/D6-YkHO3kPY<\/p>\n<p><\/br><br \/>\n<strong>O Mundo Segundo A Monsanto, de Marie-Monique Robin (dublado em portugu\u00eas-Brasil)<\/strong><br \/>\n<iframe loading=\"lazy\" title=\"O Mundo Segundo A Monsanto (Dublado Portugues Brasil)\" width=\"640\" height=\"360\" src=\"https:\/\/www.youtube.com\/embed\/gE_yIfkR88M?feature=oembed\" frameborder=\"0\" allow=\"accelerometer; autoplay; clipboard-write; encrypted-media; gyroscope; picture-in-picture; web-share\" referrerpolicy=\"strict-origin-when-cross-origin\" allowfullscreen><\/iframe><br \/>\n<\/br><br \/>\n<strong>Vandana Shiva on Bowman v. Monsanto: This Case Is About Every Farmer, Person and Seed in the World<\/strong><br \/>\n<iframe loading=\"lazy\" title=\"Vandana Shiva on Bowman v. Monsanto: This Case Is About Every Farmer, Person and Seed in the World\" width=\"640\" height=\"360\" src=\"https:\/\/www.youtube.com\/embed\/wdPBLQifcz8?feature=oembed\" frameborder=\"0\" allow=\"accelerometer; autoplay; clipboard-write; encrypted-media; gyroscope; picture-in-picture; web-share\" referrerpolicy=\"strict-origin-when-cross-origin\" allowfullscreen><\/iframe><br \/>\n<\/br><br \/>\n<strong>Grassroots Rising: The People&#8217;s Movement Against Monsanto \u2013 Fonte: GlobalResearchTV<\/strong><br \/>\n<iframe loading=\"lazy\" title=\"Grassroots Rising: The People&#039;s Movement Against Monsanto\" width=\"640\" height=\"360\" src=\"https:\/\/www.youtube.com\/embed\/ZD7cQ7YsP4E?feature=oembed\" frameborder=\"0\" allow=\"accelerometer; autoplay; clipboard-write; encrypted-media; gyroscope; picture-in-picture; web-share\" referrerpolicy=\"strict-origin-when-cross-origin\" allowfullscreen><\/iframe><br \/>\n<\/br><br \/>\n<strong>EXPLOSIVE VIDEO: The RISE Against Monsanto &#8211; GLOBAL MARCH MAY 25TH<\/strong><br \/>\nhttp:\/\/youtu.be\/3XN_81YLSUE<br \/>\n<\/br><br \/>\n<a href=\"http:\/\/imediata.org\/wp-content\/uploads\/2013\/05\/936877_601678293184028_1580945203_n.jpg\"><img loading=\"lazy\" decoding=\"async\" src=\"http:\/\/imediata.org\/wp-content\/uploads\/2013\/05\/936877_601678293184028_1580945203_n.jpg\" alt=\"\" title=\"936877_601678293184028_1580945203_n\" width=\"320\" height=\"220\" class=\"alignright size-full wp-image-3825\" srcset=\"https:\/\/imediata.org\/wp-content\/uploads\/2013\/05\/936877_601678293184028_1580945203_n.jpg 320w, https:\/\/imediata.org\/wp-content\/uploads\/2013\/05\/936877_601678293184028_1580945203_n-300x206.jpg 300w\" sizes=\"auto, (max-width: 320px) 100vw, 320px\" \/><\/a><\/p>\n","protected":false},"excerpt":{"rendered":"<p>Espelho meu, tem uma &#8216;corporation&#8217; mais perversa, escrota e mal\u00e9fica do que eu? Marcha Mundial Contra a Monsanto 25 de maio de 2013 Site official da Marcha Mundial contra a Monsanto, com v\u00e1rias op\u00e7\u00f5es de idiomas: http:\/\/www.march-against-monsanto.com\/ Lista de eventos por pa\u00eds no mundo todo (no Brasil, em S\u00e3o Paulo e Porto Alegre) http:\/\/www.march-against-monsanto.com\/p\/blog-page.html Site [&hellip;]<\/p>\n","protected":false},"author":1,"featured_media":0,"comment_status":"open","ping_status":"open","sticky":false,"template":"","format":"standard","meta":{"footnotes":""},"categories":[4,8,92,5,81,9,86,78],"tags":[2191,635,2192,1668,174],"class_list":["post-3821","post","type-post","status-publish","format-standard","hentry","category-al-manakh","category-anarcom","category-apoio_tecnologico","category-biodiversidade-imediata","category-imediartivismo","category-lance-de-dados","category-meio_ambiente","category-ovideo","tag-marcha-mundial-contra-a-monsanto","tag-monsanto","tag-o-mundo-segundo-a-monsanto-de-marie-monique-robin","tag-ogms","tag-vandana-shiva"],"_links":{"self":[{"href":"https:\/\/imediata.org\/index.php?rest_route=\/wp\/v2\/posts\/3821","targetHints":{"allow":["GET"]}}],"collection":[{"href":"https:\/\/imediata.org\/index.php?rest_route=\/wp\/v2\/posts"}],"about":[{"href":"https:\/\/imediata.org\/index.php?rest_route=\/wp\/v2\/types\/post"}],"author":[{"embeddable":true,"href":"https:\/\/imediata.org\/index.php?rest_route=\/wp\/v2\/users\/1"}],"replies":[{"embeddable":true,"href":"https:\/\/imediata.org\/index.php?rest_route=%2Fwp%2Fv2%2Fcomments&post=3821"}],"version-history":[{"count":1,"href":"https:\/\/imediata.org\/index.php?rest_route=\/wp\/v2\/posts\/3821\/revisions"}],"predecessor-version":[{"id":3826,"href":"https:\/\/imediata.org\/index.php?rest_route=\/wp\/v2\/posts\/3821\/revisions\/3826"}],"wp:attachment":[{"href":"https:\/\/imediata.org\/index.php?rest_route=%2Fwp%2Fv2%2Fmedia&parent=3821"}],"wp:term":[{"taxonomy":"category","embeddable":true,"href":"https:\/\/imediata.org\/index.php?rest_route=%2Fwp%2Fv2%2Fcategories&post=3821"},{"taxonomy":"post_tag","embeddable":true,"href":"https:\/\/imediata.org\/index.php?rest_route=%2Fwp%2Fv2%2Ftags&post=3821"}],"curies":[{"name":"wp","href":"https:\/\/api.w.org\/{rel}","templated":true}]}}