{"id":3815,"date":"2013-05-24T22:19:43","date_gmt":"2013-05-24T22:19:43","guid":{"rendered":"http:\/\/imediata.org\/?p=3815"},"modified":"2013-05-24T22:27:09","modified_gmt":"2013-05-24T22:27:09","slug":"mais-um-adeus-a-um-humanista-sonhador-georges-moustaki","status":"publish","type":"post","link":"https:\/\/imediata.org\/?p=3815","title":{"rendered":">> Mais um adeus a um humanista sonhador: Georges Moustaki"},"content":{"rendered":"<p><\/br><br \/>\n<strong>Mais um adeus a um humanista sonhador: Georges Moustaki<br \/>\n<\/br><br \/>\nOntem, 23 de maio de 2013, aos 79 anos, em Nice, faleceu o poeta\/cantor\/compositor grego-\u00edtalo-franc\u00eas-eg\u00edpcio-judeu Georges Moustaki.<br \/>\n<\/br><br \/>\nNascido em Alexandria, no Egito, de m\u00e3e judia, Giuseppe\/Yussef Mustacchi incorporou a s\u00edntese do lado bom e melhor de v\u00e1rias das culturas do Mediterr\u00e2neo ancestral, ao qual n\u00e3o se est\u00e1 permitindo cumprir seu destino humanista. Fica seu olhar contemplativo de calmo estupor e abertura diante da vida, sua atitude humanista, sua eleg\u00e2ncia e distin\u00e7\u00e3o, seu desprendimento ou &#8220;pregui\u00e7a&#8221;, como gostava de dizer, seu distanciamento das macaquices comerciais em prol da reflex\u00e3o, do engajamento, da beleza e da poesia, que nos deixou de heran\u00e7a atrav\u00e9s de centenas ou milhares de can\u00e7\u00f5es-poemas. Aqui, uma pequena amostra de algumas delas.<br \/>\n<\/br><br \/>\nMorreu um humanista sonhador<\/strong><br \/>\n<iframe loading=\"lazy\" title=\"Morreu um humanista sonhador\" width=\"640\" height=\"360\" src=\"https:\/\/www.youtube.com\/embed\/vglQPSL7wns?feature=oembed\" frameborder=\"0\" allow=\"accelerometer; autoplay; clipboard-write; encrypted-media; gyroscope; picture-in-picture; web-share\" referrerpolicy=\"strict-origin-when-cross-origin\" allowfullscreen><\/iframe><br \/>\n<\/br><br \/>\nGeorges Moustaki-La carte du tendre<br \/>\nhttp:\/\/youtu.be\/L4l_Lg0PRkA<br \/>\n<\/br><br \/>\nGeorges Moustaki in Lo straniero<br \/>\n<iframe loading=\"lazy\" title=\"Georges Moustaki in Lo straniero\" width=\"640\" height=\"480\" src=\"https:\/\/www.youtube.com\/embed\/4iWkBXav46I?feature=oembed\" frameborder=\"0\" allow=\"accelerometer; autoplay; clipboard-write; encrypted-media; gyroscope; picture-in-picture; web-share\" referrerpolicy=\"strict-origin-when-cross-origin\" allowfullscreen><\/iframe><br \/>\n<\/br><br \/>\nMa solitude<br \/>\n<iframe loading=\"lazy\" title=\"Ma solitude\" width=\"640\" height=\"480\" src=\"https:\/\/www.youtube.com\/embed\/H7EQ0-MDlR0?feature=oembed\" frameborder=\"0\" allow=\"accelerometer; autoplay; clipboard-write; encrypted-media; gyroscope; picture-in-picture; web-share\" referrerpolicy=\"strict-origin-when-cross-origin\" allowfullscreen><\/iframe><br \/>\n<\/br><br \/>\nGeorges Moustaki Il est trop tard<br \/>\nhttp:\/\/youtu.be\/1LkmvFo4i5s<br \/>\n<\/br><br \/>\nGeorge Moustaki &#8211; Ma Libert\u00e9<br \/>\n<iframe loading=\"lazy\" title=\"George Moustaki - Ma Libert\u00e9\" width=\"640\" height=\"480\" src=\"https:\/\/www.youtube.com\/embed\/G4TBlPc18SM?feature=oembed\" frameborder=\"0\" allow=\"accelerometer; autoplay; clipboard-write; encrypted-media; gyroscope; picture-in-picture; web-share\" referrerpolicy=\"strict-origin-when-cross-origin\" allowfullscreen><\/iframe><br \/>\n<\/br><br \/>\nLa marche de Sacco y Vanzetti &#8211; George Moustaki<br \/>\n<iframe loading=\"lazy\" title=\"Le marche de Sacco et Vanzetti - George Moustaki\" width=\"640\" height=\"480\" src=\"https:\/\/www.youtube.com\/embed\/s-1Gi8ocgmc?feature=oembed\" frameborder=\"0\" allow=\"accelerometer; autoplay; clipboard-write; encrypted-media; gyroscope; picture-in-picture; web-share\" referrerpolicy=\"strict-origin-when-cross-origin\" allowfullscreen><\/iframe><br \/>\n<\/br><br \/>\nGeorges Moustaki &#8211; Les amis<br \/>\n<iframe loading=\"lazy\" title=\"Georges Moustaki - Les amis\" width=\"640\" height=\"360\" src=\"https:\/\/www.youtube.com\/embed\/tdythKme8DI?feature=oembed\" frameborder=\"0\" allow=\"accelerometer; autoplay; clipboard-write; encrypted-media; gyroscope; picture-in-picture; web-share\" referrerpolicy=\"strict-origin-when-cross-origin\" allowfullscreen><\/iframe><br \/>\n<\/br><br \/>\nL&#8217;HOMME AU COEUR BLESS\u00c9 &#8211; GEORGE MOUSTAKI<br \/>\nhttp:\/\/youtu.be\/JVshPEGIxHs<br \/>\n<\/br><br \/>\nMOUSTAKI Les eaux de mars (de Tom Jobim)<br \/>\nhttp:\/\/youtu.be\/cx0mdhK1ZYQ<br \/>\n<\/br><br \/>\nLes M\u00e8res Juives &#8211; Georges Moustaki &#8211; Legendas em portugues<br \/>\nhttp:\/\/youtu.be\/UPDwDb5pyuY<br \/>\n<\/br><br \/>\nGeorge Dalaras- Georges Moustaki: En M\u00e9diterran\u00e9e \u2013<br \/>\n<iframe loading=\"lazy\" title=\"George Dalaras- Georges Moustaki: En M\u00e9diterran\u00e9e -?????????\" width=\"640\" height=\"360\" src=\"https:\/\/www.youtube.com\/embed\/6atanozd-c0?feature=oembed\" frameborder=\"0\" allow=\"accelerometer; autoplay; clipboard-write; encrypted-media; gyroscope; picture-in-picture; web-share\" referrerpolicy=\"strict-origin-when-cross-origin\" allowfullscreen><\/iframe><\/p>\n","protected":false},"excerpt":{"rendered":"<p>Mais um adeus a um humanista sonhador: Georges Moustaki Ontem, 23 de maio de 2013, aos 79 anos, em Nice, faleceu o poeta\/cantor\/compositor grego-\u00edtalo-franc\u00eas-eg\u00edpcio-judeu Georges Moustaki. Nascido em Alexandria, no Egito, de m\u00e3e judia, Giuseppe\/Yussef Mustacchi incorporou a s\u00edntese do lado bom e melhor de v\u00e1rias das culturas do Mediterr\u00e2neo ancestral, ao qual n\u00e3o se [&hellip;]<\/p>\n","protected":false},"author":1,"featured_media":0,"comment_status":"open","ping_status":"open","sticky":false,"template":"","format":"standard","meta":{"footnotes":""},"categories":[4,1],"tags":[265],"class_list":["post-3815","post","type-post","status-publish","format-standard","hentry","category-al-manakh","category-uncategorized","tag-georges-moustaki"],"_links":{"self":[{"href":"https:\/\/imediata.org\/index.php?rest_route=\/wp\/v2\/posts\/3815","targetHints":{"allow":["GET"]}}],"collection":[{"href":"https:\/\/imediata.org\/index.php?rest_route=\/wp\/v2\/posts"}],"about":[{"href":"https:\/\/imediata.org\/index.php?rest_route=\/wp\/v2\/types\/post"}],"author":[{"embeddable":true,"href":"https:\/\/imediata.org\/index.php?rest_route=\/wp\/v2\/users\/1"}],"replies":[{"embeddable":true,"href":"https:\/\/imediata.org\/index.php?rest_route=%2Fwp%2Fv2%2Fcomments&post=3815"}],"version-history":[{"count":5,"href":"https:\/\/imediata.org\/index.php?rest_route=\/wp\/v2\/posts\/3815\/revisions"}],"predecessor-version":[{"id":3820,"href":"https:\/\/imediata.org\/index.php?rest_route=\/wp\/v2\/posts\/3815\/revisions\/3820"}],"wp:attachment":[{"href":"https:\/\/imediata.org\/index.php?rest_route=%2Fwp%2Fv2%2Fmedia&parent=3815"}],"wp:term":[{"taxonomy":"category","embeddable":true,"href":"https:\/\/imediata.org\/index.php?rest_route=%2Fwp%2Fv2%2Fcategories&post=3815"},{"taxonomy":"post_tag","embeddable":true,"href":"https:\/\/imediata.org\/index.php?rest_route=%2Fwp%2Fv2%2Ftags&post=3815"}],"curies":[{"name":"wp","href":"https:\/\/api.w.org\/{rel}","templated":true}]}}