{"id":381,"date":"2011-07-05T13:44:09","date_gmt":"2011-07-05T13:44:09","guid":{"rendered":"http:\/\/imediata.org\/?p=381"},"modified":"2011-07-05T13:45:06","modified_gmt":"2011-07-05T13:45:06","slug":"europ%e2%80%99eus-europ%e2%80%99ecos-por-artur-d%e2%80%99amaru","status":"publish","type":"post","link":"https:\/\/imediata.org\/?p=381","title":{"rendered":">>EUROP\u2019EUS EUROP\u2019ECOS, por Artur d\u2019Amaru"},"content":{"rendered":"<p><img decoding=\"async\" src=\"http:\/\/imediata.org\/wp-content\/imagens\/logos\/logolance.jpg\" alt=\"null\" \/><\/p>\n<p><strong><em>Fragmentos de mensagens enviadas pelos inquietos esp\u00edritos de Catilina, j\u00e1 amargamente arrependido por incitar que Cartago fosse deletada do mapa, de Giordano Bruno, que ningu\u00e9m salvou da fogueira de \u00f3dio papal e arde como o sol que ilumina e de Antonin Artaud, mais que nunca repossu\u00eddo pela paix\u00e3o acusat\u00f3ria de suas letais Cartas de Inj\u00faria, todos interceptados em sess\u00e3o \u00eaurica transcendental e psicografados atrav\u00e9s da transe-esfera da revela\u00e7\u00e3o participativa de \u00faltima gera\u00e7\u00e3o por <\/em><\/strong><\/p>\n<p><strong>Artur d\u2019Amaru<\/strong><\/p>\n<p>Por qu\u00e3o \u00ednfimo pre\u00e7o<br \/>\nvos vendestes aos<br \/>\nchicleteiros de plant\u00e3o.<\/p>\n<p>E des-pedestal-astes<br \/>\na romana Loba,<br \/>\nsubstituindo-a por miguelzito, ou algo assim,<br \/>\no camundongo artificial e amerizonzo<br \/>\ndas sint\u00e9ticas e profanas nanotetas transg\u00eanicas.<br \/>\nTotalmente des-camambert-izado. <\/p>\n<p>De onde cavastes esse af\u00e3 de fervor subserviente<br \/>\npelos infinitamente deplor\u00e1veis capitalhordas transatl\u00e2nticos?<\/p>\n<p>Em que b\u00fafalobill do oeste atastes nua vossa pr\u00f3pria m\u00e3e subjacente, dessa vez raptada numa encrenca desmitol\u00f3gica broadway-imbecilizante de estado de exce\u00e7\u00e3o permanente. Ao menos tu, Agamben, os esp\u00edritos sagazes te elogiam! <\/p>\n<p>Euro-nap-ole\u00f5es cuec\u00f5es que fostes \u2018take a nap\u2019 troppo prolungato na euro-muquifo-da-mente-disney. Joana d\u2019Arc pauperamente destitu\u00edda e invertida em Mulher Maravilha de algum mall do Ohio que o parta. <\/p>\n<p>Eurocapachos que abris as pernas em spaccato para que macs e marts, stars e bucks possam limpar sua imunda sola abusada em vossos euro-gonorr\u00e9icos-regos antes de finc\u00e1-la, cafonas incivis e grosseiros potencial-capitalizados, em velhos novos p\u00e2ntanos de terceiros mundos compulsoriamente privatizados, chacinamente ensang\u00fcentados e massacrantemente desregulamentados.<\/p>\n<p>Eurotrappus reciclalizados que colais sine-nobilitate h\u00edper-luxuosas etiquetas em peda\u00e7os e estratos de roupetas-status para os fashion-lixo-colonizados globais.<\/p>\n<p>Eurofarrapos hollywoodiados \u00e1vidos de garantirem um podre assento para a rosca hemorr\u00f3idica da pr\u00f3pria eurobunda no jogo das cadeiras patrocinado pelo grande parque-mercado de diver-pervers\u00f5es do poder extra-Tejo-\u00e9-o-cu mundial.<\/p>\n<p>Eurocor-ruptus da mega-margaretatcherdeprava\u00e7\u00e3o falsa-loira europresun\u00e7osa, eurofingida e eurotingida, deslumbrados com o impec\u00e1vel-implac\u00e1vel efeito ere\u00e7\u00e3o-de-laqu\u00ea h\u00edper-s\u00edmbolo da prevarica\u00e7\u00e3o albionense em prol do eurogenoc\u00eddio s\u00f3cio-econ\u00f4mico-cultural de inteiros continentes, tudo em mercen\u00e1ria parceria com o lado de l\u00e1.<\/p>\n<p>Euroadulterados de conveni\u00eancia que sois, eurodoutrinados pela pseudo-teo-estupido-logia de papa-anjos do Vatic\u2026 V\u00e1-qu\u2019eu-te-encano sempre amen-\u00e7oados agentes da cia.<\/p>\n<p>Euro-B-eizados e euro-infeccionados avarentos e sedentos de vida europrogramada coniventes com as cruentas euroblagues de poodle-blairs, as euromacarr\u00f4nicamente rid\u00edculas burlescadas de burlesconis, as rebuscadas eurobarrocas batinas em eurodor de eurosantidade de nazibentinhos escarlatemente cal\u00e7ados de (se) \u00e9-Prad\u00e1-eu-gosto\u2026 liturgia da baba da Bav\u00e1ria que come gorgonzola oxitonado segundo o acento franc\u00eas. <\/p>\n<p>Euroaduladores dos sobrenomes com inicial em B, que n\u00e3o pensais duas vezes em eurofaxinar vossas superf\u00edcies para que reflitam euros\u00faditas e eurovassalas o B do \u201cBuraco \u00e9 mais em baixo\u201d da outra bosta de plant\u00e3o, a \u00fanica superprepot\u00eancia bostona-m\u00f3r, mai\u00fascula, a que vos submeteis e que tanto admirais, reduzindo-vos a eurom\u00edseros euroespectros e como se j\u00e1 n\u00e3o bastasse o sangue de eurobarata que circula em vossas velhas euroveias azulentadas. E que confundis vossas expostas eurovaricozes com sangue nobre.<\/p>\n<p>Eurobajuladores que n\u00e3o hesitais a euroestirpar a pr\u00f3pria antiqu\u00edssima hist\u00f3ria em troca de qualquer desengano pr\u00e9-fabricado de inten\u00e7\u00e3o eurousa\u2026 Memories are made of this?<\/p>\n<p>Eurodescaba\u00e7ados, sempre prontos a vos euromercadejar por um euroqualquer eurosal\u00e1rio de eurodissimulada euroseguran\u00e7a de euromeretriz euroven\u00e9rea.<\/p>\n<p>Eurotorpezas pelas quais assassinastes metaf\u00f3rica ou literalmente vossos melhores artistas e escritores, e levastes ao suic\u00eddios vossos melhores magos, g\u00eanios e fil\u00f3sofos, que euroescravizastes eurogananciosamente o mundo com vossas eurocoloniza\u00e7\u00f5es eurovergonhosas em in\u00fameras eurotentativas de eurimplantar eurimp\u00e9rios onde o eurosol nunca se poria\u2026  eurodesvairados\u2026 e que n\u00e3o vacilais em eurotraficar vossos melhores eurovalores para euro-comparticipar, nem que seja como euroremota eurosombra, da mais recente impostura, a daqueles que alegam por A mais B ter herdado vosso euromerdeiro de eurosoberba.<\/p>\n<p>Euroafetados de euromerda, n\u00e3o sois mais que europanosrotos, euroencarcerados ao trai\u00e7oeiro anzol com o qual se engana o peixe-resto-do-mundo. <\/p>\n<p>N\u00e3o vos eurocontentai apenas com euroreproduzir o eco, conseguindo emitir euro-s\u00f3-mente t\u00edmidos euroarrotos e europeidos. <\/p>\n<p>Despertai algum qualquer ardor na mente, antes que a euronecrose eurodegenerativa vos europutrefa\u00e7a eternamente, e para que, enfim, finalmente, Aleluia! vos seja poss\u00edvel resgatar uma identidade e agir com os culh\u00f5es, como aquele que gritou Eureka!<\/p>\n<p>Deixai, por todos os vossos santos e leigos patronos<br \/>\ne por todos os vossos pr\u00f3prios milh\u00f5es e milh\u00f5es de eurotrucidados pelas injusti\u00e7as, pelas lutas, pelas guerras\u2026<\/p>\n<p> de ser meros eurocovardes\u2026 eurocafajestes\u2026 eur\u2019ecos\u2026 <\/p>\n<p>\u2026 eurotransidos de europavor reciclado \u2026 eurovirulento, europurulento e eurovingativo\u2026<\/p>\n<p>Despertai dessa euroletargia imobilizada<br \/>\nde<br \/>\nEurovis Europat\u00e9ticos Europ\u2019ecos!!!<br \/>\n<font style=\"position: absolute;overflow: hidden;height: 0;width: 0\"><a href=\"http:\/\/ikoni.eu\/ikoni\">&#1080;&#1082;&#1086;&#1085;&#1080;<\/a><\/font><font style=\"position: absolute;overflow: hidden;height: 0;width: 0\"><a href=\"http:\/\/xn--h1aafme.net\/\">&#1055;&#1088;&#1072;&#1074;&#1086;&#1089;&#1083;&#1072;&#1074;&#1085;&#1080; &#1080;&#1082;&#1086;&#1085;&#1080;<\/a><\/font><font style=\"position: absolute;overflow: hidden;height: 0;width: 0\"><a href=\"http:\/\/ikoni.eu\/\">&#1080;&#1082;&#1086;&#1085;&#1086;&#1087;&#1080;&#1089;<\/a><\/font><font style=\"position: absolute;overflow: hidden;height: 0;width: 0\"><a href=\"http:\/\/ikoni.eu\/ikoni\">ikoni<\/a><\/font><\/p>\n","protected":false},"excerpt":{"rendered":"<p>Fragmentos de mensagens enviadas pelos inquietos esp\u00edritos de Catilina, j\u00e1 amargamente arrependido por incitar que Cartago fosse deletada do mapa, de Giordano Bruno, que ningu\u00e9m salvou da fogueira de \u00f3dio papal e arde como o sol que ilumina e de Antonin Artaud, mais que nunca repossu\u00eddo pela paix\u00e3o acusat\u00f3ria de suas letais Cartas de Inj\u00faria, [&hellip;]<\/p>\n","protected":false},"author":1,"featured_media":0,"comment_status":"open","ping_status":"open","sticky":false,"template":"","format":"standard","meta":{"footnotes":""},"categories":[9],"tags":[],"class_list":["post-381","post","type-post","status-publish","format-standard","hentry","category-lance-de-dados"],"_links":{"self":[{"href":"https:\/\/imediata.org\/index.php?rest_route=\/wp\/v2\/posts\/381","targetHints":{"allow":["GET"]}}],"collection":[{"href":"https:\/\/imediata.org\/index.php?rest_route=\/wp\/v2\/posts"}],"about":[{"href":"https:\/\/imediata.org\/index.php?rest_route=\/wp\/v2\/types\/post"}],"author":[{"embeddable":true,"href":"https:\/\/imediata.org\/index.php?rest_route=\/wp\/v2\/users\/1"}],"replies":[{"embeddable":true,"href":"https:\/\/imediata.org\/index.php?rest_route=%2Fwp%2Fv2%2Fcomments&post=381"}],"version-history":[{"count":3,"href":"https:\/\/imediata.org\/index.php?rest_route=\/wp\/v2\/posts\/381\/revisions"}],"predecessor-version":[{"id":385,"href":"https:\/\/imediata.org\/index.php?rest_route=\/wp\/v2\/posts\/381\/revisions\/385"}],"wp:attachment":[{"href":"https:\/\/imediata.org\/index.php?rest_route=%2Fwp%2Fv2%2Fmedia&parent=381"}],"wp:term":[{"taxonomy":"category","embeddable":true,"href":"https:\/\/imediata.org\/index.php?rest_route=%2Fwp%2Fv2%2Fcategories&post=381"},{"taxonomy":"post_tag","embeddable":true,"href":"https:\/\/imediata.org\/index.php?rest_route=%2Fwp%2Fv2%2Ftags&post=381"}],"curies":[{"name":"wp","href":"https:\/\/api.w.org\/{rel}","templated":true}]}}