{"id":3807,"date":"2013-05-24T20:27:46","date_gmt":"2013-05-24T20:27:46","guid":{"rendered":"http:\/\/imediata.org\/?p=3807"},"modified":"2013-05-24T20:46:21","modified_gmt":"2013-05-24T20:46:21","slug":"sejam-razoaveis-pecam-o-impossivel-adeus-a-don-andrea-gallo","status":"publish","type":"post","link":"https:\/\/imediata.org\/?p=3807","title":{"rendered":">> &#8220;Sejam razo\u00e1veis, pe\u00e7am o imposs\u00edvel&#8221; &#8211; adeus a Don Andrea Gallo"},"content":{"rendered":"<p><\/br><br \/>\n<strong>&#8220;Sejam razo\u00e1veis, pe\u00e7am o imposs\u00edvel&#8221; &#8211; adeus a Don Andrea Gallo<br \/>\n<\/br><br \/>\nPor: Mario S. Mieli, 23 de maio de 2013<\/strong><br \/>\n<\/br><br \/>\n<a href=\"http:\/\/imediata.org\/wp-content\/uploads\/2013\/05\/D.-Andrea-Gallo.jpg\"><img loading=\"lazy\" decoding=\"async\" src=\"http:\/\/imediata.org\/wp-content\/uploads\/2013\/05\/D.-Andrea-Gallo.jpg\" alt=\"\" title=\"D. Andrea Gallo\" width=\"259\" height=\"194\" class=\"alignright size-full wp-image-3808\" \/><\/a><br \/>\n<\/br><br \/>\n<strong>\u00c9 com muita emo\u00e7\u00e3o que relatamos a incr\u00edvel coincid\u00eancia ocorrida ontem&#8230;<br \/>\n<\/br><br \/>\nExatamente enquanto post\u00e1vamos o primeiro <a href=\"http:\/\/imediata.org\/?p=3799\">&#8220;Arrega\u00e7ando as Mangas&#8221; neste site, com o sub-t\u00edtulo &#8220;Espiritualismo Dial\u00e9tico&#8221;<\/a>, ilustrado com a grande for\u00e7a de vontade e poder inspirat\u00f3rio de Don Andrea Gallo, atrav\u00e9s de dois curtos v\u00eddeos que o retratam: no primeiro, ele cantando Bella Ciao com seus p\u00e1rocos e no segundo, entoando El Pueblo Unido, ap\u00f3s missa em mem\u00f3ria a Hugo Ch\u00e1vez com a comunidade venezuelana de G\u00eanova, \u2013 ele estava falecendo.<br \/>\n<\/br><br \/>\nDon Gallo, que viveu no Brasil nos anos 50 e falava bem o portugu\u00eas, n\u00e3o era muito conhecido fora de G\u00eanova e da It\u00e1lia, e muitos passaram a saber dele atrav\u00e9s dos cantores e compositores Fabrizio de Andr\u00e8 e Gino Paoli, dois grandes da m\u00fasica contempor\u00e2nea italiana (tamb\u00e9m pouco conhecidos no Brasil). Era ele um incans\u00e1vel pol\u00eamico e &#8220;guastafeste&#8221; (estraga-festas), no bom e melhor sentido que essa express\u00e3o tem. Aquele INCLUSIVO. &#8220;Padre dos \u00faltimos, dos abandonados, dos perseguidos, dos pobres, dos exclu\u00eddos, da anti-globaliza\u00e7\u00e3o&#8221;, com seu amor incondicional ao ser humano em toda a sua diversidade, justamente pela diversidade ser &#8220;o dom de Deus&#8221;, como afirmava veementemente. O &#8220;amor&#8221; pelo ser humano tem que ser absoluto e independente de qualquer papel ou condicionamento de identidade que o determinismo social imp\u00f5e. Essa capacidade de emo\u00e7\u00e3o e raz\u00e3o o tornava renascimental. Costumava dizer: &#8220;Sejam razo\u00e1veis: pe\u00e7am o imposs\u00edvel!&#8221;, fazendo sua a frase de outro padre, seu amigo Ernesto Balducci.<br \/>\n<\/br><br \/>\nPara homenagear esta bela &#8220;coincid\u00eancia&#8221;, este impulso de us\u00e1-lo ontem para ianugurar a s\u00e9rie &#8220;Arrega\u00e7ar as Mangas&#8221;, bem enquanto ele dispensava seu corpo f\u00edsico, traduzimos este breve trecho de seu livro &#8220;Cos\u00ec in terra, come in cielo&#8221;&#8230; (Assim na terra como no c\u00e9u&#8230;), que indica bem o quanto era admirado e admir\u00e1vel em sua ess\u00eancia.<br \/>\n<\/br><\/p>\n<p>Trecho traduzido de &#8220;Cos\u00ec in terra, come in cielo&#8221;&#8230; (Assim na terra como no c\u00e9u&#8230;) de Don Andrea Gallo<br \/>\n<\/br><br \/>\n&#8220;Certa vez, por ocasi\u00e3o de um tributo a Fabrizio de Andr\u00e8, de que participavam grandes nomes [da can\u00e7\u00e3o italiana, a cantora\/produtora] Dori Ghezzi reservou 250 lugares para os amigos\/p\u00e1rrocos do Padre. E ele foi ao teatro com seus amigos marginais e abandonados&#8230; O pessoal da organiza\u00e7\u00e3o do evento pretendia mand\u00e1-los para o pardieiro, confin\u00e1-los l\u00e1 em cima, na \u00faltima galeria, com a desculpa de que l\u00e1 haveria mais espa\u00e7o dispon\u00edvel para eles.<br \/>\n&#8216;N\u00e3o se preocupem, eu vou dar um jeito nisso&#8217;. Parei o tr\u00e1fego da sala e como um guarda de tr\u00e2nsito fiz sentar na plat\u00e9ia tr\u00eas aqui, dois ali, t\u00f3xico-dependentes, hypposos, prostitutas, ao lado de not\u00e1rios, damas e pol\u00edticos.<br \/>\n&#8216;N\u00e3o, ali n\u00e3o!&#8217; me intimidaram. &#8216;Ali vai sentar a ministra da Cultura, Giovanna Melandri&#8217;. &#8220;Ent\u00e3o vamos coloc\u00e1-la ao lado de uma puta das velhas casas; voc\u00ea vai ver como ela ficar\u00e1 enriquecida com o encontro.&#8217; Estavam todos muito preocupados, me pediam garantias sobre o que iria acontecer e eu os deixava ainda mais tensos, dizendo que n\u00e3o podia saber, sendo eu um padre e n\u00e3o um adivinho. Pelo contr\u00e1rio, eu sabia muito bem o que depois efetivamente aconteceu: os meus marginais foram aqueles que durante as can\u00e7\u00f5es choravam de verdade.&#8221;<br \/>\n<\/br><br \/>\nTrecho no original italiano:<br \/>\n<\/br><br \/>\nDurante un tributo a Fabrizio De Andr\u00e8, a cui parteciparono i big della canzone, Dori Ghezzi \u00abriserv\u00f2 250 posti per me, e io mi presentai a teatro coi miei derelitti. Qualcuno dell&#8217;organizzazione intendeva mandarli nel loggione, confinarli lass\u00f9, con la scusa che non c&#8217;era pi\u00f9 spazio a disposizione.<br \/>\n&#8220;Non vi preoccupate&#8221; dissi &#8220;ci penso io.&#8221; Fermai il traffico della sala e come un vigile li feci sedere in platea, tre qui, due l\u00e0, tossici, barboni, prostitute accanto a notai, dame e politici.?<br \/>\n&#8220;No, l\u00ec no&#8221; mi intimarono. &#8220;L\u00ec ci va il ministro della Cultura Giovanna Melandri.&#8221;?<br \/>\n&#8220;Allora le mettiamo accanto una puttana delle vecchie case, vedrai come esce arricchita dall&#8217;incontro!&#8221;?Erano tutti molto preoccupati, mi chiedevano garanzie su ci\u00f2 che sarebbe successo e io li tenevo sulle spine rispondendo che non potevo saperlo, essendo io un prete, non un indovino. Invece sapevo benissimo ci\u00f2 che poi accadde: i miei emarginati erano quelli che durante le canzoni piangevano veramente.\u00bb?<br \/>\n<\/br><br \/>\nConclu\u00edmos incluindo algumas can\u00e7\u00f5es dos compositores e cantores que Andrea Gallo mais amava, genoveses tamb\u00e9m, e que descreviam essa curiosa e estranha cidade, sobretudo seu sub-mundo, na parte mais velha, contornando o porto. A t\u00edtulo de curiosidade, &#8220;Princesa&#8221;, no primeiro v\u00eddeo, era um transsexual brasileiro\/a que morava em G\u00eanova ao qual o De Andr\u00e8 dedicou esta can\u00e7\u00e3o (capa de seu \u00e1lbum &#8220;Anime Salve&#8221; &#8211; Almas Salvas), um dos famosos e tantos &#8220;marginais&#8221; que o Padre ajudou e abrigou em sua pobre par\u00f3quia de &#8220;San Benedetto al Porto&#8221;&#8230; na &#8220;Citt\u00e0 Vecchia&#8221; (segunda can\u00e7\u00e3o anexa) de G\u00eanova.<br \/>\n<\/br><br \/>\nFabrizio De Andr\u00e8 &#8211; Princesa<br \/>\n<iframe loading=\"lazy\" title=\"Fabrizio De Andr\u00e8 - Princesa\" width=\"640\" height=\"480\" src=\"https:\/\/www.youtube.com\/embed\/t20tefoJVrw?feature=oembed\" frameborder=\"0\" allow=\"accelerometer; autoplay; clipboard-write; encrypted-media; gyroscope; picture-in-picture; web-share\" referrerpolicy=\"strict-origin-when-cross-origin\" allowfullscreen><\/iframe><br \/>\n<\/br><br \/>\nFabrizio de andr\u00e8 citt\u00e0 vecchia (non censurata)<br \/>\n<iframe loading=\"lazy\" title=\"Fabrizio de andr\u00e8 citt\u00e0 vecchia (non censurata)\" width=\"640\" height=\"480\" src=\"https:\/\/www.youtube.com\/embed\/XbYYuWAq84o?feature=oembed\" frameborder=\"0\" allow=\"accelerometer; autoplay; clipboard-write; encrypted-media; gyroscope; picture-in-picture; web-share\" referrerpolicy=\"strict-origin-when-cross-origin\" allowfullscreen><\/iframe><br \/>\n<\/br><br \/>\nFabrizio De Andr\u00e8 &#8211; Bocca di rosa<br \/>\n<iframe loading=\"lazy\" title=\"Fabrizio De Andr\u00e8 - Bocca di rosa\" width=\"640\" height=\"480\" src=\"https:\/\/www.youtube.com\/embed\/JrFjFOjxYyA?feature=oembed\" frameborder=\"0\" allow=\"accelerometer; autoplay; clipboard-write; encrypted-media; gyroscope; picture-in-picture; web-share\" referrerpolicy=\"strict-origin-when-cross-origin\" allowfullscreen><\/iframe><br \/>\n<\/br><br \/>\nGino Paoli &#8211; Il Cielo in una Stanza<br \/>\n<iframe loading=\"lazy\" title=\"Gino Paoli - Il Cielo in una Stanza\" width=\"640\" height=\"480\" src=\"https:\/\/www.youtube.com\/embed\/jT091rQpnZs?feature=oembed\" frameborder=\"0\" allow=\"accelerometer; autoplay; clipboard-write; encrypted-media; gyroscope; picture-in-picture; web-share\" referrerpolicy=\"strict-origin-when-cross-origin\" allowfullscreen><\/iframe><br \/>\n<\/br><br \/>\nLa gatta Gino Paoli<br \/>\n<iframe loading=\"lazy\" title=\"La gatta Gino Paoli\" width=\"640\" height=\"480\" src=\"https:\/\/www.youtube.com\/embed\/iWhpczgVLXg?feature=oembed\" frameborder=\"0\" allow=\"accelerometer; autoplay; clipboard-write; encrypted-media; gyroscope; picture-in-picture; web-share\" referrerpolicy=\"strict-origin-when-cross-origin\" allowfullscreen><\/iframe><br \/>\n<\/br><br \/>\nGino Paoli &#8211; Ti lascio una canzone (Lyrics)<br \/>\nhttp:\/\/youtu.be\/HtgVuWUL5IE<\/p>\n<p><\/strong><\/p>\n","protected":false},"excerpt":{"rendered":"<p>&#8220;Sejam razo\u00e1veis, pe\u00e7am o imposs\u00edvel&#8221; &#8211; adeus a Don Andrea Gallo Por: Mario S. Mieli, 23 de maio de 2013 \u00c9 com muita emo\u00e7\u00e3o que relatamos a incr\u00edvel coincid\u00eancia ocorrida ontem&#8230; Exatamente enquanto post\u00e1vamos o primeiro &#8220;Arrega\u00e7ando as Mangas&#8221; neste site, com o sub-t\u00edtulo &#8220;Espiritualismo Dial\u00e9tico&#8221;, ilustrado com a grande for\u00e7a de vontade e poder [&hellip;]<\/p>\n","protected":false},"author":1,"featured_media":0,"comment_status":"open","ping_status":"open","sticky":false,"template":"","format":"standard","meta":{"footnotes":""},"categories":[4,2182,9],"tags":[2188,762,2190,2189,95],"class_list":["post-3807","post","type-post","status-publish","format-standard","hentry","category-al-manakh","category-arregacando-as-mangas","category-lance-de-dados","tag-don-andrea-gallo","tag-fabrizio-de-andre","tag-falece-don-gallo","tag-gino-paoli","tag-mario-s-mieli"],"_links":{"self":[{"href":"https:\/\/imediata.org\/index.php?rest_route=\/wp\/v2\/posts\/3807","targetHints":{"allow":["GET"]}}],"collection":[{"href":"https:\/\/imediata.org\/index.php?rest_route=\/wp\/v2\/posts"}],"about":[{"href":"https:\/\/imediata.org\/index.php?rest_route=\/wp\/v2\/types\/post"}],"author":[{"embeddable":true,"href":"https:\/\/imediata.org\/index.php?rest_route=\/wp\/v2\/users\/1"}],"replies":[{"embeddable":true,"href":"https:\/\/imediata.org\/index.php?rest_route=%2Fwp%2Fv2%2Fcomments&post=3807"}],"version-history":[{"count":6,"href":"https:\/\/imediata.org\/index.php?rest_route=\/wp\/v2\/posts\/3807\/revisions"}],"predecessor-version":[{"id":3810,"href":"https:\/\/imediata.org\/index.php?rest_route=\/wp\/v2\/posts\/3807\/revisions\/3810"}],"wp:attachment":[{"href":"https:\/\/imediata.org\/index.php?rest_route=%2Fwp%2Fv2%2Fmedia&parent=3807"}],"wp:term":[{"taxonomy":"category","embeddable":true,"href":"https:\/\/imediata.org\/index.php?rest_route=%2Fwp%2Fv2%2Fcategories&post=3807"},{"taxonomy":"post_tag","embeddable":true,"href":"https:\/\/imediata.org\/index.php?rest_route=%2Fwp%2Fv2%2Ftags&post=3807"}],"curies":[{"name":"wp","href":"https:\/\/api.w.org\/{rel}","templated":true}]}}