{"id":3669,"date":"2013-05-10T14:24:12","date_gmt":"2013-05-10T14:24:12","guid":{"rendered":"http:\/\/imediata.org\/?p=3669"},"modified":"2015-07-10T04:22:06","modified_gmt":"2015-07-10T04:22:06","slug":"culturicidio-de-amplo-espectro-fechando-o-cerco-por-mario-s-mieli","status":"publish","type":"post","link":"https:\/\/imediata.org\/?p=3669","title":{"rendered":">> Culturic\u00eddio de amplo espectro &#8211; fechando o cerco, por Mario S. Mieli"},"content":{"rendered":"<p><\/br><br \/>\n<strong>Culturic\u00eddio de amplo espectro \u2013 fechando o cerco<br \/>\n<\/br><br \/>\nPor: Mario S. Mieli<br \/>\n10 de maio de 2013<\/strong><br \/>\n<\/br><br \/>\n<a href=\"http:\/\/imediata.org\/wp-content\/uploads\/2013\/05\/428163_464403006951466_1282076394_n.jpg\"><img loading=\"lazy\" decoding=\"async\" src=\"http:\/\/imediata.org\/wp-content\/uploads\/2013\/05\/428163_464403006951466_1282076394_n.jpg\" alt=\"\" title=\"428163_464403006951466_1282076394_n\" width=\"480\" height=\"521\" class=\"alignright size-full wp-image-3670\" srcset=\"https:\/\/imediata.org\/wp-content\/uploads\/2013\/05\/428163_464403006951466_1282076394_n.jpg 480w, https:\/\/imediata.org\/wp-content\/uploads\/2013\/05\/428163_464403006951466_1282076394_n-276x300.jpg 276w\" sizes=\"auto, (max-width: 480px) 100vw, 480px\" \/><\/a><br \/>\n<\/br><br \/>\n<strong>O dom\u00ednio total sobre o g\u00eanero humano, para ser eficaz e de amplo espectro, deve obviamente incluir o aniquilamento de sua(s) cultura(s)<\/strong> \u2013 tanto em termos concretos quanto abstratos, ou seja, das sementes para o cultivo (de onde prov\u00e9m a pr\u00f3pria palavra \u2018cultura\u2019) at\u00e9 \u00e0 capacidade de articular ideias abstratas e projet\u00e1-las praticamente atrav\u00e9s do \u2018saber fazer\u2019 \u2013 know-how.<br \/>\n<\/br><\/p>\n<p>Um recente projeto de lei da Comiss\u00e3o Europeia para criminalizar praticamente todas as sementes e plantas que n\u00e3o forem registradas pelo governo centralizado europeu (e medidas semelhantes j\u00e1 est\u00e3o sendo aplicadas na Am\u00e9rica do Norte) visam n\u00e3o s\u00f3 incapacitar os pequenos e m\u00e9dios agricultores de cultivar seus pr\u00f3prios alimentos, mas criminaliz\u00e1-los se o fizerem. Como observa <strong>Mike Adams em seu \u201cFreedom Chronicles 2026\u201d<\/strong> (dispon\u00edvel gratuitamente online aqui: <a href=\"http:\/\/freedom.naturalnews.com\/E03_P01.html \">http:\/\/freedom.naturalnews.com\/E03_P01.html <\/a>) as sementes se tornariam ilegais e, portanto, haveria  a necessidade de gente que se dedicaria a \u2018contrabandear\u2019 esse \u201cproduto\u201d proibido: as sementes.1<br \/>\n<\/br><\/p>\n<p><strong>Paralelamente ao patenteamento de todas as formas de vida, precisam ser destru\u00eddas todas as atividades artesanais tradicionais milenares que perpetuam o verdadeiro conhecimento (know-how) acumulado, agregado e constantemente potencializado pelas culturas humanas.<\/strong><br \/>\n<\/br><\/p>\n<p>De que modo? Estrangulando-se financeira e economicamente os pequenos e m\u00e9dios produtores e empreendedores, for\u00e7ando-os a \u201cdesmanchar o barraco\u201d, exterminando-se rapidamente todo o cabedal de experi\u00eancias, de trabalho, de conhecimentos aglomerados e que constitui <strong>verdadeiro patrim\u00f4nio cultural de toda a humanidade<\/strong>.<br \/>\n<\/br><br \/>\n<strong>Esse \u201cdesmemoriamento compuls\u00f3rio\u201d  \u00e9, sem d\u00favida, um crime contra a humanidade.<\/strong> Um exemplo concreto dessa destrui\u00e7\u00e3o for\u00e7ada do conhecimento \u00e9 a crise \u201cpr\u00e9-fabricada\u201d europeia. <strong>Wally Bonvicini<\/strong> (fundadora do Federitalia, organiza\u00e7\u00e3o que presta ajuda \u00e0s v\u00edtimas desse processo de despossess\u00e3o cultural) analisa como o desmantelamento do conhecimento comum acumulado est\u00e1 sendo imposto na It\u00e1lia, pa\u00eds que juntamente com a \u00cdndia, \u00e9 um dos poucos no mundo a ter uma <strong>hist\u00f3ria multimilenar ininterrupta<\/strong>, cadinho de culturas e civiliza\u00e7\u00f5es:<br \/>\n<\/br><\/p>\n<p><strong>\u201cO conhecimento \u00e9 uma arma invenc\u00edvel\u201d <\/strong><br \/>\n&#8220;LA CONOSCENZA E&#8217; UN&#8217;ARMA INVINCIBILE&#8221; &#8211; Intervista a WALLY BONVICINI (em italiano)<br \/>\n<iframe loading=\"lazy\" width=\"560\" height=\"315\" src=\"https:\/\/www.youtube.com\/embed\/DEjNOCSAEeM\" frameborder=\"0\" allowfullscreen><\/iframe><br \/>\n<\/br><\/p>\n<p>Para impor esse <strong>sinistro esquema de  impostura contra os povos<\/strong>, <strong>a deslembran\u00e7a e a estrat\u00e9gia do engano s\u00e3o fundamentais<\/strong>. E o engano precisa ser abrangente e profundo: dissimula\u00e7\u00f5es, fraudes, ciladas, equ\u00edvocos, burlas \u00e9 o que constituiria nossa \u201c<strong>Inciviliza\u00e7\u00e3o<\/strong>\u201d, onde \u201c<strong>o engano universal como modo de governo<\/strong>\u201d \u00e9 o esp\u00edrito do tempo atual. <strong>Fran\u00e7ois Asselineau<\/strong>, fundador do partido Union Populaire Republicaine na Fran\u00e7a, em confer\u00eancia em Toulouse, em 15\/02\/2013, examina \u201cO engano universal como modo de governo\u201d &#8211; t\u00edtulo de sua longa palestra -, onde a impostura \u00e9 examinada atrav\u00e9s de tr\u00eas exemplos:<\/p>\n<p><\/br><\/p>\n<p><strong>1- O engano atrav\u00e9s da atribui\u00e7\u00e3o do pr\u00eamio Nobel da Paz<\/strong><br \/>\nLa Tromperie Universelle comme mode de GOUVERNEMENT (1\/4) (em franc\u00eas)<br \/>\n<iframe loading=\"lazy\" title=\"La Tromperie Universelle comme mode de GOUVERNEMENT (1\/4 )\" width=\"640\" height=\"480\" src=\"https:\/\/www.youtube.com\/embed\/wnGELf0u-vs?feature=oembed\" frameborder=\"0\" allow=\"accelerometer; autoplay; clipboard-write; encrypted-media; gyroscope; picture-in-picture; web-share\" referrerpolicy=\"strict-origin-when-cross-origin\" allowfullscreen><\/iframe><br \/>\n<\/br><br \/>\n<strong>2- O engano quanto aos respons\u00e1veis \u2013 os eleitos pelo povo transformados em marionetes<\/strong><br \/>\nLa Tromperie Universelle comme mode de GOUVERNEMENT (2\/4) (em franc\u00eas)<br \/>\n<iframe loading=\"lazy\" title=\"La Tromperie Universelle comme mode de GOUVERNEMENT (2\/4 )\" width=\"640\" height=\"360\" src=\"https:\/\/www.youtube.com\/embed\/YNDpkbodsdw?feature=oembed\" frameborder=\"0\" allow=\"accelerometer; autoplay; clipboard-write; encrypted-media; gyroscope; picture-in-picture; web-share\" referrerpolicy=\"strict-origin-when-cross-origin\" allowfullscreen><\/iframe><br \/>\n<\/br><br \/>\n<strong>3 \u2013 O engano quanto \u00e0 origem das decis\u00f5es<\/strong><br \/>\n3 &#8211; La Tromperie Universelle comme mode de GOUVERNEMENT (3\/4) (em franc\u00eas)<br \/>\n<iframe loading=\"lazy\" title=\"La Tromperie Universelle comme mode de GOUVERNEMENT (3\/4)\" width=\"640\" height=\"360\" src=\"https:\/\/www.youtube.com\/embed\/G-oShw7n4JE?feature=oembed\" frameborder=\"0\" allow=\"accelerometer; autoplay; clipboard-write; encrypted-media; gyroscope; picture-in-picture; web-share\" referrerpolicy=\"strict-origin-when-cross-origin\" allowfullscreen><\/iframe><br \/>\n<\/br><br \/>\n<strong>Cui bono? A quem beneficia essa impostura? Obviamente, \u00e0 Usura e \u00e0s Corpora\u00e7\u00f5es Transnacionais.<br \/>\nA busca de \u201cdom\u00ednio total\u201d sobre a vida de toda a humanidade implica demolir liberdades, devastar democracias, anular constitui\u00e7\u00f5es, devastar conhecimentos, \u201cmodificar\u201d genes&#8230;<\/strong><br \/>\n<\/br><br \/>\nEm recente confer\u00eancia na Universidade do Hava\u00ed,  centrada nos organismos geneticamente modificados mas abrangendo, inevitavelmente, todos esses temas, <strong>Vandana Shiva<\/strong> responde, fazendo uma boa reflex\u00e3o para essa pergunta.<br \/>\n<\/br><br \/>\n<strong>Vandana Shiva on GMO issues &#8211; University of Hawaii Jan 2013 (em ingl\u00eas)<\/strong><br \/>\n<iframe loading=\"lazy\" title=\"Vandana Shiva on GMO issues - University of Hawaii Jan 2013\" width=\"640\" height=\"360\" src=\"https:\/\/www.youtube.com\/embed\/jzFFz14r_tg?feature=oembed\" frameborder=\"0\" allow=\"accelerometer; autoplay; clipboard-write; encrypted-media; gyroscope; picture-in-picture; web-share\" referrerpolicy=\"strict-origin-when-cross-origin\" allowfullscreen><\/iframe><\/p>\n<p><\/br><br \/>\n1 Artigo integral de Mike Adams em ingl\u00eas: <strong>&#8220;European Commission to criminalize nearly all seeds and plants not registered with government&#8221;<\/strong><\/p>\n<p><a href=\"http:\/\/www.naturalnews.com\/040214_seeds_European_Commission_registration.html\">http:\/\/www.naturalnews.com\/040214_seeds_European_Commission_registration.html<\/a><br \/>\n<\/br><br \/>\n<a href=\"http:\/\/imediata.org\/wp-content\/uploads\/2013\/05\/seed-serial.jpg\"><img loading=\"lazy\" decoding=\"async\" src=\"http:\/\/imediata.org\/wp-content\/uploads\/2013\/05\/seed-serial.jpg\" alt=\"\" title=\"seed-serial\" width=\"640\" height=\"422\" class=\"alignright size-full wp-image-3671\" srcset=\"https:\/\/imediata.org\/wp-content\/uploads\/2013\/05\/seed-serial.jpg 640w, https:\/\/imediata.org\/wp-content\/uploads\/2013\/05\/seed-serial-300x197.jpg 300w\" sizes=\"auto, (max-width: 640px) 100vw, 640px\" \/><\/a><\/p>\n","protected":false},"excerpt":{"rendered":"<p>Culturic\u00eddio de amplo espectro \u2013 fechando o cerco Por: Mario S. Mieli 10 de maio de 2013 O dom\u00ednio total sobre o g\u00eanero humano, para ser eficaz e de amplo espectro, deve obviamente incluir o aniquilamento de sua(s) cultura(s) \u2013 tanto em termos concretos quanto abstratos, ou seja, das sementes para o cultivo (de onde [&hellip;]<\/p>\n","protected":false},"author":1,"featured_media":0,"comment_status":"open","ping_status":"open","sticky":false,"template":"","format":"standard","meta":{"footnotes":""},"categories":[5,68,9],"tags":[2118,95,2119,2121,174,2120],"class_list":["post-3669","post","type-post","status-publish","format-standard","hentry","category-biodiversidade-imediata","category-dossie-queda-da-rua-do-muro","category-lance-de-dados","tag-culturicidio-de-amplo-espectro-fechando-o-cerco","tag-mario-s-mieli","tag-mike-adams","tag-pierre-asselineau","tag-vandana-shiva","tag-wally-bonvicini"],"_links":{"self":[{"href":"https:\/\/imediata.org\/index.php?rest_route=\/wp\/v2\/posts\/3669","targetHints":{"allow":["GET"]}}],"collection":[{"href":"https:\/\/imediata.org\/index.php?rest_route=\/wp\/v2\/posts"}],"about":[{"href":"https:\/\/imediata.org\/index.php?rest_route=\/wp\/v2\/types\/post"}],"author":[{"embeddable":true,"href":"https:\/\/imediata.org\/index.php?rest_route=\/wp\/v2\/users\/1"}],"replies":[{"embeddable":true,"href":"https:\/\/imediata.org\/index.php?rest_route=%2Fwp%2Fv2%2Fcomments&post=3669"}],"version-history":[{"count":3,"href":"https:\/\/imediata.org\/index.php?rest_route=\/wp\/v2\/posts\/3669\/revisions"}],"predecessor-version":[{"id":5376,"href":"https:\/\/imediata.org\/index.php?rest_route=\/wp\/v2\/posts\/3669\/revisions\/5376"}],"wp:attachment":[{"href":"https:\/\/imediata.org\/index.php?rest_route=%2Fwp%2Fv2%2Fmedia&parent=3669"}],"wp:term":[{"taxonomy":"category","embeddable":true,"href":"https:\/\/imediata.org\/index.php?rest_route=%2Fwp%2Fv2%2Fcategories&post=3669"},{"taxonomy":"post_tag","embeddable":true,"href":"https:\/\/imediata.org\/index.php?rest_route=%2Fwp%2Fv2%2Ftags&post=3669"}],"curies":[{"name":"wp","href":"https:\/\/api.w.org\/{rel}","templated":true}]}}