{"id":3647,"date":"2013-05-09T00:02:30","date_gmt":"2013-05-09T00:02:30","guid":{"rendered":"http:\/\/imediata.org\/?p=3647"},"modified":"2013-05-09T01:58:26","modified_gmt":"2013-05-09T01:58:26","slug":"nossos-insurgentes-contra-a-destruicao-da-amazonia-belo-monte-anuncio-de-uma-guerra-filme-completo-e-mais","status":"publish","type":"post","link":"https:\/\/imediata.org\/?p=3647","title":{"rendered":">> Nossos insurgentes, contra a destrui\u00e7\u00e3o da Amaz\u00f4nia: &#8220;Belo Monte, An\u00fancio de uma Guerra&#8221; &#8211; filme completo e mais"},"content":{"rendered":"<p><\/br><br \/>\n<strong>Nossos insurgentes, contra a destrui\u00e7\u00e3o da Amaz\u00f4nia &#8211; &#8220;Belo Monte, An\u00fancio de uma Guerra&#8221; &#8211; filme completo e mais<\/strong><br \/>\n<\/br><br \/>\n<strong>&#8230; &#8220;N\u00c3O \u00c9 UMA QUEST\u00c3O DE ENERGIA PARA O POVO. \u00c9 UMA QUEST\u00c3O DE DINHEIRO PARA POUCOS.&#8221;&#8230;<\/strong><em><br \/>\n<\/br><br \/>\n<strong>Belo Monte, An\u00fancio de uma Guerra no Audit\u00f3rio Ibirapuera<\/strong><br \/>\n<iframe loading=\"lazy\" title=\"Belo Monte, An\u00fancio de uma Guerra no Audit\u00f3rio Ibirapuera\" width=\"640\" height=\"360\" src=\"https:\/\/www.youtube.com\/embed\/vQcv2q89TEU?feature=oembed\" frameborder=\"0\" allow=\"accelerometer; autoplay; clipboard-write; encrypted-media; gyroscope; picture-in-picture; web-share\" referrerpolicy=\"strict-origin-when-cross-origin\" allowfullscreen><\/iframe><br \/>\n<\/br><br \/>\n<strong>Primeira exibi\u00e7\u00e3o de Belo Monte, An\u00fancio de uma Guerra foi realizada no Audit\u00f3rio Ibirapuera. O filme independente e sem v\u00ednculos ou interesses pol\u00edticos, dirigido por Andre D&#8217;Elia e executado por um coletivo, fala da pol\u00eamica constru\u00e7\u00e3o desta usina hidrel\u00e9trica no Par\u00e1 com depoimentos de quem vive diretamente o problema. A exibi\u00e7\u00e3o ocorreu no dia 17 de junho de 2012.<\/strong><br \/>\n<\/br><br \/>\n<strong>Belo Monte, An\u00fancio de uma Guerra &#8211; filme completo<\/strong><br \/>\n<iframe loading=\"lazy\" title=\"Belo Monte, An\u00fancio de uma Guerra - filme completo\" width=\"640\" height=\"360\" src=\"https:\/\/www.youtube.com\/embed\/091GM9g2jGk?feature=oembed\" frameborder=\"0\" allow=\"accelerometer; autoplay; clipboard-write; encrypted-media; gyroscope; picture-in-picture; web-share\" referrerpolicy=\"strict-origin-when-cross-origin\" allowfullscreen><\/iframe><br \/>\n<\/br><br \/>\n<strong>Belo Monte Announcement of a War &#8211; complete movie (with subtitles in English)<\/strong><br \/>\n<iframe loading=\"lazy\" title=\"Belo Monte Announcement of a War - complete movie\" width=\"640\" height=\"360\" src=\"https:\/\/www.youtube.com\/embed\/ZoRhavupkfw?feature=oembed\" frameborder=\"0\" allow=\"accelerometer; autoplay; clipboard-write; encrypted-media; gyroscope; picture-in-picture; web-share\" referrerpolicy=\"strict-origin-when-cross-origin\" allowfullscreen><\/iframe><br \/>\n<strong>Exemplo de um Brasil que se manifesta:<br \/>\nBelo Monte para o Mundo<\/strong><br \/>\nhttp:\/\/youtu.be\/_uCSFW8GLkc<br \/>\n<\/br><br \/>\n<strong>Recomendamos: &#8220;Belo Monte: &#8216;o governo perdeu o ju\u00edzo&#8217;, afirmam ind\u00edgenas&#8221;<\/strong>, <strong>por Ruy Sposati, no<\/strong> <a href=\"http:\/\/www.brasildefato.com.br\/node\/12832\">Brasil de Fato<\/a>.<\/p>\n","protected":false},"excerpt":{"rendered":"<p>Nossos insurgentes, contra a destrui\u00e7\u00e3o da Amaz\u00f4nia &#8211; &#8220;Belo Monte, An\u00fancio de uma Guerra&#8221; &#8211; filme completo e mais &#8230; &#8220;N\u00c3O \u00c9 UMA QUEST\u00c3O DE ENERGIA PARA O POVO. \u00c9 UMA QUEST\u00c3O DE DINHEIRO PARA POUCOS.&#8221;&#8230; Belo Monte, An\u00fancio de uma Guerra no Audit\u00f3rio Ibirapuera Primeira exibi\u00e7\u00e3o de Belo Monte, An\u00fancio de uma Guerra foi [&hellip;]<\/p>\n","protected":false},"author":1,"featured_media":0,"comment_status":"open","ping_status":"open","sticky":false,"template":"","format":"standard","meta":{"footnotes":""},"categories":[8,5,81,86,78],"tags":[2110,2108,2109,2111],"class_list":["post-3647","post","type-post","status-publish","format-standard","hentry","category-anarcom","category-biodiversidade-imediata","category-imediartivismo","category-meio_ambiente","category-ovideo","tag-andre-d-elia","tag-belo-monte-anuncio-de-uma-guerra","tag-plano-de-destruicao-da-amazonia","tag-ruy-sposati"],"_links":{"self":[{"href":"https:\/\/imediata.org\/index.php?rest_route=\/wp\/v2\/posts\/3647","targetHints":{"allow":["GET"]}}],"collection":[{"href":"https:\/\/imediata.org\/index.php?rest_route=\/wp\/v2\/posts"}],"about":[{"href":"https:\/\/imediata.org\/index.php?rest_route=\/wp\/v2\/types\/post"}],"author":[{"embeddable":true,"href":"https:\/\/imediata.org\/index.php?rest_route=\/wp\/v2\/users\/1"}],"replies":[{"embeddable":true,"href":"https:\/\/imediata.org\/index.php?rest_route=%2Fwp%2Fv2%2Fcomments&post=3647"}],"version-history":[{"count":3,"href":"https:\/\/imediata.org\/index.php?rest_route=\/wp\/v2\/posts\/3647\/revisions"}],"predecessor-version":[{"id":3650,"href":"https:\/\/imediata.org\/index.php?rest_route=\/wp\/v2\/posts\/3647\/revisions\/3650"}],"wp:attachment":[{"href":"https:\/\/imediata.org\/index.php?rest_route=%2Fwp%2Fv2%2Fmedia&parent=3647"}],"wp:term":[{"taxonomy":"category","embeddable":true,"href":"https:\/\/imediata.org\/index.php?rest_route=%2Fwp%2Fv2%2Fcategories&post=3647"},{"taxonomy":"post_tag","embeddable":true,"href":"https:\/\/imediata.org\/index.php?rest_route=%2Fwp%2Fv2%2Ftags&post=3647"}],"curies":[{"name":"wp","href":"https:\/\/api.w.org\/{rel}","templated":true}]}}