{"id":3644,"date":"2013-05-08T21:33:58","date_gmt":"2013-05-08T21:33:58","guid":{"rendered":"http:\/\/imediata.org\/?p=3644"},"modified":"2013-05-08T21:34:34","modified_gmt":"2013-05-08T21:34:34","slug":"les-insurges-de-la-terre-por-philippe-borrell-canal-arte","status":"publish","type":"post","link":"https:\/\/imediata.org\/?p=3644","title":{"rendered":">> &#8220;Les insurg\u00e9s de la Terre&#8221;, por Philippe Borrell, Canal Arte"},"content":{"rendered":"<p><\/br><br \/>\n<strong>&#8220;Les insurg\u00e9s de la Terre&#8221;, por Philippe Borrell (em 5 partes, em franc\u00eas) &#8211; do Canal Arte:<\/p>\n<p><\/br><br \/>\nViver para lutar pela vida atrav\u00e9s do ativismo ecol\u00f3gico.<br \/>\nLes insurg\u00e9s de la Terre (1)<br \/>\nhttp:\/\/youtu.be\/8pBdxcz4Ma8<\/p>\n<p><\/br><br \/>\nLutar pela vida \u00e9 estar do lado da natureza, da cria\u00e7\u00e3o \u2013 o sistema corporativo e o capital n\u00e3o gostam.<br \/>\nLes insurg\u00e9s de la Terre (2)<br \/>\nhttp:\/\/youtu.be\/xwoBdVsbHIw<\/p>\n<p><\/br><br \/>\nLutar pela vida e pela natureza passa a ser crime, \u00e9 ser tachado de ecoterroristas pelo sistema.<br \/>\nLes insurg\u00e9s de la Terre (3)<br \/>\nhttp:\/\/youtu.be\/o2Vg0onoBhw<\/p>\n<p><\/br><br \/>\nO processo de criminaliza\u00e7\u00e3o dos verdadeiros defensores da terra e o sistema (a tirania corporativa) que se assume como \u201c\u00fanica\u201d defesa poss\u00edvel da natureza, passando a &#8220;pintar&#8221; tudo de verde e a s\u00f3 capitalizar com a ecologia.<br \/>\nLes insurg\u00e9s de la Terre (4)<br \/>\nhttp:\/\/youtu.be\/vcAwEqzt7ng<\/p>\n<p><\/br><br \/>\nA repress\u00e3o e o combate contra os verdadeiros ativistas ecol\u00f3gicos, j\u00e1 considerados terroristas. As pris\u00f5es preventivas dos ativistas.<br \/>\nLes insurg\u00e9s de la Terre (5)<br \/>\nhttp:\/\/youtu.be\/A2EtOUbPZ5U<\/p>\n<p><\/br><br \/>\nMas quem s\u00e3o os verdadeiros criminosos?????<br \/>\n<\/strong><\/p>\n","protected":false},"excerpt":{"rendered":"<p>&#8220;Les insurg\u00e9s de la Terre&#8221;, por Philippe Borrell (em 5 partes, em franc\u00eas) &#8211; do Canal Arte: Viver para lutar pela vida atrav\u00e9s do ativismo ecol\u00f3gico. Les insurg\u00e9s de la Terre (1) http:\/\/youtu.be\/8pBdxcz4Ma8 Lutar pela vida \u00e9 estar do lado da natureza, da cria\u00e7\u00e3o \u2013 o sistema corporativo e o capital n\u00e3o gostam. Les insurg\u00e9s [&hellip;]<\/p>\n","protected":false},"author":1,"featured_media":0,"comment_status":"open","ping_status":"open","sticky":false,"template":"","format":"standard","meta":{"footnotes":""},"categories":[8,5,81,9],"tags":[2104,2106,2105,2102,2103,2107],"class_list":["post-3644","post","type-post","status-publish","format-standard","hentry","category-anarcom","category-biodiversidade-imediata","category-imediartivismo","category-lance-de-dados","tag-arte-2","tag-ativistmo-ecologico","tag-ecologia","tag-les-insurges-de-la-terre","tag-philippe-borrell","tag-tirania-corporativa"],"_links":{"self":[{"href":"https:\/\/imediata.org\/index.php?rest_route=\/wp\/v2\/posts\/3644","targetHints":{"allow":["GET"]}}],"collection":[{"href":"https:\/\/imediata.org\/index.php?rest_route=\/wp\/v2\/posts"}],"about":[{"href":"https:\/\/imediata.org\/index.php?rest_route=\/wp\/v2\/types\/post"}],"author":[{"embeddable":true,"href":"https:\/\/imediata.org\/index.php?rest_route=\/wp\/v2\/users\/1"}],"replies":[{"embeddable":true,"href":"https:\/\/imediata.org\/index.php?rest_route=%2Fwp%2Fv2%2Fcomments&post=3644"}],"version-history":[{"count":2,"href":"https:\/\/imediata.org\/index.php?rest_route=\/wp\/v2\/posts\/3644\/revisions"}],"predecessor-version":[{"id":3646,"href":"https:\/\/imediata.org\/index.php?rest_route=\/wp\/v2\/posts\/3644\/revisions\/3646"}],"wp:attachment":[{"href":"https:\/\/imediata.org\/index.php?rest_route=%2Fwp%2Fv2%2Fmedia&parent=3644"}],"wp:term":[{"taxonomy":"category","embeddable":true,"href":"https:\/\/imediata.org\/index.php?rest_route=%2Fwp%2Fv2%2Fcategories&post=3644"},{"taxonomy":"post_tag","embeddable":true,"href":"https:\/\/imediata.org\/index.php?rest_route=%2Fwp%2Fv2%2Ftags&post=3644"}],"curies":[{"name":"wp","href":"https:\/\/api.w.org\/{rel}","templated":true}]}}