{"id":3634,"date":"2013-05-08T15:39:12","date_gmt":"2013-05-08T15:39:12","guid":{"rendered":"http:\/\/imediata.org\/?p=3634"},"modified":"2013-05-08T15:39:12","modified_gmt":"2013-05-08T15:39:12","slug":"os-sete-aspectos-da-nova-consciencia-por-ervin-laszlo","status":"publish","type":"post","link":"https:\/\/imediata.org\/?p=3634","title":{"rendered":">> Os sete aspectos da nova consci\u00eancia, por Ervin Laszlo"},"content":{"rendered":"<p><\/br><br \/>\n<strong>Os sete aspectos da nova consci\u00eancia<br \/>\n<\/br><br \/>\n<a href=\"http:\/\/imediata.org\/wp-content\/uploads\/2013\/05\/ervin_laszlo.jpg\"><img loading=\"lazy\" decoding=\"async\" src=\"http:\/\/imediata.org\/wp-content\/uploads\/2013\/05\/ervin_laszlo.jpg\" alt=\"\" title=\"ervin_laszlo\" width=\"230\" height=\"172\" class=\"alignright size-full wp-image-3635\" \/><\/a><br \/>\nPor: Ervin Laszlo<br \/>\nFonte:<\/strong> <a href=\"http:\/\/www.visionealchemica.com\/i-sette-aspetti-della-nuova-coscienza-2\/\">visionealchemica<\/a><br \/>\n<strong>Tradu\u00e7\u00e3o: Mario S. Mieli<\/strong><br \/>\n<\/br><br \/>\n<em>A grande tarefa, o grade desafio do nosso tempo \u00e9 mudarmos a n\u00f3s mesmos. Gostaria de fazer um elenco das sete caracter\u00edsticas da nova vis\u00e3o, da nova consci\u00eancia, porque \u00e9 poss\u00edvel consegui-la, todos podem evoluir, muitas pessoas j\u00e1 o fizeram e se tornou condi\u00e7\u00e3o sine qua non da nossa sobreviv\u00eancia na Terra.<\/em> A primeira caracter\u00edstica \u00e9 o <strong>holismo<\/strong>, a vis\u00e3o hol\u00edstica, em contraste com a vis\u00e3o fragment\u00e1ria, disciplinar, atom\u00edstica, que separa tudo: a mente da natureza, o homem e a sociedade da biosfera, e todos os campos da realidade, um do outro. A vis\u00e3o hol\u00edstica \u00e9 justamente aquela vis\u00e3o unit\u00e1ria que est\u00e1 sendo experimentada nos v\u00e1rios centros para a consci\u00eancia planet\u00e1ria em todo o mundo, e \u00e9 uma caracter\u00edstica fundamental da nova consci\u00eancia.<br \/>\n<\/br><br \/>\n<a href=\"http:\/\/imediata.org\/wp-content\/uploads\/2013\/05\/gh319holism.jpg\"><img loading=\"lazy\" decoding=\"async\" src=\"http:\/\/imediata.org\/wp-content\/uploads\/2013\/05\/gh319holism.jpg\" alt=\"\" title=\"gh319holism\" width=\"150\" height=\"100\" class=\"alignright size-full wp-image-3638\" \/><\/a><br \/>\n<\/br><br \/>\nA segunda \u00e9 o <strong>pensamento transversal<\/strong>, global, entre os dois hemisf\u00e9rios e entre os tr\u00eas c\u00e9rebros: n\u00e3o pensar sempre com o hemisf\u00e9rio esquerdo racional, ou se tornar dependente s\u00f3 do hemisf\u00e9rio direito, o mais criativo e m\u00edstico e menos voltado ao uso da l\u00edngua. \u00c9 preciso ter a possibilidade de se mover, de maneira harm\u00f4nica e fluida, entre um e outro, utilizar a inteireza de nossas potencialidades. Essa \u00e9 a base da verdadeira criatividade.<br \/>\n<\/br><br \/>\nTerceiro \u00e9 a <strong>valoriza\u00e7\u00e3o da comunica\u00e7\u00e3o<\/strong>, n\u00e3o apenas possuir conhecimentos, mas comunic\u00e1-los.  Comunicar \u00e9 seguramente a lei da vida e de toda a evolu\u00e7\u00e3o. Essa possibilidade de valoriza\u00e7\u00e3o do comunicar, do compartilhar as experi\u00eancias, as ideias, \u00e9 uma caracter\u00edstica da nova consci\u00eancia.<br \/>\n<\/br><\/p>\n<p>Quarto, o <strong>estilo de vida simples.<\/strong> H\u00e1 um novo movimento em dire\u00e7\u00e3o \u00e0 simplicidade \u2013 n\u00e3o de quem est\u00e1 dominado por uma motiva\u00e7\u00e3o econ\u00f4mica, \u201csomos pobres demais para n\u00e3o sermos simples\u201d \u2013 mas a simplicidade volunt\u00e1ria, escolher viver de maneira mais simples e natural, sem todo esse excesso ao nosso redor, na civiliza\u00e7\u00e3o ocidental. Esse \u00e9 um movimento para o consumo respons\u00e1vel, ecol\u00f3gico, \u00e9tico, muito r\u00e1pido e forte nos chamados pa\u00edses industriais, e esperamos que d\u00ea um impulso de desenvolvimento tamb\u00e9m nos outros pa\u00edses.<br \/>\n<\/br><br \/>\n<a href=\"http:\/\/imediata.org\/wp-content\/uploads\/2013\/05\/nova-02_thumb.jpg\"><img loading=\"lazy\" decoding=\"async\" src=\"http:\/\/imediata.org\/wp-content\/uploads\/2013\/05\/nova-02_thumb.jpg\" alt=\"\" title=\"nova-02_thumb\" width=\"226\" height=\"223\" class=\"alignright size-full wp-image-3637\" \/><\/a><br \/>\n<\/br><\/p>\n<p>O quinto \u00e9 a <strong>espiritualidade<\/strong>, o renascimento da nova espiritualidade. \u00c9 muito interessante, muitos mestres, s\u00e1bios e lamas podem ajudar na guia. Essa espiritualidade vem da Antiguidade, tem milhares de anos e n\u00e3o localiza a divindade fora da natureza e do homem, mas dentro: tudo \u00e9 divino e estamos todos ligados atrav\u00e9s dessa divindade. Esse tamb\u00e9m \u00e9 um movimento em crescimento e \u00e9 uma grande esperan\u00e7a para o futuro.<br \/>\n<\/br><\/p>\n<p>O sexto \u00e9 redescobrir a <strong>sa\u00fade global<\/strong>, individual, o  movimento no sentido de alimentos naturais, a ecologia, o ambiente saud\u00e1vel, a unidade do homem com o seu ambiente para reencontrar a sa\u00fade num sentido muito complexo e hol\u00edstico, entendido n\u00e3o s\u00f3 como aus\u00eancia de doen\u00e7a, assim como a paz n\u00e3o \u00e9 s\u00f3 a aus\u00eancia de guerra, mas uma totalidade, um funcionamento do sistema em seu n\u00edvel \u00f3timo.<br \/>\n<\/br><\/p>\n<p>O s\u00e9timo \u00e9 a <strong>consci\u00eancia planet\u00e1ria<\/strong>. Aprender a se sentir parte do sistema Terra, passar de uma vida local e egoc\u00eantrica a uma vis\u00e3o global, planet\u00e1ria. \u00c9 importante compreender a beleza e a complexidade da rede ecossist\u00eamica e humana que forma o inteiro planeta, Gaia. Suas leis, suas dificuldades, os obst\u00e1culos ao seu desenvolvimento harm\u00f4nico. Ampliar o nosso ponto de vista, usar a toler\u00e2ncia, a \u00e9tica para superar injusti\u00e7as e fantasmas, por um futuro planet\u00e1rio humano e sustent\u00e1vel.<br \/>\n<\/br><br \/>\n<a href=\"http:\/\/imediata.org\/wp-content\/uploads\/2013\/05\/Hol\u00edstico-300x199.png\"><img loading=\"lazy\" decoding=\"async\" src=\"http:\/\/imediata.org\/wp-content\/uploads\/2013\/05\/Hol\u00edstico-300x199.png\" alt=\"\" title=\"Hol\u00edstico-300x199\" width=\"300\" height=\"199\" class=\"alignright size-full wp-image-3636\" \/><\/a><br \/>\n<\/br><\/p>\n<p><em>Concluindo, penso que todas as atividades pr\u00e1ticas e culturais que ocorrem nos centros para a consci\u00eancia planet\u00e1ria espalhados pelo mundo, exprimam a nova consci\u00eancia. \u00c9 importante porque a nova consci\u00eancia se desenvolve por meio da experimenta\u00e7\u00e3o; experimentar como viver desse modo, n\u00e3o s\u00f3 pensar de maneira abstrata, mas viver dentro dele.<\/em> <\/p>\n","protected":false},"excerpt":{"rendered":"<p>Os sete aspectos da nova consci\u00eancia Por: Ervin Laszlo Fonte: visionealchemica Tradu\u00e7\u00e3o: Mario S. Mieli A grande tarefa, o grade desafio do nosso tempo \u00e9 mudarmos a n\u00f3s mesmos. Gostaria de fazer um elenco das sete caracter\u00edsticas da nova vis\u00e3o, da nova consci\u00eancia, porque \u00e9 poss\u00edvel consegui-la, todos podem evoluir, muitas pessoas j\u00e1 o fizeram [&hellip;]<\/p>\n","protected":false},"author":1,"featured_media":0,"comment_status":"open","ping_status":"open","sticky":false,"template":"","format":"standard","meta":{"footnotes":""},"categories":[4,9],"tags":[2101,95,2100],"class_list":["post-3634","post","type-post","status-publish","format-standard","hentry","category-al-manakh","category-lance-de-dados","tag-ervin-laszlo","tag-mario-s-mieli","tag-os-sete-aspectos-da-nova-consciencia"],"_links":{"self":[{"href":"https:\/\/imediata.org\/index.php?rest_route=\/wp\/v2\/posts\/3634","targetHints":{"allow":["GET"]}}],"collection":[{"href":"https:\/\/imediata.org\/index.php?rest_route=\/wp\/v2\/posts"}],"about":[{"href":"https:\/\/imediata.org\/index.php?rest_route=\/wp\/v2\/types\/post"}],"author":[{"embeddable":true,"href":"https:\/\/imediata.org\/index.php?rest_route=\/wp\/v2\/users\/1"}],"replies":[{"embeddable":true,"href":"https:\/\/imediata.org\/index.php?rest_route=%2Fwp%2Fv2%2Fcomments&post=3634"}],"version-history":[{"count":1,"href":"https:\/\/imediata.org\/index.php?rest_route=\/wp\/v2\/posts\/3634\/revisions"}],"predecessor-version":[{"id":3639,"href":"https:\/\/imediata.org\/index.php?rest_route=\/wp\/v2\/posts\/3634\/revisions\/3639"}],"wp:attachment":[{"href":"https:\/\/imediata.org\/index.php?rest_route=%2Fwp%2Fv2%2Fmedia&parent=3634"}],"wp:term":[{"taxonomy":"category","embeddable":true,"href":"https:\/\/imediata.org\/index.php?rest_route=%2Fwp%2Fv2%2Fcategories&post=3634"},{"taxonomy":"post_tag","embeddable":true,"href":"https:\/\/imediata.org\/index.php?rest_route=%2Fwp%2Fv2%2Ftags&post=3634"}],"curies":[{"name":"wp","href":"https:\/\/api.w.org\/{rel}","templated":true}]}}