{"id":3627,"date":"2013-05-07T16:18:53","date_gmt":"2013-05-07T16:18:53","guid":{"rendered":"http:\/\/imediata.org\/?p=3627"},"modified":"2013-05-07T16:18:53","modified_gmt":"2013-05-07T16:18:53","slug":"andreotti-segundo-pasolini","status":"publish","type":"post","link":"https:\/\/imediata.org\/?p=3627","title":{"rendered":">> Andreotti segundo Pasolini"},"content":{"rendered":"<p><\/br><br \/>\n<strong>E assim escrevia Pasolini, em 28 de agosto de 1975, sobre mais esse belzebu que acaba de pendurar as botas:<\/strong><br \/>\n<\/br><br \/>\n<a href=\"http:\/\/imediata.org\/wp-content\/uploads\/2013\/05\/pier-paolo-pasolini-141693_tn.jpg\"><img loading=\"lazy\" decoding=\"async\" src=\"http:\/\/imediata.org\/wp-content\/uploads\/2013\/05\/pier-paolo-pasolini-141693_tn.jpg\" alt=\"\" title=\"pier-paolo-pasolini-141693_tn\" width=\"240\" height=\"177\" class=\"alignright size-full wp-image-3628\" \/><\/a><br \/>\nPier Paolo Pasolini<br \/>\n<\/br><br \/>\n<a href=\"http:\/\/imediata.org\/wp-content\/uploads\/2013\/05\/giulio-andreotti-2526107_0x410.jpg\"><img loading=\"lazy\" decoding=\"async\" src=\"http:\/\/imediata.org\/wp-content\/uploads\/2013\/05\/giulio-andreotti-2526107_0x410.jpg\" alt=\"\" title=\"giulio-andreotti-2526107_0x410\" width=\"500\" height=\"410\" class=\"alignright size-full wp-image-3629\" srcset=\"https:\/\/imediata.org\/wp-content\/uploads\/2013\/05\/giulio-andreotti-2526107_0x410.jpg 500w, https:\/\/imediata.org\/wp-content\/uploads\/2013\/05\/giulio-andreotti-2526107_0x410-300x246.jpg 300w\" sizes=\"auto, (max-width: 500px) 100vw, 500px\" \/><\/a><br \/>\nGiulio Andreotti<br \/>\n<\/br><br \/>\n<strong>\u201cAndreotti, Fanfani, Rumor, e pelo menos uma d\u00fazia de outros poderosos democratas-crist\u00e3os deveriam ser arrastados para o banco dos r\u00e9us. E ali acusados de uma imensa quantidade de crimes: indignidade, desprezo pelos cidad\u00e3os, manipula\u00e7\u00e3o do dinheiro p\u00fablico, maquina\u00e7\u00f5es com os petroleiros, com os industriais, com os banqueiros, colabora\u00e7\u00e3o com a CIA, uso ilegal de institui\u00e7\u00f5es, como o SID, responsabilidade pelos massacres de Mil\u00e3o, Brescia e Bolonha (pelo menos na qualidade de culposa incapacidade de afetar os executores), destrui\u00e7\u00e3o paisag\u00edstica e urban\u00edstica da It\u00e1lia, responsabilidade pela degrada\u00e7\u00e3o antropol\u00f3gica dos italianos, responsabilidade pela explos\u00e3o \u201cselvagem\u201d da cultura de massas e dos meios de comunica\u00e7\u00e3o de massas, corresponsabilidade pela estupidez delituosa da televis\u00e3o.\u201d<br \/>\nTradu\u00e7\u00e3o: Mario S. Mieli<\/p>\n<p><\/br><br \/>\nOriginal:<br \/>\n\u201cAndreotti, Fanfani, Rumor, e almeno una dozzina di altri potenti democristiani, dovrebbero essere trascinati sul banco degli imputati. E quivi accusati di una quantit\u00e0 sterminata di reati: indegnit\u00e0, disprezzo per i cittadini, manipolazione del denaro pubblico, intrallazzo con i petrolieri, con gli industriali, con i banchieri, collaborazione con la Cia, uso illegale di enti come il Sid, responsabilit\u00e0 nelle stragi di Milano, Brescia e Bologna (almeno in quanto colpevole incapacit\u00e0 di colpirne gli esecutori), distruzione paesaggistica e urbanistica dell\u2019Italia, responsabilit\u00e0 della degradazione antropologica degli italiani, responsabilit\u00e0 dell\u2019esplosione \u201cselvaggia\u201d della cultura di massa e dei mass-media, corresponsabilit\u00e0 della stupidit\u00e0 delittuosa della televisione\u201d.?<\/strong><br \/>\n<strong>Fonte:<\/strong> <a href=\"http:\/\/enricocer.wordpress.com\/tag\/pier-paolo-pasolini\/\">http:\/\/enricocer.wordpress.com\/tag\/pier-paolo-pasolini\/<\/a><\/p>\n","protected":false},"excerpt":{"rendered":"<p>E assim escrevia Pasolini, em 28 de agosto de 1975, sobre mais esse belzebu que acaba de pendurar as botas: Pier Paolo Pasolini Giulio Andreotti \u201cAndreotti, Fanfani, Rumor, e pelo menos uma d\u00fazia de outros poderosos democratas-crist\u00e3os deveriam ser arrastados para o banco dos r\u00e9us. E ali acusados de uma imensa quantidade de crimes: indignidade, [&hellip;]<\/p>\n","protected":false},"author":1,"featured_media":0,"comment_status":"open","ping_status":"open","sticky":false,"template":"","format":"standard","meta":{"footnotes":""},"categories":[9],"tags":[2096,95,300],"class_list":["post-3627","post","type-post","status-publish","format-standard","hentry","category-lance-de-dados","tag-giulio-andreotti","tag-mario-s-mieli","tag-pier-paolo-pasolini"],"_links":{"self":[{"href":"https:\/\/imediata.org\/index.php?rest_route=\/wp\/v2\/posts\/3627","targetHints":{"allow":["GET"]}}],"collection":[{"href":"https:\/\/imediata.org\/index.php?rest_route=\/wp\/v2\/posts"}],"about":[{"href":"https:\/\/imediata.org\/index.php?rest_route=\/wp\/v2\/types\/post"}],"author":[{"embeddable":true,"href":"https:\/\/imediata.org\/index.php?rest_route=\/wp\/v2\/users\/1"}],"replies":[{"embeddable":true,"href":"https:\/\/imediata.org\/index.php?rest_route=%2Fwp%2Fv2%2Fcomments&post=3627"}],"version-history":[{"count":1,"href":"https:\/\/imediata.org\/index.php?rest_route=\/wp\/v2\/posts\/3627\/revisions"}],"predecessor-version":[{"id":3630,"href":"https:\/\/imediata.org\/index.php?rest_route=\/wp\/v2\/posts\/3627\/revisions\/3630"}],"wp:attachment":[{"href":"https:\/\/imediata.org\/index.php?rest_route=%2Fwp%2Fv2%2Fmedia&parent=3627"}],"wp:term":[{"taxonomy":"category","embeddable":true,"href":"https:\/\/imediata.org\/index.php?rest_route=%2Fwp%2Fv2%2Fcategories&post=3627"},{"taxonomy":"post_tag","embeddable":true,"href":"https:\/\/imediata.org\/index.php?rest_route=%2Fwp%2Fv2%2Ftags&post=3627"}],"curies":[{"name":"wp","href":"https:\/\/api.w.org\/{rel}","templated":true}]}}