{"id":3616,"date":"2013-05-06T15:39:04","date_gmt":"2013-05-06T15:39:04","guid":{"rendered":"http:\/\/imediata.org\/?p=3616"},"modified":"2013-05-06T15:42:05","modified_gmt":"2013-05-06T15:42:05","slug":"sala-de-espera-46-uniforme-dos-filhos-da-eurolandia-por-ida-magli","status":"publish","type":"post","link":"https:\/\/imediata.org\/?p=3616","title":{"rendered":">> Sala de Espera 46-Uniforme dos filhos da Eurol\u00e2ndia, por Ida Magli"},"content":{"rendered":"<p><\/br><br \/>\n<strong>Sala de Espera 46-Uniforme dos filhos da Eurol\u00e2ndia, por Ida Magli<\/strong><br \/>\n<strong>Fonte:<\/strong> <a href=\"http:\/\/www.italianiliberi.it\/\">italianiliberi<\/a><br \/>\n<\/br><br \/>\n<strong>\u201cA foto das crian\u00e7as vestidas como filhos da Eurol\u00e2ndia! Nada mais, nada mais me interessa, nenhum artigo sobre a economia, n\u00e3o me interessa o Banco Central Europeu, nem o dinheiro para emprestar ou n\u00e3o emprestar\u2026 aquilo que conta \u00e9 a verdade que nunca \u00e9 dita: o \u201cUniforme\u201d, o Imp\u00e9rio que constroem sem diz\u00ea-lo, e que \u00e9 a \u00fanica coisa que perseguem\u2026\u201d (Ida Magli, 5 de maio de 2013)<\/strong><br \/>\n<\/br><br \/>\n<a href=\"http:\/\/imediata.org\/wp-content\/uploads\/2013\/05\/eurobalilla.jpg\"><img loading=\"lazy\" decoding=\"async\" src=\"http:\/\/imediata.org\/wp-content\/uploads\/2013\/05\/eurobalilla.jpg\" alt=\"\" title=\"eurobalilla\" width=\"412\" height=\"636\" class=\"alignright size-full wp-image-3617\" srcset=\"https:\/\/imediata.org\/wp-content\/uploads\/2013\/05\/eurobalilla.jpg 412w, https:\/\/imediata.org\/wp-content\/uploads\/2013\/05\/eurobalilla-194x300.jpg 194w\" sizes=\"auto, (max-width: 412px) 100vw, 412px\" \/><\/a><br \/>\nO presidente do BCE, Mario Draghi, apresentou ontem em Bratislava (capital da Eslov\u00e1quia) as novas notas de 5 euros, cercado por crian\u00e7as vestidas com o \u201cuniforme\u201d da Eurol\u00e2ndia. [ANSA]<br \/>\n<\/br><br \/>\n<a href=\"http:\/\/imediata.org\/wp-content\/uploads\/2013\/05\/92457e61805016a94e93c307e8f39071.jpg\"><img loading=\"lazy\" decoding=\"async\" src=\"http:\/\/imediata.org\/wp-content\/uploads\/2013\/05\/92457e61805016a94e93c307e8f39071.jpg\" alt=\"\" title=\"Meeting of the Governing Council of the European Central Bank\" width=\"587\" height=\"440\" class=\"alignright size-full wp-image-3618\" srcset=\"https:\/\/imediata.org\/wp-content\/uploads\/2013\/05\/92457e61805016a94e93c307e8f39071.jpg 587w, https:\/\/imediata.org\/wp-content\/uploads\/2013\/05\/92457e61805016a94e93c307e8f39071-300x224.jpg 300w\" sizes=\"auto, (max-width: 587px) 100vw, 587px\" \/><\/a><br \/>\n<\/br><br \/>\n<strong>Claro que para quem lembra dos \u201cbalilla\u201d na It\u00e1lia, dos \u201chitlerjugend\u201d na Alemanha, e dos \u201ckomsomol\u201d na Uni\u00e3o Sovi\u00e9tica, a ideia parece simplesmente pat\u00e9tica e nada original\u2026<\/strong><\/p>\n","protected":false},"excerpt":{"rendered":"<p>Sala de Espera 46-Uniforme dos filhos da Eurol\u00e2ndia, por Ida Magli Fonte: italianiliberi \u201cA foto das crian\u00e7as vestidas como filhos da Eurol\u00e2ndia! Nada mais, nada mais me interessa, nenhum artigo sobre a economia, n\u00e3o me interessa o Banco Central Europeu, nem o dinheiro para emprestar ou n\u00e3o emprestar\u2026 aquilo que conta \u00e9 a verdade que [&hellip;]<\/p>\n","protected":false},"author":1,"featured_media":0,"comment_status":"open","ping_status":"open","sticky":false,"template":"","format":"standard","meta":{"footnotes":""},"categories":[4,9,100],"tags":[2093,2094,957,2092],"class_list":["post-3616","post","type-post","status-publish","format-standard","hentry","category-al-manakh","category-lance-de-dados","category-sala-de-espera","tag-filhos-da-eurolandia","tag-ida-magli","tag-mario-draghi","tag-uniformes"],"_links":{"self":[{"href":"https:\/\/imediata.org\/index.php?rest_route=\/wp\/v2\/posts\/3616","targetHints":{"allow":["GET"]}}],"collection":[{"href":"https:\/\/imediata.org\/index.php?rest_route=\/wp\/v2\/posts"}],"about":[{"href":"https:\/\/imediata.org\/index.php?rest_route=\/wp\/v2\/types\/post"}],"author":[{"embeddable":true,"href":"https:\/\/imediata.org\/index.php?rest_route=\/wp\/v2\/users\/1"}],"replies":[{"embeddable":true,"href":"https:\/\/imediata.org\/index.php?rest_route=%2Fwp%2Fv2%2Fcomments&post=3616"}],"version-history":[{"count":2,"href":"https:\/\/imediata.org\/index.php?rest_route=\/wp\/v2\/posts\/3616\/revisions"}],"predecessor-version":[{"id":3620,"href":"https:\/\/imediata.org\/index.php?rest_route=\/wp\/v2\/posts\/3616\/revisions\/3620"}],"wp:attachment":[{"href":"https:\/\/imediata.org\/index.php?rest_route=%2Fwp%2Fv2%2Fmedia&parent=3616"}],"wp:term":[{"taxonomy":"category","embeddable":true,"href":"https:\/\/imediata.org\/index.php?rest_route=%2Fwp%2Fv2%2Fcategories&post=3616"},{"taxonomy":"post_tag","embeddable":true,"href":"https:\/\/imediata.org\/index.php?rest_route=%2Fwp%2Fv2%2Ftags&post=3616"}],"curies":[{"name":"wp","href":"https:\/\/api.w.org\/{rel}","templated":true}]}}