{"id":360,"date":"2010-08-06T13:56:00","date_gmt":"2010-08-06T13:56:00","guid":{"rendered":"http:\/\/imediata.org\/?p=360"},"modified":"2010-08-06T13:56:00","modified_gmt":"2010-08-06T13:56:00","slug":"chomsky-%e2%80%9cos-eua-sao-o-maior-terrorista-do-mundo%e2%80%9d","status":"publish","type":"post","link":"https:\/\/imediata.org\/?p=360","title":{"rendered":">>Chomsky: \u201cOs EUA s\u00e3o o maior terrorista do mundo\u201d"},"content":{"rendered":"<p><img decoding=\"async\" src=\"http:\/\/imediata.org\/wp-content\/imagens\/logos\/logolance.jpg\" alt=\"null\" \/><br \/>\nFonte: Ag\u00eancia de Not\u00edcias Nova Col\u00f4mbia. Original em <a href=\"http:\/\/www.semana.com\/noticias-mundo\/parte-colombia-robada-roosevelt\/142043.aspx\">http:\/\/www.semana.com\/noticias-mundo\/parte-colombia-robada-roosevelt\/142043.aspx<\/a><\/p>\n<p><em><strong>Noam Abraham Chomsky, intelectual estadunidense, pai da lingu\u00edstica e pol\u00eamico ativista por suas posturas contra o intervencionismo militar dos Estados Unidos, visitou a Col\u00f4mbia para ser homenageado pelas comunidades ind\u00edgenas do Departamento de Cauca. Falou com exclusividade para Luis Angel Murcia, do jornal Semana.com, em 21 de Julho de 2010.<\/strong><\/em><\/p>\n<p>O morro El Bosque, um peda\u00e7o de vida natural amea\u00e7ado pela riqueza aur\u00edfera que se esconde em suas entranhas, desde a semana passada tem uma import\u00e2ncia de ordem internacional. Essa reserva, localizada no centro da cidade de Cauca, muito pr\u00f3xima ao Maci\u00e7o colombiano, \u00e9 o cord\u00e3o umbilical que hoje mant\u00eam aos ind\u00edgenas da regi\u00e3o conectados com um dos intelectuais e ativistas da esquerda democr\u00e1tica mais prestigiados do planeta. <\/p>\n<p>Noam Abraham Chomsky. Quem o conhece assegura que \u00e9 o ser humano vivo cujas obras, livros ou reflex\u00f5es, s\u00e3o as mais lidas depois da B\u00edblia. Sem duvida, Chomsky, com 81 anos de idade, \u00e9 uma autoridade em geopol\u00edtica e Direitos Humanos. <\/p>\n<p>Sua condi\u00e7\u00e3o de cidad\u00e3o estadunidense lhe d\u00e1 autoridade moral para ser considerado um dos mais recalcitrantes cr\u00edticos da pol\u00edtica expansionista e militar que os EUA aplica no hemisf\u00e9rio. No seu pa\u00eds e na Europa \u00e9 ouvido e lido com muito respeito, j\u00e1 ganhou todos os pr\u00eamios e reconhecimentos como ativista pol\u00edtico e suas obras, tanto em lingu\u00edstica como em an\u00e1lise pol\u00edtica, foram premiadas.<\/p>\n<p>Sua passagem discreta pela Col\u00f4mbia n\u00e3o era para proferir as laureadas palestras, mas para receber uma homenagem especial da comunidade ind\u00edgena que vive no Departamento de Cauca. O morro El Bosque foi rebatizado como Carolina, que \u00e9 o mesmo nome de sua esposa, a mulher que durante quase toda sua vida o acompanhou. Ela faleceu em dezembro de 2008.<\/p>\n<p>Em sua agenda, coordenada pela CUT e pela Defensoria do Povo do Vale, o Senhor Chomsky dedicou alguns minutos para responder exclusivamente a Semana.com e conversar sobre tudo.<\/p>\n<p><strong>Qu\u00ea significado tem para o senhor esta homenagem?<\/strong><\/p>\n<p>Estou muito emocionado; principalmente por ver que pessoas pobres que n\u00e3o possuem riquezas se prestem a fazer esse tipo de elogios, enquanto que pessoas mais ricas n\u00e3o d\u00e3o aten\u00e7\u00e3o para esse tipo de coisa.<\/p>\n<p><strong>Seus tr\u00eas filhos sabem da homenagem?<\/strong><\/p>\n<p>Todos sabem disso e de El Bosque. Uma filha que trabalha na Col\u00f4mbia contra as companhias internacionais de minera\u00e7\u00e3o tamb\u00e9m est\u00e1 sabendo.<\/p>\n<p><strong>Nesta etapa da sua vida o que o apaixona mais: a lingu\u00edstica ou seu ativismo pol\u00edtico?<\/strong><\/p>\n<p>Tenho estado completamente esquizofr\u00eanico desde que eu era jovem e continuo assim. \u00c9 por isso que temos dois hemisf\u00e9rios no c\u00e9rebro.<\/p>\n<p><strong>Por conta desse ativismo teve problemas com alguns governos, um deles e o mais recente foi com Israel, que o impediu de entrar nas terras da palestina para dar uma palestra.<\/strong><\/p>\n<p>\u00c9 verdade, n\u00e3o pude viajar, apesar de ter sido convidado por uma universidade palestina, mas me deparei com um bloqueio em toda a fronteira. Se a palestra fosse para Israel, teriam me deixado passar.<\/p>\n<p><strong>Essa censura tem a ver com um de seus livros intitulado \u2018Guerra ou Paz no Oriente M\u00e9dio?<\/strong><\/p>\n<p>\u00c9 por causa dos meus 60 anos de trabalho pela paz entre Israel e a Palestina. Na verdade, eu vivi em Israel.<\/p>\n<p><strong>Como qualifica o que se passa no Oriente M\u00e9dio?<\/strong><\/p>\n<p>Desde 1967, o territ\u00f3rio palestino foi ocupado e isso fez da Faixa de Gaza a maior pris\u00e3o ao ar livre do mundo, onde a \u00fanica coisa que resta a fazer \u00e9 morrer.<\/p>\n<p><strong>Chegou a se iludir com as novas posturas do presidente Barack Obama?<\/strong><\/p>\n<p>Eu j\u00e1 tinha escrito que \u00e9 muito semelhante a George Bush. Ele fez mais do que esper\u00e1vamos em termos de expansionismo militar. A \u00fanica coisa que mudou com Obama foi a ret\u00f3rica.<\/p>\n<p><strong>Quando Obama foi galardoado com o pr\u00eamio Nobel de Paz, o qu\u00ea o senhor pensou?<\/strong><\/p>\n<p>Meia hora ap\u00f3s a nomea\u00e7\u00e3o, a imprensa norueguesa me perguntou o que eu pensava do assunto e respondi: \u201cLevando em conta o seu recorde, este n\u00e3o foi a pior nomea\u00e7\u00e3o\u201d. O Nobel da Paz \u00e9 uma piada.<\/p>\n<p><strong>Os EUA continuam a repetir seus erros de intervencionismo?<\/strong><\/p>\n<p>Eles tem tido muito \u00eaxito. Por exemplo, a Col\u00f4mbia tem o pior hist\u00f3rico de viola\u00e7\u00e3o dos Direitos Humanos desde o intervencionismo militar dos EUA.<\/p>\n<p><strong>Qual \u00e9 a sua opini\u00e3o sobre o conceito de guerra preventiva que os Estados Unidos apregoam?<\/strong><\/p>\n<p>N\u00e3o existe esse conceito, \u00e9 simplesmente uma forma de agress\u00e3o. A guerra no Iraque foi t\u00e3o agressiva e terr\u00edvel que se assemelha ao que os nazistas fizeram. Se aplicarmos essa mesma regra, Bush, Blair e Aznar teriam de ser enforcados, mas a for\u00e7a \u00e9 aplicada aos mais fracos.<\/p>\n<p><strong>O que acontecer\u00e1 com o Ir\u00e3?<\/strong><\/p>\n<p>Hoje existe uma grande for\u00e7a naval e a\u00e9rea amea\u00e7ando o Ir\u00e3 e, somente a Europa e os EUA pensam que isso est\u00e1 certo. O resto do mundo acredita que o Ir\u00e3 tem o direito de enriquecer ur\u00e2nio. No Oriente M\u00e9dio tr\u00eas pa\u00edses (Israel, Paquist\u00e3o e \u00cdndia) desenvolveram armas nucleares com a ajuda dos EUA e n\u00e3o assinaram nenhum tratado.<\/p>\n<p><strong>O senhor acredita na guerra contra o terrorismo?<\/strong><\/p>\n<p>Os EUA s\u00e3o os maiores terroristas do mundo. N\u00e3o consigo pensar em qualquer pa\u00eds que tenha feito mais mal do que eles. Para os EUA, terrorismo \u00e9 o que voc\u00ea faz contra n\u00f3s e n\u00e3o o que n\u00f3s fazemos a voc\u00ea.<\/p>\n<p><strong>H\u00e1 alguma guerra justa dos Estados Unidos?<\/strong><\/p>\n<p>A participa\u00e7\u00e3o na Segunda Guerra Mundial foi leg\u00edtima, entretanto eles entraram na guerra muito tarde.<\/p>\n<p><strong>Essa guerra por recursos naturais no Oriente M\u00e9dio pode vir a se repetir na Am\u00e9rica Latina?<\/strong><\/p>\n<p>\u00c9 diferente. O que os EUA tem feito na Am\u00e9rica Latina \u00e9, tradicionalmente, impor brutais ditaduras militares que n\u00e3o s\u00e3o contestados pelo poder da propaganda.<\/p>\n<p><strong>A Am\u00e9rica Latina \u00e9 realmente importante para os Estados Unidos?<\/strong><\/p>\n<p>Nixon afirmou: \u201cSe n\u00e3o podemos controlar a Am\u00e9rica Latina, como poderemos controlar o mundo\u201d.<\/p>\n<p><strong>A Col\u00f4mbia tem algum papel nessa geopol\u00edtica ianque?<\/strong><\/p>\n<p>Parte da Col\u00f4mbia foi roubada por Theodore Roosevelt com o Canal do Panam\u00e1. A partir de 1990, este pa\u00eds tem sido o principal destinat\u00e1rio da ajuda militar estadunidense e, desde essa mesma data tem os maiores registros de viola\u00e7\u00e3o dos Direitos Humanos no hemisf\u00e9rio. Antes o recorde pertencia a El Salvador que, curiosamente tamb\u00e9m recebia ajuda militar.<\/p>\n<p><strong>O senhor sugere que essas viola\u00e7\u00f5es t\u00eam alguma rela\u00e7\u00e3o com os Estados Unidos?<\/strong><\/p>\n<p>No mundo acad\u00eamico, concluiu-se que existe uma correla\u00e7\u00e3o entre a ajuda militar dada pelos EUA e viol\u00eancia nos pa\u00edses que a recebem.<\/p>\n<p><strong>Qual \u00e9 sua opini\u00e3o sobre as bases militares gringas que h\u00e1 na Col\u00f4mbia?<\/strong><\/p>\n<p>N\u00e3o s\u00e3o nenhuma surpresa. Depois de El Salvador, \u00e9 o \u00fanico pa\u00eds da regi\u00e3o disposto a permitir a sua instala\u00e7\u00e3o. Enquanto a Col\u00f4mbia continuar fazendo o que os EUA pedir que fa\u00e7a, eles nunca v\u00e3o derrubar o governo.<\/p>\n<p><strong>Est\u00e1 dizendo que os EUA derruba governos na Am\u00e9rica Latina?<\/strong><\/p>\n<p>Nesta d\u00e9cada, eles apoiaram dois golpes. No fracassado golpe militar da Venezuela em 2002 e, em 2004, seq\u00fcestraram o presidente eleito do Haiti e o enviaram para a \u00c1frica. Mas agora \u00e9 mais dif\u00edcil faz\u00ea-lo porque o mundo mudou. A Col\u00f4mbia \u00e9 o \u00fanico pa\u00eds latinoamericano que apoiou o golpe em Honduras.<\/p>\n<p><strong>Tem algo a dizer sobre as tens\u00f5es atuais entre Col\u00f4mbia, Venezuela e Equador?<\/strong><\/p>\n<p>A Col\u00f4mbia invadiu o Equador e n\u00e3o conhe\u00e7o nenhum pa\u00eds que tenha apoiado isso, salvo os EUA. E sobre as rela\u00e7\u00f5es com a Venezuela, s\u00e3o muito complicadas, mas espero que melhorem.<\/p>\n<p><strong>A Am\u00e9rica Latina continua sendo uma regi\u00e3o de caudilhos?<\/strong><\/p>\n<p>Tem sido uma tradi\u00e7\u00e3o muito ruim, mas, nesse sentido, a Am\u00e9rica Latina progrediu e, pela primeira vez, o cone sul do continente est\u00e1 a avan\u00e7ando rumo a uma integra\u00e7\u00e3o para superar seus paradoxos, como, por exemplo, ser uma regi\u00e3o muito rica, mas com uma grande pobreza.<\/p>\n<p><strong>O narcotr\u00e1fico \u00e9 um problema exclusivo da Col\u00f4mbia?<\/strong><\/p>\n<p>\u00c9 um problema dos Estados Unidos. Imagine que a Col\u00f4mbia decida fumigar a Carolina do Norte e o Kentucky, onde se cultiva tabaco, o qual provoca mais mortes do que a coca\u00edna.<\/p>\n","protected":false},"excerpt":{"rendered":"<p>Fonte: Ag\u00eancia de Not\u00edcias Nova Col\u00f4mbia. Original em http:\/\/www.semana.com\/noticias-mundo\/parte-colombia-robada-roosevelt\/142043.aspx Noam Abraham Chomsky, intelectual estadunidense, pai da lingu\u00edstica e pol\u00eamico ativista por suas posturas contra o intervencionismo militar dos Estados Unidos, visitou a Col\u00f4mbia para ser homenageado pelas comunidades ind\u00edgenas do Departamento de Cauca. Falou com exclusividade para Luis Angel Murcia, do jornal Semana.com, em 21 [&hellip;]<\/p>\n","protected":false},"author":1,"featured_media":0,"comment_status":"open","ping_status":"open","sticky":false,"template":"","format":"standard","meta":{"footnotes":""},"categories":[9],"tags":[],"class_list":["post-360","post","type-post","status-publish","format-standard","hentry","category-lance-de-dados"],"_links":{"self":[{"href":"https:\/\/imediata.org\/index.php?rest_route=\/wp\/v2\/posts\/360","targetHints":{"allow":["GET"]}}],"collection":[{"href":"https:\/\/imediata.org\/index.php?rest_route=\/wp\/v2\/posts"}],"about":[{"href":"https:\/\/imediata.org\/index.php?rest_route=\/wp\/v2\/types\/post"}],"author":[{"embeddable":true,"href":"https:\/\/imediata.org\/index.php?rest_route=\/wp\/v2\/users\/1"}],"replies":[{"embeddable":true,"href":"https:\/\/imediata.org\/index.php?rest_route=%2Fwp%2Fv2%2Fcomments&post=360"}],"version-history":[{"count":1,"href":"https:\/\/imediata.org\/index.php?rest_route=\/wp\/v2\/posts\/360\/revisions"}],"predecessor-version":[{"id":361,"href":"https:\/\/imediata.org\/index.php?rest_route=\/wp\/v2\/posts\/360\/revisions\/361"}],"wp:attachment":[{"href":"https:\/\/imediata.org\/index.php?rest_route=%2Fwp%2Fv2%2Fmedia&parent=360"}],"wp:term":[{"taxonomy":"category","embeddable":true,"href":"https:\/\/imediata.org\/index.php?rest_route=%2Fwp%2Fv2%2Fcategories&post=360"},{"taxonomy":"post_tag","embeddable":true,"href":"https:\/\/imediata.org\/index.php?rest_route=%2Fwp%2Fv2%2Ftags&post=360"}],"curies":[{"name":"wp","href":"https:\/\/api.w.org\/{rel}","templated":true}]}}