{"id":3596,"date":"2013-04-24T20:54:43","date_gmt":"2013-04-24T20:54:43","guid":{"rendered":"http:\/\/imediata.org\/?p=3596"},"modified":"2013-04-25T03:37:18","modified_gmt":"2013-04-25T03:37:18","slug":"maquiavelagens-21-%e2%80%93-massa-e-maca-%e2%80%93-a-unicidade-decomposta-em-dual-trial-quadril-idade-por-artur-d%e2%80%99amaru","status":"publish","type":"post","link":"https:\/\/imediata.org\/?p=3596","title":{"rendered":">> Maquiavelagens 21 \u2013 Massa e ma\u00e7\u00e3 \u2013 a Unicidade decomposta em Dual, Trial, Quadril&#8230; IDADE, por Artur d\u2019Amaru"},"content":{"rendered":"<p><\/br><br \/>\nMaquiavelagens 21 \u2013 Massa e ma\u00e7\u00e3 \u2013 a Unicidade decomposta em Dual, Trial, Quadril&#8230; IDADE, por Artur d\u2019Amaru<br \/>\n<\/br><br \/>\n<a href=\"http:\/\/imediata.org\/wp-content\/uploads\/2013\/04\/evilapple1.jpg\"><img loading=\"lazy\" decoding=\"async\" src=\"http:\/\/imediata.org\/wp-content\/uploads\/2013\/04\/evilapple1.jpg\" alt=\"\" title=\"evilapple1\" width=\"208\" height=\"242\" class=\"alignright size-full wp-image-3597\" \/><\/a><br \/>\n<\/br><\/p>\n<p><strong>A massa<br \/>\nqueria a ma\u00e7\u00e3<br \/>\n<\/br><br \/>\na ma\u00e7\u00e3 da branca de n\u2019Eva<br \/>\n<\/br><\/p>\n<p>N\u00e3o a ma\u00e7\u00e3 ma\u00e7ante<br \/>\nN\u00e3o a ma\u00e7\u00e3 amassada<br \/>\nN\u00e3o a ma\u00e7\u00e3 ma\u00e7arico<br \/>\n<\/br><\/p>\n<p>a ma\u00e7\u00e3 da branca de n\u2019Eva<br \/>\n<\/br><br \/>\n<a href=\"http:\/\/imediata.org\/wp-content\/uploads\/2013\/04\/THINK-DIFFERENT.jpg\"><img loading=\"lazy\" decoding=\"async\" src=\"http:\/\/imediata.org\/wp-content\/uploads\/2013\/04\/THINK-DIFFERENT.jpg\" alt=\"\" title=\"THINK-DIFFERENT\" width=\"150\" height=\"150\" class=\"alignright size-full wp-image-3598\" \/><\/a><br \/>\n&#8220;Think Different&#8221;, de <a href=\"http:\/\/www.giuseppeveneziano.it\">Giuseppe Veneziano<\/a><br \/>\n<\/br><\/p>\n<p>mas<br \/>\nachou a ma\u00e7\u00e3 maci\u00e7a<br \/>\nachou a ma\u00e7\u00e3 ma\u00e7aneta<br \/>\nachou a ma\u00e7\u00e3 mascarada<br \/>\n<\/br><\/p>\n<p>a ma\u00e7\u00e3 da branca de n\u2019Eva<br \/>\n<\/br><br \/>\n<a href=\"http:\/\/imediata.org\/wp-content\/uploads\/2013\/04\/1_Face-to-face.jpg\"><img loading=\"lazy\" decoding=\"async\" src=\"http:\/\/imediata.org\/wp-content\/uploads\/2013\/04\/1_Face-to-face.jpg\" alt=\"\" title=\"1_Face-to-face\" width=\"150\" height=\"150\" class=\"alignright size-full wp-image-3599\" \/><\/a><br \/>\n&#8220;Face-to-face&#8221;, <a href=\"http:\/\/www.giuseppeveneziano.it\">de Giuseppe Veneziano<\/a><br \/>\n<\/br><\/p>\n<p>mordeu-a, caindo em si,<br \/>\nsentindo que era liberdade<br \/>\na  aparente priva\u00e7\u00e3o de n\u00e3o t\u00ea-la<br \/>\n<\/br><\/p>\n<p>a ma\u00e7\u00e3 da branca de n\u2019Eva<br \/>\n<\/br><br \/>\n<a href=\"http:\/\/imediata.org\/wp-content\/uploads\/2013\/04\/7_la_strage_degli_innocenti.jpg\"><img loading=\"lazy\" decoding=\"async\" src=\"http:\/\/imediata.org\/wp-content\/uploads\/2013\/04\/7_la_strage_degli_innocenti.jpg\" alt=\"\" title=\"7_la_strage_degli_innocenti\" width=\"150\" height=\"150\" class=\"alignright size-full wp-image-3600\" \/><\/a><br \/>\n&#8220;La Strage degli Innocenti&#8221;, <a href=\"http:\/\/www.giuseppeveneziano.it\">de Giuseppe Veneziano<\/a><br \/>\n<\/br><\/p>\n<p>por qu\u00ea?<br \/>\na ma\u00e7\u00e3 a-mor-discada<br \/>\nde sabor bem ma\u00e7\u00e3 acre<br \/>\nfaz venerar o veneno da treva<br \/>\n<\/br><\/p>\n<p>a ma\u00e7\u00e3 da branca de n\u2019Eva<br \/>\n<\/br><\/p>\n<p>de n\u00e3o mais perceber o que enleva:<br \/>\na simb\u00f3lica compreens\u00e3o-compress\u00e3o<br \/>\nde que ma\u00e7\u00e3, bruxa e branca de n\u2019Eva<br \/>\n<\/br><\/p>\n<p>s\u00e3o o mesmo dado, coisa, pessoa<br \/>\nmanifesta\u00e7\u00f5es da mesma entidade.<br \/>\nfecalidades da mesma massa<br \/>\n<\/br><\/p>\n<p>A massa<br \/>\nmal e mals\u00e3<br \/>\nqueria a ma\u00e7\u00e3<br \/>\n<\/br><\/p>\n<p>mas a ma\u00e7\u00e3<br \/>\nj\u00e1 tinha virado massa<br \/>\n<\/br><br \/>\n<a href=\"http:\/\/imediata.org\/wp-content\/uploads\/2013\/04\/8_la-terza-settimana.jpg\"><img loading=\"lazy\" decoding=\"async\" src=\"http:\/\/imediata.org\/wp-content\/uploads\/2013\/04\/8_la-terza-settimana.jpg\" alt=\"\" title=\"8_la-terza-settimana\" width=\"150\" height=\"150\" class=\"alignright size-full wp-image-3601\" \/><\/a><br \/>\n&#8220;La Terza Settimana&#8221;, de <a href=\"http:\/\/www.giuseppeveneziano.it\">Giuseppe Veneziano<\/a><br \/>\n<\/strong><\/p>\n","protected":false},"excerpt":{"rendered":"<p>Maquiavelagens 21 \u2013 Massa e ma\u00e7\u00e3 \u2013 a Unicidade decomposta em Dual, Trial, Quadril&#8230; IDADE, por Artur d\u2019Amaru A massa queria a ma\u00e7\u00e3 a ma\u00e7\u00e3 da branca de n\u2019Eva N\u00e3o a ma\u00e7\u00e3 ma\u00e7ante N\u00e3o a ma\u00e7\u00e3 amassada N\u00e3o a ma\u00e7\u00e3 ma\u00e7arico a ma\u00e7\u00e3 da branca de n\u2019Eva &#8220;Think Different&#8221;, de Giuseppe Veneziano mas achou a [&hellip;]<\/p>\n","protected":false},"author":1,"featured_media":0,"comment_status":"open","ping_status":"open","sticky":false,"template":"","format":"standard","meta":{"footnotes":""},"categories":[1081],"tags":[157,313,2081],"class_list":["post-3596","post","type-post","status-publish","format-standard","hentry","category-maquiavelanges","tag-artur-damaru","tag-giuseppe-veneziano","tag-massa-e-maca--a-unicidade-decomposta-em-dual-trial-quadril-idade"],"_links":{"self":[{"href":"https:\/\/imediata.org\/index.php?rest_route=\/wp\/v2\/posts\/3596","targetHints":{"allow":["GET"]}}],"collection":[{"href":"https:\/\/imediata.org\/index.php?rest_route=\/wp\/v2\/posts"}],"about":[{"href":"https:\/\/imediata.org\/index.php?rest_route=\/wp\/v2\/types\/post"}],"author":[{"embeddable":true,"href":"https:\/\/imediata.org\/index.php?rest_route=\/wp\/v2\/users\/1"}],"replies":[{"embeddable":true,"href":"https:\/\/imediata.org\/index.php?rest_route=%2Fwp%2Fv2%2Fcomments&post=3596"}],"version-history":[{"count":6,"href":"https:\/\/imediata.org\/index.php?rest_route=\/wp\/v2\/posts\/3596\/revisions"}],"predecessor-version":[{"id":3607,"href":"https:\/\/imediata.org\/index.php?rest_route=\/wp\/v2\/posts\/3596\/revisions\/3607"}],"wp:attachment":[{"href":"https:\/\/imediata.org\/index.php?rest_route=%2Fwp%2Fv2%2Fmedia&parent=3596"}],"wp:term":[{"taxonomy":"category","embeddable":true,"href":"https:\/\/imediata.org\/index.php?rest_route=%2Fwp%2Fv2%2Fcategories&post=3596"},{"taxonomy":"post_tag","embeddable":true,"href":"https:\/\/imediata.org\/index.php?rest_route=%2Fwp%2Fv2%2Ftags&post=3596"}],"curies":[{"name":"wp","href":"https:\/\/api.w.org\/{rel}","templated":true}]}}