{"id":3571,"date":"2013-04-23T10:02:29","date_gmt":"2013-04-23T10:02:29","guid":{"rendered":"http:\/\/imediata.org\/?p=3571"},"modified":"2013-04-23T10:02:29","modified_gmt":"2013-04-23T10:02:29","slug":"mst-%e2%80%93-agrovila-2o-anos-depois-de-uma-tomada-de-terra-documentario-da-serie-%e2%80%9csementes-%e2%80%93-raizes-do-novo-mundo%e2%80%9d","status":"publish","type":"post","link":"https:\/\/imediata.org\/?p=3571","title":{"rendered":">> MST \u2013 Agrovila, 2O anos depois de uma tomada de terra, document\u00e1rio da S\u00e9rie \u201cSementes \u2013 ra\u00edzes do novo mundo\u201d"},"content":{"rendered":"<p><\/br><br \/>\n<strong>MST \u2013 Agrovila, 2O anos depois de uma tomada de terra, document\u00e1rio da S\u00e9rie \u201cSementes \u2013 ra\u00edzes do novo mundo\u201d<br \/>\n<\/br><\/p>\n<p>MST Agro-villa, 20 a\u00f1os despu\u00e9s de una toma de tierras<\/strong><br \/>\n<iframe loading=\"lazy\" title=\"MST Agro-villa, 20 a\u00f1os despu\u00e9s  de una toma de tierras\" width=\"640\" height=\"360\" src=\"https:\/\/www.youtube.com\/embed\/rBkcEdoRQzY?feature=oembed\" frameborder=\"0\" allow=\"accelerometer; autoplay; clipboard-write; encrypted-media; gyroscope; picture-in-picture; web-share\" referrerpolicy=\"strict-origin-when-cross-origin\" allowfullscreen><\/iframe><\/p>\n<p><\/br><br \/>\n<strong>Site do projeto com os demais cap\u00edtulos\/document\u00e1rios sobre as reformas agr\u00e1rias na Am\u00e9rica Latina:<\/strong><br \/>\n<a href=\"http:\/\/www.documentalsemillas.blogspot.com.ar\/\">http:\/\/www.documentalsemillas.blogspot.com.ar\/<\/a><br \/>\n<\/br><br \/>\n<strong>Site do MST:<\/strong><br \/>\n<a href=\"http:\/\/www.mst.org.br\/\">http:\/\/www.mst.org.br\/<\/a><\/p>\n","protected":false},"excerpt":{"rendered":"<p>MST \u2013 Agrovila, 2O anos depois de uma tomada de terra, document\u00e1rio da S\u00e9rie \u201cSementes \u2013 ra\u00edzes do novo mundo\u201d MST Agro-villa, 20 a\u00f1os despu\u00e9s de una toma de tierras Site do projeto com os demais cap\u00edtulos\/document\u00e1rios sobre as reformas agr\u00e1rias na Am\u00e9rica Latina: http:\/\/www.documentalsemillas.blogspot.com.ar\/ Site do MST: http:\/\/www.mst.org.br\/<\/p>\n","protected":false},"author":1,"featured_media":0,"comment_status":"open","ping_status":"open","sticky":false,"template":"","format":"standard","meta":{"footnotes":""},"categories":[5,9],"tags":[2061,2063,292,2062],"class_list":["post-3571","post","type-post","status-publish","format-standard","hentry","category-biodiversidade-imediata","category-lance-de-dados","tag-agrovilas","tag-assentamentos","tag-mst","tag-sementes-raizes-do-novo-mundo"],"_links":{"self":[{"href":"https:\/\/imediata.org\/index.php?rest_route=\/wp\/v2\/posts\/3571","targetHints":{"allow":["GET"]}}],"collection":[{"href":"https:\/\/imediata.org\/index.php?rest_route=\/wp\/v2\/posts"}],"about":[{"href":"https:\/\/imediata.org\/index.php?rest_route=\/wp\/v2\/types\/post"}],"author":[{"embeddable":true,"href":"https:\/\/imediata.org\/index.php?rest_route=\/wp\/v2\/users\/1"}],"replies":[{"embeddable":true,"href":"https:\/\/imediata.org\/index.php?rest_route=%2Fwp%2Fv2%2Fcomments&post=3571"}],"version-history":[{"count":1,"href":"https:\/\/imediata.org\/index.php?rest_route=\/wp\/v2\/posts\/3571\/revisions"}],"predecessor-version":[{"id":3572,"href":"https:\/\/imediata.org\/index.php?rest_route=\/wp\/v2\/posts\/3571\/revisions\/3572"}],"wp:attachment":[{"href":"https:\/\/imediata.org\/index.php?rest_route=%2Fwp%2Fv2%2Fmedia&parent=3571"}],"wp:term":[{"taxonomy":"category","embeddable":true,"href":"https:\/\/imediata.org\/index.php?rest_route=%2Fwp%2Fv2%2Fcategories&post=3571"},{"taxonomy":"post_tag","embeddable":true,"href":"https:\/\/imediata.org\/index.php?rest_route=%2Fwp%2Fv2%2Ftags&post=3571"}],"curies":[{"name":"wp","href":"https:\/\/api.w.org\/{rel}","templated":true}]}}