{"id":3562,"date":"2013-04-22T21:43:43","date_gmt":"2013-04-22T21:43:43","guid":{"rendered":"http:\/\/imediata.org\/?p=3562"},"modified":"2013-04-23T02:30:19","modified_gmt":"2013-04-23T02:30:19","slug":"noam-chomsky-alerta-os-paises-do-sul-europeu-para-fazer-frente-comum-contra-a-troika-capitalista","status":"publish","type":"post","link":"https:\/\/imediata.org\/?p=3562","title":{"rendered":">> Noam Chomsky alerta os pa\u00edses do Sul europeu para fazer frente comum contra a Troika capitalista"},"content":{"rendered":"<p><strong><\/br><br \/>\nNoam Chomsky alerta os pa\u00edses do Sul europeu para fazer frente comum contra a Troika capitalista<br \/>\n<\/br><br \/>\nFonte: <a href=\"http:\/\/www.librered.net\/?p=26012\">librered.net<\/a> <\/p>\n<p>Noam Chomsky alerta contra a hegemonia alem\u00e3 na Uni\u00e3o  Europeia<br \/>\ne a imposi\u00e7\u00e3o de \u201cmedidas de escravid\u00e3o\u201d \u00e0 Gr\u00e9cia.<\/p>\n<p><\/br><br \/>\n<a href=\"http:\/\/imediata.org\/wp-content\/uploads\/2013\/04\/europa-fascista.png\"><img loading=\"lazy\" decoding=\"async\" src=\"http:\/\/imediata.org\/wp-content\/uploads\/2013\/04\/europa-fascista.png\" alt=\"\" title=\"europa-fascista\" width=\"500\" height=\"333\" class=\"alignright size-full wp-image-3563\" srcset=\"https:\/\/imediata.org\/wp-content\/uploads\/2013\/04\/europa-fascista.png 500w, https:\/\/imediata.org\/wp-content\/uploads\/2013\/04\/europa-fascista-300x199.png 300w\" sizes=\"auto, (max-width: 500px) 100vw, 500px\" \/><\/a><br \/>\n<\/br><\/p>\n<p>Chomsky acusou a Troika &#8211; Comiss\u00e3o Europeia, Fundo Monet\u00e1rio Internacional e Banco Central Europeu \u2013, de destruir a coes\u00e3o social na Europa, devido \u00e0s pol\u00edticas capitalistas que atentam contra os direitos da classe trabalhadora e levam ao desastre econ\u00f4mico e social.<br \/>\n<\/br><br \/>\n<a href=\"http:\/\/imediata.org\/wp-content\/uploads\/2013\/04\/8673194956_a02da33307.jpg\"><img loading=\"lazy\" decoding=\"async\" src=\"http:\/\/imediata.org\/wp-content\/uploads\/2013\/04\/8673194956_a02da33307.jpg\" alt=\"\" title=\"8673194956_a02da33307\" width=\"500\" height=\"353\" class=\"alignright size-full wp-image-3564\" srcset=\"https:\/\/imediata.org\/wp-content\/uploads\/2013\/04\/8673194956_a02da33307.jpg 500w, https:\/\/imediata.org\/wp-content\/uploads\/2013\/04\/8673194956_a02da33307-300x211.jpg 300w\" sizes=\"auto, (max-width: 500px) 100vw, 500px\" \/><\/a><br \/>\n<\/br><br \/>\nAssegurou que \u201co objetivo final das exig\u00eancias alem\u00e3s ao governo de Atenas, no \u00e2mbito da gest\u00e3o da d\u00edvida, \u00e9 o de arrebatar recursos \u00e0 Gr\u00e9cia\u201d, impondo para isso \u201ccondi\u00e7\u00f5es de escravid\u00e3o econ\u00f4mica e de estresse psicol\u00f3gico aos gregos, o que deve ser feito com as riquezas do pa\u00eds\u201d, cita PL.<br \/>\n<\/br><br \/>\n<a href=\"http:\/\/imediata.org\/wp-content\/uploads\/2013\/04\/8657331635_ce9de11526.jpg\"><img loading=\"lazy\" decoding=\"async\" src=\"http:\/\/imediata.org\/wp-content\/uploads\/2013\/04\/8657331635_ce9de11526.jpg\" alt=\"\" title=\"8657331635_ce9de11526\" width=\"500\" height=\"264\" class=\"alignright size-full wp-image-3566\" srcset=\"https:\/\/imediata.org\/wp-content\/uploads\/2013\/04\/8657331635_ce9de11526.jpg 500w, https:\/\/imediata.org\/wp-content\/uploads\/2013\/04\/8657331635_ce9de11526-300x158.jpg 300w\" sizes=\"auto, (max-width: 500px) 100vw, 500px\" \/><\/a><br \/>\n<\/br><\/p>\n<p>Mesmo assim, considera que agora \u00e9 um bom momento para que os pa\u00edses do Sul fa\u00e7am um frente comum para por fim \u00e0s receitas neoliberais, que ele qualificou de \u201cexig\u00eancias desumanas do Norte\u201d.<br \/>\n<\/br><\/p>\n<p>Entretanto, os ministros europeus das Finan\u00e7as validaram na sexta passada as condi\u00e7\u00f5es de resgate de Chipre e alcan\u00e7aram um \u201cacordo de princ\u00edpio\u201d sobre uma extens\u00e3o para a Irlanda e Portugal, para devolverem os cr\u00e9ditos que lhes outorgaram.<br \/>\n <\/br><\/p>\n<p>A AFP acrescenta que Chipre prev\u00ea um aumento de impostos e a restrutura\u00e7\u00e3o de seu sistema banc\u00e1rio, o qual far\u00e1 perder parte de suas poupan\u00e7as \u00e0queles que det\u00eam mais de cem mil euros em dep\u00f3sitos nos principais bancos do pa\u00eds, o Bank of Cyprus e o Laiki, que ser\u00e1 liquidado.<br \/>\n<\/br><br \/>\nRecomendamos tamb\u00e9m:<br \/>\n<\/br><\/p>\n<p>>> O \u201cImp\u00e9rio Latino\u201d contra a hegemonia alem\u00e3, por Giorgio Agamben<br \/>\n<a href=\"http:\/\/imediata.org\/?p=3470\">http:\/\/imediata.org\/?p=3470<\/a><\/p>\n<p><\/br><br \/>\n>> Poder\u00e1 a civiliza\u00e7\u00e3o sobreviver ao capitalismo existente?, confer\u00eancia de Noam Chomsky (em ingl\u00eas)<br \/>\n<a href=\"http:\/\/imediata.org\/?p=3552\">http:\/\/imediata.org\/?p=3552<\/a><\/p>\n<p><\/br><\/p>\n<p>>> Cinco minutos (nem isso) com Nigel Farage no Parlamento Europeu em debate sobre Chipre: \u201cVoc\u00ea s\u00e3o criminosos comuns\u201d<br \/>\n<a href=\"http:\/\/imediata.org\/?p=3527\">http:\/\/imediata.org\/?p=3527<\/a><br \/>\n<\/br><\/p>\n<p>>> O cerco \u2013 A democracia presa na armadilha do neoliberalismo, por Noam Chomsky<br \/>\n<a href=\"http:\/\/imediata.org\/?p=3502\">http:\/\/imediata.org\/?p=3502<\/a><br \/>\n<\/br><\/strong><\/p>\n","protected":false},"excerpt":{"rendered":"<p>Noam Chomsky alerta os pa\u00edses do Sul europeu para fazer frente comum contra a Troika capitalista Fonte: librered.net Noam Chomsky alerta contra a hegemonia alem\u00e3 na Uni\u00e3o Europeia e a imposi\u00e7\u00e3o de \u201cmedidas de escravid\u00e3o\u201d \u00e0 Gr\u00e9cia. Chomsky acusou a Troika &#8211; Comiss\u00e3o Europeia, Fundo Monet\u00e1rio Internacional e Banco Central Europeu \u2013, de destruir a [&hellip;]<\/p>\n","protected":false},"author":1,"featured_media":0,"comment_status":"open","ping_status":"open","sticky":false,"template":"","format":"standard","meta":{"footnotes":""},"categories":[68,9],"tags":[2059,2060,618,2058],"class_list":["post-3562","post","type-post","status-publish","format-standard","hentry","category-dossie-queda-da-rua-do-muro","category-lance-de-dados","tag-fundo-monetario-internacional-e-banco-central-europeu","tag-hegemonia-alema","tag-noam-chomsky","tag-troika-comissao-europeia"],"_links":{"self":[{"href":"https:\/\/imediata.org\/index.php?rest_route=\/wp\/v2\/posts\/3562","targetHints":{"allow":["GET"]}}],"collection":[{"href":"https:\/\/imediata.org\/index.php?rest_route=\/wp\/v2\/posts"}],"about":[{"href":"https:\/\/imediata.org\/index.php?rest_route=\/wp\/v2\/types\/post"}],"author":[{"embeddable":true,"href":"https:\/\/imediata.org\/index.php?rest_route=\/wp\/v2\/users\/1"}],"replies":[{"embeddable":true,"href":"https:\/\/imediata.org\/index.php?rest_route=%2Fwp%2Fv2%2Fcomments&post=3562"}],"version-history":[{"count":3,"href":"https:\/\/imediata.org\/index.php?rest_route=\/wp\/v2\/posts\/3562\/revisions"}],"predecessor-version":[{"id":3570,"href":"https:\/\/imediata.org\/index.php?rest_route=\/wp\/v2\/posts\/3562\/revisions\/3570"}],"wp:attachment":[{"href":"https:\/\/imediata.org\/index.php?rest_route=%2Fwp%2Fv2%2Fmedia&parent=3562"}],"wp:term":[{"taxonomy":"category","embeddable":true,"href":"https:\/\/imediata.org\/index.php?rest_route=%2Fwp%2Fv2%2Fcategories&post=3562"},{"taxonomy":"post_tag","embeddable":true,"href":"https:\/\/imediata.org\/index.php?rest_route=%2Fwp%2Fv2%2Ftags&post=3562"}],"curies":[{"name":"wp","href":"https:\/\/api.w.org\/{rel}","templated":true}]}}