{"id":3560,"date":"2013-04-22T11:36:23","date_gmt":"2013-04-22T11:36:23","guid":{"rendered":"http:\/\/imediata.org\/?p=3560"},"modified":"2013-04-22T11:36:23","modified_gmt":"2013-04-22T11:36:23","slug":"cinco-minutos-com-zeon-e-seu-muralafresco-em-honra-de-hugo-chavez","status":"publish","type":"post","link":"https:\/\/imediata.org\/?p=3560","title":{"rendered":">> Cinco minutos com Z\u00e9on e seu mural\/afresco em honra de Hugo Ch\u00e1vez"},"content":{"rendered":"<p><\/br><br \/>\nCinco minutos com Z\u00e9on e seu mural\/afresco em honra de Hugo Ch\u00e1vez<br \/>\n<\/br><br \/>\n<iframe loading=\"lazy\" frameborder=\"0\" width=\"480\" height=\"270\" src=\"http:\/\/www.dailymotion.com\/embed\/video\/xz6ftp\"><\/iframe><br \/><a href=\"http:\/\/www.dailymotion.com\/video\/xz6ftp_zeon-e-r-fresque-en-l-honneur-d-hugo-chavez_news\" target=\"_blank\">Z&eacute;on\/E&amp;R &#8211; Fresque en l&#039;honneur d&#039;Hugo Ch&aacute;vez<\/a> <i>by <a href=\"http:\/\/www.dailymotion.com\/ERTV\" target=\"_blank\">ERTV<\/a><\/i><br \/>\n<\/br><br \/>\nO artista Z\u00e9on e sua equipe (\u00c9galit\u00e9 &#038; R\u00e9conciliation) realizaram um afresco em Paris, no 18\u00e8me, rue Ordoner, em homenagem a Hugo Ch\u00e1vez.<\/p>\n","protected":false},"excerpt":{"rendered":"<p>Cinco minutos com Z\u00e9on e seu mural\/afresco em honra de Hugo Ch\u00e1vez Z&eacute;on\/E&amp;R &#8211; Fresque en l&#039;honneur d&#039;Hugo Ch&aacute;vez by ERTV O artista Z\u00e9on e sua equipe (\u00c9galit\u00e9 &#038; R\u00e9conciliation) realizaram um afresco em Paris, no 18\u00e8me, rue Ordoner, em homenagem a Hugo Ch\u00e1vez.<\/p>\n","protected":false},"author":1,"featured_media":0,"comment_status":"open","ping_status":"open","sticky":false,"template":"","format":"standard","meta":{"footnotes":""},"categories":[212,9],"tags":[2057,2055,452,968,2056],"class_list":["post-3560","post","type-post","status-publish","format-standard","hentry","category-cinco-minutos","category-lance-de-dados","tag-afresco-de-hugo-chavez","tag-egalite-reconciliation","tag-hugo-chavez","tag-paris","tag-zeon"],"_links":{"self":[{"href":"https:\/\/imediata.org\/index.php?rest_route=\/wp\/v2\/posts\/3560","targetHints":{"allow":["GET"]}}],"collection":[{"href":"https:\/\/imediata.org\/index.php?rest_route=\/wp\/v2\/posts"}],"about":[{"href":"https:\/\/imediata.org\/index.php?rest_route=\/wp\/v2\/types\/post"}],"author":[{"embeddable":true,"href":"https:\/\/imediata.org\/index.php?rest_route=\/wp\/v2\/users\/1"}],"replies":[{"embeddable":true,"href":"https:\/\/imediata.org\/index.php?rest_route=%2Fwp%2Fv2%2Fcomments&post=3560"}],"version-history":[{"count":1,"href":"https:\/\/imediata.org\/index.php?rest_route=\/wp\/v2\/posts\/3560\/revisions"}],"predecessor-version":[{"id":3561,"href":"https:\/\/imediata.org\/index.php?rest_route=\/wp\/v2\/posts\/3560\/revisions\/3561"}],"wp:attachment":[{"href":"https:\/\/imediata.org\/index.php?rest_route=%2Fwp%2Fv2%2Fmedia&parent=3560"}],"wp:term":[{"taxonomy":"category","embeddable":true,"href":"https:\/\/imediata.org\/index.php?rest_route=%2Fwp%2Fv2%2Fcategories&post=3560"},{"taxonomy":"post_tag","embeddable":true,"href":"https:\/\/imediata.org\/index.php?rest_route=%2Fwp%2Fv2%2Ftags&post=3560"}],"curies":[{"name":"wp","href":"https:\/\/api.w.org\/{rel}","templated":true}]}}