{"id":3537,"date":"2013-04-19T14:15:47","date_gmt":"2013-04-19T14:15:47","guid":{"rendered":"http:\/\/imediata.org\/?p=3537"},"modified":"2013-04-19T15:23:37","modified_gmt":"2013-04-19T15:23:37","slug":"all-the-presidents-torturers-todos-os-torturadores-dao-presidentea-documentario-da-al-jazeera","status":"publish","type":"post","link":"https:\/\/imediata.org\/?p=3537","title":{"rendered":">> All the President&#8217;s Torturers (Todos os torturadores da\/o Presidente\/a), document\u00e1rio da Al-Jazeera sobre as torturas no Brasil da ditadura"},"content":{"rendered":"<p><\/br><br \/>\n<strong>All the President&#8217;s Torturers (Todos os torturadores da\/o Presidente\/a)<\/strong><br \/>\nFonte: <a href=\"http:\/\/www.aljazeera.com\/programmes\/peopleandpower\/2013\/04\/201341014723459696.html?utm_content=automate&#038;utm_campaign=Trial6&#038;utm_source=NewSocialFlow&#038;utm_term=plustweets&#038;utm_medium=MasterAccount\">Al-Jazeera<\/a><br \/>\n<br \/>\n<strong>People &#038; Power &#8211; All the President&#8217;s Torturers (Part One)<br \/>\nParte I<\/strong><br \/>\nhttp:\/\/youtu.be\/FFt0P4GvmTc<br \/>\n<br \/>\n<strong>People &#038; Power &#8211; All the President&#8217;s Torturers (Part Two)<br \/>\nParte II<\/strong><br \/>\n<iframe loading=\"lazy\" title=\"People &amp; Power - All the President&#039;s Torturers (Part Two)\" width=\"640\" height=\"360\" src=\"https:\/\/www.youtube.com\/embed\/iS1Uwyw07Do?feature=oembed\" frameborder=\"0\" allow=\"accelerometer; autoplay; clipboard-write; encrypted-media; gyroscope; picture-in-picture; web-share\" referrerpolicy=\"strict-origin-when-cross-origin\" allowfullscreen><\/iframe><br \/>\n<\/br><br \/>\nPara lan\u00e7ar mais luz sobre a sombria hist\u00f3ria nacional, recomendamos fortemente &#8220;O Dia que Durou 21 Anos&#8221; e &#8220;Cidad\u00e3o Boilesen&#8221;, que podem ser vistos aqui:<br \/>\n<strong>Sala de Espera 23 \u2013 Lan\u00e7ando luz sobre a era sombria da hist\u00f3ria nacional \u2013 Levante contra a tortura, O Dia que Durou 21 anos, Cidad\u00e3o Boilesen <\/strong><br \/>\n<a href=\"http:\/\/imediata.org\/?p=1318\">http:\/\/imediata.org\/?p=1318<\/a><\/p>\n","protected":false},"excerpt":{"rendered":"<p>All the President&#8217;s Torturers (Todos os torturadores da\/o Presidente\/a) Fonte: Al-Jazeera People &#038; Power &#8211; All the President&#8217;s Torturers (Part One) Parte I http:\/\/youtu.be\/FFt0P4GvmTc People &#038; Power &#8211; All the President&#8217;s Torturers (Part Two) Parte II Para lan\u00e7ar mais luz sobre a sombria hist\u00f3ria nacional, recomendamos fortemente &#8220;O Dia que Durou 21 Anos&#8221; e &#8220;Cidad\u00e3o [&hellip;]<\/p>\n","protected":false},"author":1,"featured_media":0,"comment_status":"open","ping_status":"open","sticky":false,"template":"","format":"standard","meta":{"footnotes":""},"categories":[91,9,78],"tags":[2044,859,2045,2043],"class_list":["post-3537","post","type-post","status-publish","format-standard","hentry","category-imperio_poder_globalizacao","category-lance-de-dados","category-ovideo","tag-all-the-presidents-torturers-todos-os-torturadores-dao-presidentea","tag-comissao-da-verdade","tag-ditadura-no-brasil","tag-tortura-no-brasil"],"_links":{"self":[{"href":"https:\/\/imediata.org\/index.php?rest_route=\/wp\/v2\/posts\/3537","targetHints":{"allow":["GET"]}}],"collection":[{"href":"https:\/\/imediata.org\/index.php?rest_route=\/wp\/v2\/posts"}],"about":[{"href":"https:\/\/imediata.org\/index.php?rest_route=\/wp\/v2\/types\/post"}],"author":[{"embeddable":true,"href":"https:\/\/imediata.org\/index.php?rest_route=\/wp\/v2\/users\/1"}],"replies":[{"embeddable":true,"href":"https:\/\/imediata.org\/index.php?rest_route=%2Fwp%2Fv2%2Fcomments&post=3537"}],"version-history":[{"count":5,"href":"https:\/\/imediata.org\/index.php?rest_route=\/wp\/v2\/posts\/3537\/revisions"}],"predecessor-version":[{"id":3539,"href":"https:\/\/imediata.org\/index.php?rest_route=\/wp\/v2\/posts\/3537\/revisions\/3539"}],"wp:attachment":[{"href":"https:\/\/imediata.org\/index.php?rest_route=%2Fwp%2Fv2%2Fmedia&parent=3537"}],"wp:term":[{"taxonomy":"category","embeddable":true,"href":"https:\/\/imediata.org\/index.php?rest_route=%2Fwp%2Fv2%2Fcategories&post=3537"},{"taxonomy":"post_tag","embeddable":true,"href":"https:\/\/imediata.org\/index.php?rest_route=%2Fwp%2Fv2%2Ftags&post=3537"}],"curies":[{"name":"wp","href":"https:\/\/api.w.org\/{rel}","templated":true}]}}