{"id":3527,"date":"2013-04-19T01:43:40","date_gmt":"2013-04-19T01:43:40","guid":{"rendered":"http:\/\/imediata.org\/?p=3527"},"modified":"2013-04-19T14:36:08","modified_gmt":"2013-04-19T14:36:08","slug":"cinco-minutos-nem-isso-com-nigel-farage-no-parlamento-europeu-em-debate-sobre-chipre-%e2%80%9cvoce-sao-criminosos-comuns%e2%80%9d","status":"publish","type":"post","link":"https:\/\/imediata.org\/?p=3527","title":{"rendered":">> Cinco minutos (nem isso) com Nigel Farage no Parlamento Europeu em debate sobre Chipre: \u201cVoc\u00eas s\u00e3o criminosos comuns\u201d"},"content":{"rendered":"<p><\/br><br \/>\n<strong>Cinco minutos (nem isso) com Nigel Farage no Parlamento Europeu em debate sobre Chipre: \u201cVoc\u00eas s\u00e3o criminosos comuns\u201d.<br \/>\n<\/br><\/p>\n<p>EU Common Criminals<\/strong><br \/>\n<iframe loading=\"lazy\" title=\"EU Common Criminals\" width=\"640\" height=\"480\" src=\"https:\/\/www.youtube.com\/embed\/BfK3_kJ4z7k?feature=oembed\" frameborder=\"0\" allow=\"accelerometer; autoplay; clipboard-write; encrypted-media; gyroscope; picture-in-picture; web-share\" referrerpolicy=\"strict-origin-when-cross-origin\" allowfullscreen><\/iframe><br \/>\n<\/br><br \/>\nFonte: <a href=\"http:\/\/www.ukipmeps.org\/articles_649_Farage-You-are-common-criminals.html\">http:\/\/www.ukipmeps.org\/articles_649_Farage-You-are-common-criminals.html<\/a><br \/>\n<\/br><br \/>\n<strong>Em Estrasburgo, no Parlamento Europeu, em 17 de abril de 2013<br \/>\nTradu\u00e7\u00e3o da transcri\u00e7\u00e3o: Mario S. Mieli<br \/>\n<\/br><br \/>\n\u201cAnos atr\u00e1s, a Sra. Thatcher reconheceu a verdade por tr\u00e1s do Projeto Europeu. Ela viu que se tratava da destrui\u00e7\u00e3o da democracia dos estados-na\u00e7\u00f5es e da cess\u00e3o da soberania a pessoas que n\u00e3o deviam satisfa\u00e7\u00e3o a ningu\u00e9m.<br \/>\n<\/br><br \/>\nSabendo que o euro n\u00e3o teria funcionado, percebeu que o projeto era extremamente perigoso. Agora n\u00f3s do UKIP temos a mesma vis\u00e3o e tentei atrav\u00e9s dos anos, neste parlamento, prever quais seriam os pr\u00f3ximos lances, enquanto o desastre do euro se desdobrava sob nossos olhos. <\/br><br \/>\n?Mas nem eu, em meus discursos mais pessimistas, teria podido imaginar, Sr. Rehn, que o Sr. e os outros da Troika, teriam descido ao n\u00edvel de criminosos comuns para roubar dinheiro das contas banc\u00e1rias do povo com o fim de manter esse fiasco total que \u00e9 o euro.<br \/>\n<\/br><br \/>\nVoc\u00eas tentaram at\u00e9 roubar dinheiro dos pequenos investidores, em total viola\u00e7\u00e3o da promessa que fizeram em 2008!<br \/>\n<br \/>\nBem, o precedente foi criado, e se considerarmos pa\u00edses como a Espanha, onde as fal\u00eancias empresariais chegam a 45% ao ano, podemos adivinhar que planos voc\u00eas t\u00eam para lidar com os outros resgates, assim que se apresentarem.  <br \/>\nDevo dizer que a mensagem enviada aos investidores \u00e9 clara e forte: Saquem o dinheiro da eurozona antes que fa\u00e7am o mesmo com voc\u00eas. O que voc\u00eas fizeram em Chipre \u00e9 tocar os sinos para a morte do euro. Ningu\u00e9m na comunidade internacional ter\u00e1 mais confian\u00e7a de deixar aqui seu dinheiro.<br \/>\n<\/br><br \/>\nE que ironia \u00e9 ver o primeiro-ministro russo Dmitry Medvedev falar dos atos de voc\u00eas dizendo: \u201cPosso compar\u00e1-los s\u00f3 a algumas decis\u00f5es tomadas pelas autoridades sovi\u00e9tica.\u201d<br \/>\n<\/br><br \/>\nE depois temos uma nova proposta alem\u00e3 que diz que, na realidade, dever\u00edamos confiscar parte do valor das propriedades dos povos dos estados mediterr\u00e2neos, no sul da eurozona.<br \/>\n<\/br><br \/>\nEssa Uni\u00e3o Europeia \u00e9 o novo comunismo. \u00c9 poder sem limites. \u00c9 criar uma onda de desespero humano; e quanto antes for varrida, tanto melhor.<br \/>\n<\/br><br \/>\nE o que dizer desse consenso, desse parlamento? O parlamento tem a capacidade de exigir uma satisfa\u00e7\u00e3o da Comiss\u00e3o. Coloquei sobre a mesa um debate para uma mo\u00e7\u00e3o de desconfian\u00e7a. Pergunto-me se algu\u00e9m de voc\u00eas tenha a coragem de admiti-la e apoi\u00e1-la. Duvido muito.<br \/>\n<\/br><br \/>\nE me dizem que h\u00e1 uma nova Thatcher na Europa e que se chama Frits Bolkenstein. E ele disse sobre este parlamento \u2013 vejam bem que se trata de um ex-commiss\u00e1rio: \u201cN\u00e3o \u00e9 mais representativo do cidad\u00e3o holand\u00eas ou europeu. O Parlamento Europeu sobreviveu a uma fantasia federalista que n\u00e3o \u00e9 mais sustent\u00e1vel.\u201d  <\/p>\n<p><\/br><br \/>\nComo ele est\u00e1 certo!<\/p>\n<p><\/strong><\/p>\n","protected":false},"excerpt":{"rendered":"<p>Cinco minutos (nem isso) com Nigel Farage no Parlamento Europeu em debate sobre Chipre: \u201cVoc\u00eas s\u00e3o criminosos comuns\u201d. EU Common Criminals Fonte: http:\/\/www.ukipmeps.org\/articles_649_Farage-You-are-common-criminals.html Em Estrasburgo, no Parlamento Europeu, em 17 de abril de 2013 Tradu\u00e7\u00e3o da transcri\u00e7\u00e3o: Mario S. Mieli \u201cAnos atr\u00e1s, a Sra. Thatcher reconheceu a verdade por tr\u00e1s do Projeto Europeu. Ela viu [&hellip;]<\/p>\n","protected":false},"author":1,"featured_media":0,"comment_status":"open","ping_status":"open","sticky":false,"template":"","format":"standard","meta":{"footnotes":""},"categories":[212,68,9],"tags":[2041,95,295,2040],"class_list":["post-3527","post","type-post","status-publish","format-standard","hentry","category-cinco-minutos","category-dossie-queda-da-rua-do-muro","category-lance-de-dados","tag-chipre","tag-mario-s-mieli","tag-nigel-farage","tag-parlamento-europeu"],"_links":{"self":[{"href":"https:\/\/imediata.org\/index.php?rest_route=\/wp\/v2\/posts\/3527","targetHints":{"allow":["GET"]}}],"collection":[{"href":"https:\/\/imediata.org\/index.php?rest_route=\/wp\/v2\/posts"}],"about":[{"href":"https:\/\/imediata.org\/index.php?rest_route=\/wp\/v2\/types\/post"}],"author":[{"embeddable":true,"href":"https:\/\/imediata.org\/index.php?rest_route=\/wp\/v2\/users\/1"}],"replies":[{"embeddable":true,"href":"https:\/\/imediata.org\/index.php?rest_route=%2Fwp%2Fv2%2Fcomments&post=3527"}],"version-history":[{"count":3,"href":"https:\/\/imediata.org\/index.php?rest_route=\/wp\/v2\/posts\/3527\/revisions"}],"predecessor-version":[{"id":3541,"href":"https:\/\/imediata.org\/index.php?rest_route=\/wp\/v2\/posts\/3527\/revisions\/3541"}],"wp:attachment":[{"href":"https:\/\/imediata.org\/index.php?rest_route=%2Fwp%2Fv2%2Fmedia&parent=3527"}],"wp:term":[{"taxonomy":"category","embeddable":true,"href":"https:\/\/imediata.org\/index.php?rest_route=%2Fwp%2Fv2%2Fcategories&post=3527"},{"taxonomy":"post_tag","embeddable":true,"href":"https:\/\/imediata.org\/index.php?rest_route=%2Fwp%2Fv2%2Ftags&post=3527"}],"curies":[{"name":"wp","href":"https:\/\/api.w.org\/{rel}","templated":true}]}}