{"id":3476,"date":"2013-03-29T16:37:54","date_gmt":"2013-03-29T16:37:54","guid":{"rendered":"http:\/\/imediata.org\/?p=3476"},"modified":"2013-03-29T17:05:46","modified_gmt":"2013-03-29T17:05:46","slug":"maquiavelagens-19-%e2%80%93-alinhados-alienados-%e2%80%93-todas-as-dolorosas-estacoes-da-paixao-na-via-crucis-do-presente-urge-uma-boa-pascoa-reflexoes-cruzadas-de-artur-d%e2%80%99amaru","status":"publish","type":"post","link":"https:\/\/imediata.org\/?p=3476","title":{"rendered":">> Maquiavelagens 19 \u2013 Alinhados &#038; Alienados \u2013 Todas as dolorosas esta\u00e7\u00f5es da Paix\u00e3o, na Via Crucis do presente &#8211; Urge uma Boa P\u00e1scoa!!!  &#8211; reflex\u00f5es cruzadas de Artur d\u2019Amaru"},"content":{"rendered":"<p><strong><\/br><br \/>\nMaquiavelagens 19 \u2013 Alinhados &#038; Alienados \u2013 Todas as dolorosas esta\u00e7\u00f5es da Paix\u00e3o, na Via Crucis do presente &#8211; Urge uma Boa P\u00e1scoa!!!  &#8211; reflex\u00f5es cruzadas de Artur d\u2019Amaru<br \/>\n<\/br><br \/>\n<a href=\"http:\/\/imediata.org\/wp-content\/uploads\/2013\/03\/PASQUA.jpg\"><img loading=\"lazy\" decoding=\"async\" src=\"http:\/\/imediata.org\/wp-content\/uploads\/2013\/03\/PASQUA.jpg\" alt=\"\" title=\"PASQUA\" width=\"299\" height=\"181\" class=\"alignright size-full wp-image-3477\" \/><\/a><\/p>\n<p><\/br><\/p>\n<p>Obrigados a aguentar um claustrof\u00f3bico ar irrespir\u00e1vel de polui\u00e7\u00e3o fecal, industrial, at\u00f4mica e eletromagn\u00e9tica<br \/>\nenquanto<br \/>\nnos encolhem, atravancam e enfartam<br \/>\n<\/br><\/p>\n<p>Alimentados compulsoriamente por indigestas ra\u00e7\u00f5es transg\u00eanicas diabolicamente temperadas ao molho agrot\u00f3xico, for\u00e7adamente irradiadas para tornar a comida propositalmente desproteinada e que, depois, ser\u00e1<br \/>\napressadamente requentada e arrostada por infernais e cancer\u00edgenos entulhos na forma de fornos micro-ondas<br \/>\nenquanto<br \/>\nsimultaneamente nos acidificam a terra e patenteiam frankensteins-sementes est\u00e9reis<br \/>\n<\/br><\/p>\n<p>Vacinados cumulativamente para silenciarmos nossas defesas naturais, atulharmos nossos corpos e tragarmos desgra\u00e7as repugnantes na formas de futuras doen\u00e7as, enfermidades e megamol\u00e9stias,<br \/>\nao inv\u00e9s de preveni-las e combat\u00ea-las,<br \/>\nenquanto se enrobustecem o Farmaggedon e o Sistema de Gera\u00e7\u00e3o de Doen\u00e7as<br \/>\n<\/br><\/p>\n<p>Tributados canalhescamente por m\u00faltiplas entidades-siglas que embolsam e capitalizam maniacamente o suor de nossa escravizada labuta,<br \/>\nenquanto<br \/>\nnos privatizam indiscriminadamente a \u00e1gua, previamente fluorada, que nos entucham goela abaixo para viciosamente nos cretinizar e emudecer<br \/>\n<\/br><\/p>\n<p>Espoliados cleptocraticamente pela tirania financeira dos bancos e seus agentes nos podres poderes constitu\u00eddos,<br \/>\nenquanto<br \/>\nfamigeradamente nos calam a boca, fazendo-nos engolir<br \/>\ntodos os dispositivos obturadores, obstruidores, tapadores, entupidores da insaci\u00e1vel sociedade de repress\u00e3o e controle<br \/>\n<\/br><\/p>\n<p>Deseducados despudoradamente por um sistema de deseduca\u00e7\u00e3o pasteurizante que s\u00f3 mente e nos congela a mente,<br \/>\nenquanto<br \/>\nnos domesticam nem t\u00e3o ocultamente para padecermos da impossibilidade de realizarmos nossos potenciais<\/p>\n<p><\/br><\/p>\n<p>Desentretidos imbecilizadoramente por arrogantes bigbrothers assumidos ou dissimulados que  nos chacoteiam e zombificam,<br \/>\nfazendo passar por divers\u00e3o o que \u00e9 s\u00f3 semear t\u00e9dio, aborrecimento e, sobretudo, medo e sofrimento<br \/>\n<\/br><\/p>\n<p>Socados besta  e incessantemente pelas merdim\u00eddias demenciais e desinformantes<br \/>\nque s\u00f3 existem como assist\u00eancia aos clientes-d\u00e9spotas para<br \/>\nnos conformar, nos adequar, nos homogeneizar, e que<br \/>\ncom o pretexto de nos informar, nos abafam a aten\u00e7\u00e3o, congra\u00e7ando-nos num abomin\u00e1vel publi-lixo de marketing escatol\u00f3gico<br \/>\n<\/br><\/p>\n<p>A\u00e7oitados misteriosamente por rastros qu\u00edmicos<br \/>\ncontaminantes do c\u00e9u<br \/>\nenquanto desvirtuam nossa condi\u00e7\u00e3o humana<br \/>\na qual, vilmente, almejam se torne transhumana<br \/>\n<\/br><\/p>\n<p>Desespiritualizados patifamente por furtadores de alma, rapinadores de esp\u00edrito, predadores de consci\u00eancias, impondo-nos descomunh\u00f5es,<br \/>\nenquanto<br \/>\nprosperam suas patifes e vigaristas religi\u00f5es-neg\u00f3cio.<\/p>\n<p><\/br><\/p>\n<p>Oh, meu bom Jesus de Matosinhos,<br \/>\nURGE UMA BOA P\u00c1SCOA!!!<br \/>\n<\/strong><br \/>\n<\/br><br \/>\n<a href=\"http:\/\/imediata.org\/wp-content\/uploads\/2013\/03\/foto-Dion-van-Huyssteen-032812-2.jpg\"><img loading=\"lazy\" decoding=\"async\" src=\"http:\/\/imediata.org\/wp-content\/uploads\/2013\/03\/foto-Dion-van-Huyssteen-032812-2.jpg\" alt=\"\" title=\"foto Dion van Huyssteen 032812-2\" width=\"306\" height=\"340\" class=\"alignright size-full wp-image-3478\" srcset=\"https:\/\/imediata.org\/wp-content\/uploads\/2013\/03\/foto-Dion-van-Huyssteen-032812-2.jpg 306w, https:\/\/imediata.org\/wp-content\/uploads\/2013\/03\/foto-Dion-van-Huyssteen-032812-2-270x300.jpg 270w\" sizes=\"auto, (max-width: 306px) 100vw, 306px\" \/><\/a><br \/>\n<strong>foto de Dion van Huyssteen<\/strong><\/p>\n","protected":false},"excerpt":{"rendered":"<p>Maquiavelagens 19 \u2013 Alinhados &#038; Alienados \u2013 Todas as dolorosas esta\u00e7\u00f5es da Paix\u00e3o, na Via Crucis do presente &#8211; Urge uma Boa P\u00e1scoa!!! &#8211; reflex\u00f5es cruzadas de Artur d\u2019Amaru Obrigados a aguentar um claustrof\u00f3bico ar irrespir\u00e1vel de polui\u00e7\u00e3o fecal, industrial, at\u00f4mica e eletromagn\u00e9tica enquanto nos encolhem, atravancam e enfartam Alimentados compulsoriamente por indigestas ra\u00e7\u00f5es transg\u00eanicas [&hellip;]<\/p>\n","protected":false},"author":1,"featured_media":0,"comment_status":"open","ping_status":"open","sticky":false,"template":"","format":"standard","meta":{"footnotes":""},"categories":[4,9,1081],"tags":[1999,157,2000],"class_list":["post-3476","post","type-post","status-publish","format-standard","hentry","category-al-manakh","category-lance-de-dados","category-maquiavelanges","tag-alinhados-alienados","tag-artur-damaru","tag-boa-pasqua"],"_links":{"self":[{"href":"https:\/\/imediata.org\/index.php?rest_route=\/wp\/v2\/posts\/3476","targetHints":{"allow":["GET"]}}],"collection":[{"href":"https:\/\/imediata.org\/index.php?rest_route=\/wp\/v2\/posts"}],"about":[{"href":"https:\/\/imediata.org\/index.php?rest_route=\/wp\/v2\/types\/post"}],"author":[{"embeddable":true,"href":"https:\/\/imediata.org\/index.php?rest_route=\/wp\/v2\/users\/1"}],"replies":[{"embeddable":true,"href":"https:\/\/imediata.org\/index.php?rest_route=%2Fwp%2Fv2%2Fcomments&post=3476"}],"version-history":[{"count":3,"href":"https:\/\/imediata.org\/index.php?rest_route=\/wp\/v2\/posts\/3476\/revisions"}],"predecessor-version":[{"id":3481,"href":"https:\/\/imediata.org\/index.php?rest_route=\/wp\/v2\/posts\/3476\/revisions\/3481"}],"wp:attachment":[{"href":"https:\/\/imediata.org\/index.php?rest_route=%2Fwp%2Fv2%2Fmedia&parent=3476"}],"wp:term":[{"taxonomy":"category","embeddable":true,"href":"https:\/\/imediata.org\/index.php?rest_route=%2Fwp%2Fv2%2Fcategories&post=3476"},{"taxonomy":"post_tag","embeddable":true,"href":"https:\/\/imediata.org\/index.php?rest_route=%2Fwp%2Fv2%2Ftags&post=3476"}],"curies":[{"name":"wp","href":"https:\/\/api.w.org\/{rel}","templated":true}]}}