{"id":3451,"date":"2013-03-09T01:19:52","date_gmt":"2013-03-09T01:19:52","guid":{"rendered":"http:\/\/imediata.org\/?p=3451"},"modified":"2013-03-09T01:20:47","modified_gmt":"2013-03-09T01:20:47","slug":"manifesto-doa-anti-empresarioa-por-danielle-leduc","status":"publish","type":"post","link":"https:\/\/imediata.org\/?p=3451","title":{"rendered":">> Manifesto do\/a anti-(em)pres\u00e1rio\/a, por Danielle Leduc"},"content":{"rendered":"<p><\/br><strong><br \/>\nManifesto do\/a anti-empres\u00e1rio\/a<br \/>\n<\/br><br \/>\nQuero ser curador de mim mesmo, um anti-(em)pres\u00e1rio, uma pessoa.<br \/>\n<\/br><br \/>\nPor: Danielle Leduc<br \/>\nFonte: <a href=\"http:\/\/www.adbusters.org\/magazine\/106\/anti-preneur-manifesto.html\">adbusters de 8\/3\/2013<\/a><br \/>\nTradu\u00e7\u00e3o: Mario S. Mieli<\/strong><br \/>\n<\/br><br \/>\n<a href=\"http:\/\/imediata.org\/wp-content\/uploads\/2013\/03\/adbusters_106_antripreneur_S.jpg\"><img loading=\"lazy\" decoding=\"async\" src=\"http:\/\/imediata.org\/wp-content\/uploads\/2013\/03\/adbusters_106_antripreneur_S.jpg\" alt=\"\" title=\"adbusters_106_antripreneur_S\" width=\"668\" height=\"360\" class=\"alignright size-full wp-image-3452\" srcset=\"https:\/\/imediata.org\/wp-content\/uploads\/2013\/03\/adbusters_106_antripreneur_S.jpg 668w, https:\/\/imediata.org\/wp-content\/uploads\/2013\/03\/adbusters_106_antripreneur_S-300x161.jpg 300w\" sizes=\"auto, (max-width: 668px) 100vw, 668px\" \/><\/a><br \/>\n<\/br><br \/>\n<a href=\"http:\/\/imediata.org\/wp-content\/uploads\/2013\/03\/omologazione.jpg\"><img loading=\"lazy\" decoding=\"async\" src=\"http:\/\/imediata.org\/wp-content\/uploads\/2013\/03\/omologazione.jpg\" alt=\"\" title=\"omologazione\" width=\"642\" height=\"475\" class=\"alignright size-full wp-image-3453\" srcset=\"https:\/\/imediata.org\/wp-content\/uploads\/2013\/03\/omologazione.jpg 642w, https:\/\/imediata.org\/wp-content\/uploads\/2013\/03\/omologazione-300x221.jpg 300w\" sizes=\"auto, (max-width: 642px) 100vw, 642px\" \/><\/a><br \/>\n<\/br><\/p>\n<p><strong>N\u00e3o quero ser designer, comerciante ou market\u00f3logo, ilustrador, criador de marcas, consultor de m\u00eddia social, guru de multiplataformas, mago das interfaces, redator publicit\u00e1rio, assistente tecnol\u00f3gico, aplicador, rei da est\u00e9tica, ilustre usu\u00e1rio, maximizador de lucros, analista de resultados finais, gerador de memes, rastreador de hits, repostador,  blogger patrocinado, comentador estrelado, varejista online, rel\u00ea viral, manejador, fonte ou p\u00e1gina. N\u00e3o quero ser linkado, sintonizado, \u2018gostado\u2019, incorporado, listado ou programado. N\u00e3o quero ser uma marca, um representante, um embaixador, um best-seller ou um topo da lista. N\u00e3o quero ser um recurso humano ou parte de seu capital humano.  <\/strong><br \/>\n<\/br><\/p>\n<p>N\u00e3o quero ser um empres\u00e1rio de mim mesmo.<br \/>\n<\/br><\/p>\n<p>N\u00e3o d\u00ea ouvidos aos fundadores, empregadores, jornais,  especialistas, editores, previsores, pesquisadores, criadores de marcas, consultores de carreira, primeiros ministros,  mercado de trabalho, Michel Foucault ou ao seu arrogante irm\u00e3o no campo das finan\u00e7as \u2013 h\u00e1 algo a mais!<br \/>\n<\/br><\/p>\n<p>Quero ser um amante, um professor, um caminhante, um juntador de palavras, um escultor do imaterial, um fazedor de instrumentos, um fil\u00f3sofo socr\u00e1tico e uma musa err\u00e1tica. Quero ser um centro comunit\u00e1rio, uma obra de arte, um roteiro cursivo inst\u00e1vel, e uma \u00e1rvore velha! Quero ser um desregulador, um criador, um vision\u00e1rio apocal\u00edptico, um mestre da reconfigura\u00e7\u00e3o, um pai hip\u00f3crita, um download ilegal e um escolha-sua-pr\u00f3pria-aventura! Quero ser um renegado agitador! Um lambedor de sorvete! Um organizador de traquinices! Uma carga liberada! Um salto duplo do trampolim! Um jovem desobediente! Um volunt\u00e1rio! Um parceiro.<br \/>\n<\/br><\/p>\n<p>Quero ser um curador de mim mesmo, um anti-empres\u00e1rio, uma pessoa. Ilimitadas disponibilidades. N\u00e3o se exige nenhum seguidor. S\u00f3 amigos.<br \/>\n<\/br><\/p>\n","protected":false},"excerpt":{"rendered":"<p>Manifesto do\/a anti-empres\u00e1rio\/a Quero ser curador de mim mesmo, um anti-(em)pres\u00e1rio, uma pessoa. Por: Danielle Leduc Fonte: adbusters de 8\/3\/2013 Tradu\u00e7\u00e3o: Mario S. Mieli N\u00e3o quero ser designer, comerciante ou market\u00f3logo, ilustrador, criador de marcas, consultor de m\u00eddia social, guru de multiplataformas, mago das interfaces, redator publicit\u00e1rio, assistente tecnol\u00f3gico, aplicador, rei da est\u00e9tica, ilustre usu\u00e1rio, [&hellip;]<\/p>\n","protected":false},"author":1,"featured_media":0,"comment_status":"open","ping_status":"open","sticky":false,"template":"","format":"standard","meta":{"footnotes":""},"categories":[8,81,82],"tags":[1984,1983,95],"class_list":["post-3451","post","type-post","status-publish","format-standard","hentry","category-anarcom","category-imediartivismo","category-midia_corporativa","tag-danielle-leduc","tag-manifesto-do-anti-empresario","tag-mario-s-mieli"],"_links":{"self":[{"href":"https:\/\/imediata.org\/index.php?rest_route=\/wp\/v2\/posts\/3451","targetHints":{"allow":["GET"]}}],"collection":[{"href":"https:\/\/imediata.org\/index.php?rest_route=\/wp\/v2\/posts"}],"about":[{"href":"https:\/\/imediata.org\/index.php?rest_route=\/wp\/v2\/types\/post"}],"author":[{"embeddable":true,"href":"https:\/\/imediata.org\/index.php?rest_route=\/wp\/v2\/users\/1"}],"replies":[{"embeddable":true,"href":"https:\/\/imediata.org\/index.php?rest_route=%2Fwp%2Fv2%2Fcomments&post=3451"}],"version-history":[{"count":2,"href":"https:\/\/imediata.org\/index.php?rest_route=\/wp\/v2\/posts\/3451\/revisions"}],"predecessor-version":[{"id":3455,"href":"https:\/\/imediata.org\/index.php?rest_route=\/wp\/v2\/posts\/3451\/revisions\/3455"}],"wp:attachment":[{"href":"https:\/\/imediata.org\/index.php?rest_route=%2Fwp%2Fv2%2Fmedia&parent=3451"}],"wp:term":[{"taxonomy":"category","embeddable":true,"href":"https:\/\/imediata.org\/index.php?rest_route=%2Fwp%2Fv2%2Fcategories&post=3451"},{"taxonomy":"post_tag","embeddable":true,"href":"https:\/\/imediata.org\/index.php?rest_route=%2Fwp%2Fv2%2Ftags&post=3451"}],"curies":[{"name":"wp","href":"https:\/\/api.w.org\/{rel}","templated":true}]}}