{"id":3368,"date":"2013-02-22T13:26:29","date_gmt":"2013-02-22T13:26:29","guid":{"rendered":"http:\/\/imediata.org\/?p=3368"},"modified":"2013-02-22T13:26:29","modified_gmt":"2013-02-22T13:26:29","slug":"na-europa-o-segundo-ato-da-tragedia-esta-para-comecar-por-franco-berardi-bifo","status":"publish","type":"post","link":"https:\/\/imediata.org\/?p=3368","title":{"rendered":">> Na Europa, o segundo ato da trag\u00e9dia est\u00e1 para come\u00e7ar, por Franco Berardi Bifo"},"content":{"rendered":"<p><\/br><br \/>\n<strong>Na Europa, o segundo ato da trag\u00e9dia est\u00e1 para come\u00e7ar<br \/>\n<\/br><\/p>\n<p><<a href=\"http:\/\/imediata.org\/wp-content\/uploads\/2013\/02\/adbusters_106_bifoeurope_S.jpg\"><img loading=\"lazy\" decoding=\"async\" src=\"http:\/\/imediata.org\/wp-content\/uploads\/2013\/02\/adbusters_106_bifoeurope_S.jpg\" alt=\"\" title=\"adbusters_106_bifoeurope_S\" width=\"668\" height=\"360\" class=\"alignright size-full wp-image-3369\" srcset=\"https:\/\/imediata.org\/wp-content\/uploads\/2013\/02\/adbusters_106_bifoeurope_S.jpg 668w, https:\/\/imediata.org\/wp-content\/uploads\/2013\/02\/adbusters_106_bifoeurope_S-300x161.jpg 300w\" sizes=\"auto, (max-width: 668px) 100vw, 668px\" \/><\/a><br \/>\nNIGHT STREET BY FLOSV ON FLICKR<br \/>\n<\/br><br \/>\nPor: Franco Berardi Bifo<br \/>\nFonte: <a href=\"http:\/\/www.adbusters.org\/magazine\/106\/europe.html\">adbusters<\/a>  &#8211; O colapso mental de uma na\u00e7\u00e3o &#8211; 21 de fevereiro de 2013<br \/>\nTradu\u00e7\u00e3o: Mario S. Mieli<\/strong><br \/>\n<\/br><br \/>\nO primeiro ato da trag\u00e9dia europeia acabou: a d\u00edvida tomou o lugar central na constitui\u00e7\u00e3o material da Eurozona, gerando o desmantelamento triunfante da democracia e o empobrecimento da vida social.<br \/>\n<\/br><br \/>\nQuais s\u00e3o as m\u00e1ximas do \u201cdiktat\u201d Financeiro? Destruir vida \u2013 incitar o colapso das estruturas da vida civil \u2013 com o prop\u00f3sito de salvar o sistema banc\u00e1rio. Enquanto isso, novos dados da Uni\u00e3o Europeia mostram que os pa\u00edses que cortaram seus or\u00e7amentos mais impiedosamente em nome da austeridade viram sua carga total de d\u00edvida aumentar em propor\u00e7\u00e3o \u00e0s suas economias. Isso fornece evid\u00eancia irrefut\u00e1vel de que severos cortes nos or\u00e7amentos governamentais em tempos de recess\u00e3o econ\u00f4mica est\u00e3o permanentemente destruindo qualquer possibilidade de recupera\u00e7\u00e3o econ\u00f4mica. O aumento da d\u00edvida e a recess\u00e3o est\u00e3o se alimentando mutuamente, enquanto os recursos e o dinheiro s\u00e3o transferidos para a classe financeira.<br \/>\n<\/br><br \/>\n<a href=\"http:\/\/imediata.org\/wp-content\/uploads\/2013\/02\/we-are-the-99.jpg\"><img loading=\"lazy\" decoding=\"async\" src=\"http:\/\/imediata.org\/wp-content\/uploads\/2013\/02\/we-are-the-99.jpg\" alt=\"\" title=\"we-are-the-99\" width=\"410\" height=\"200\" class=\"alignright size-full wp-image-3370\" srcset=\"https:\/\/imediata.org\/wp-content\/uploads\/2013\/02\/we-are-the-99.jpg 410w, https:\/\/imediata.org\/wp-content\/uploads\/2013\/02\/we-are-the-99-300x146.jpg 300w\" sizes=\"auto, (max-width: 410px) 100vw, 410px\" \/><\/a><br \/>\n<\/br><br \/>\n<strong>O segundo ato da trag\u00e9dia europeia come\u00e7a agora: o faturamento dos estados nacionais, o aumento do \u00f3dio anti-alem\u00e3o, o crescimento de partidos fascistas na Gr\u00e9cia, It\u00e1lia, Hungria, Finl\u00e2ndia e em outros lugares.<\/strong><br \/>\n<\/br><br \/>\n<a href=\"http:\/\/imediata.org\/wp-content\/uploads\/2013\/02\/europa-fascista.png\"><img loading=\"lazy\" decoding=\"async\" src=\"http:\/\/imediata.org\/wp-content\/uploads\/2013\/02\/europa-fascista.png\" alt=\"\" title=\"europa-fascista\" width=\"500\" height=\"333\" class=\"alignright size-full wp-image-3371\" srcset=\"https:\/\/imediata.org\/wp-content\/uploads\/2013\/02\/europa-fascista.png 500w, https:\/\/imediata.org\/wp-content\/uploads\/2013\/02\/europa-fascista-300x199.png 300w\" sizes=\"auto, (max-width: 500px) 100vw, 500px\" \/><\/a><br \/>\n<\/br><br \/>\n Da \u201cbancaniza\u00e7\u00e3o\u201d \u2013 submiss\u00e3o da Europa aos interesses do sistema banc\u00e1rio \u2013 \u00e0 balcaniza\u00e7\u00e3o: prolifera\u00e7\u00e3o de conflitos nacionalistas e \u00e9tnicos que levam ao espectro de uma guerra civil continental. O buraco negro da abstra\u00e7\u00e3o financeira est\u00e1 engolindo os recursos sociais e destruindo a pot\u00eancia produtiva do intelecto geral, enquanto a civiliza\u00e7\u00e3o social est\u00e1 investida e corro\u00edda pelas met\u00e1stases do c\u00e2ncer financeiro.<br \/>\n<\/br><br \/>\n<a href=\"http:\/\/imediata.org\/wp-content\/uploads\/2013\/02\/t_18_02_2013.jpg\"><img loading=\"lazy\" decoding=\"async\" src=\"http:\/\/imediata.org\/wp-content\/uploads\/2013\/02\/t_18_02_2013.jpg\" alt=\"\" title=\"t_18_02_2013\" width=\"330\" height=\"401\" class=\"alignright size-full wp-image-3372\" srcset=\"https:\/\/imediata.org\/wp-content\/uploads\/2013\/02\/t_18_02_2013.jpg 330w, https:\/\/imediata.org\/wp-content\/uploads\/2013\/02\/t_18_02_2013-246x300.jpg 246w\" sizes=\"auto, (max-width: 330px) 100vw, 330px\" \/><\/a><br \/>\nimagem via rebelion.org<br \/>\n<\/br><br \/>\nEst\u00e1 claro que a expans\u00e3o econ\u00f4mica terminou e nunca retornar\u00e1. O decrescimento n\u00e3o \u00e9 mais uma escolha moral ou pol\u00edtica que podemos aceitar ou recusar. Na Europa, o Decrescimento \u00e9 um dado, uma consequ\u00eancia da redistribui\u00e7\u00e3o global da divis\u00e3o do trabalho e a exaust\u00e3o dos recursos naturais. Se o nosso futuro for sin\u00f4nimo de Crescimento, nosso futuro est\u00e1 morto.<br \/>\n<\/br><br \/>\nMas dever\u00edamos ser capazes de mudar nossas expectativas&#8230; de libertar nossas no\u00e7\u00f5es de vida boa da perspectiva capitalista de um Crescimento sem fim&#8230; de imaginar um futuro fora da ideia de progresso.<br \/>\n<\/br><br \/>\n<a href=\"http:\/\/imediata.org\/wp-content\/uploads\/2013\/02\/p_18_02_2013.jpg\"><img loading=\"lazy\" decoding=\"async\" src=\"http:\/\/imediata.org\/wp-content\/uploads\/2013\/02\/p_18_02_2013.jpg\" alt=\"\" title=\"p_18_02_2013\" width=\"310\" height=\"430\" class=\"alignright size-full wp-image-3373\" srcset=\"https:\/\/imediata.org\/wp-content\/uploads\/2013\/02\/p_18_02_2013.jpg 310w, https:\/\/imediata.org\/wp-content\/uploads\/2013\/02\/p_18_02_2013-216x300.jpg 216w\" sizes=\"auto, (max-width: 310px) 100vw, 310px\" \/><\/a><br \/>\nimagem via rebelion.org<br \/>\n<\/br><br \/>\nA ditadura financeira est\u00e1 cortando sal\u00e1rios e aumentando o tempo de trabalho. Mas, aumentando o desemprego e espalhando a recess\u00e3o, ela tamb\u00e9m torna poss\u00edvel para n\u00f3s transformar o Decrescimento em um enriquecimento da vida e de nosso prazer coletivo. Uma grande onda de protestos est\u00e1 no horizonte, mas as formas tradicionais de ativismo expuseram sua inefic\u00e1cia: demonstra\u00e7\u00f5es, greves, protestos pac\u00edficos s\u00e3o ineficazes porque agora o poder financeiro prov\u00e9m da din\u00e2mica desencarnada  que permanece intoc\u00e1vel pelos corpos f\u00edsicos de nossos movimentos.<br \/>\n<\/br><br \/>\n<strong>S\u00f3 uma retirada organizada, s\u00f3 uma insolv\u00eancia maci\u00e7a pode desarmar o ataque financeiro, e isso requer solidariedade. E solidariedade s\u00f3 pode se basear na empatia.<\/strong><br \/>\n<\/br><br \/>\nComo podemos recriar a solidariedade numa era em que a precariedade nos transformou em fragmentos despersonalizados de tempo, isolados pelas nossas solid\u00f5es?<br \/>\n<\/br><br \/>\n<strong>Em um mundo onde a competi\u00e7\u00e3o se tornou a forma universal de rela\u00e7\u00e3o social, redescobrir a solidariedade no meio do colapso social \u00e9 o primeiro passo em dire\u00e7\u00e3o \u00e0 recomposi\u00e7\u00e3o da insurrei\u00e7\u00e3o social.<\/strong><br \/>\n<\/br><br \/>\n<a href=\"http:\/\/imediata.org\/wp-content\/uploads\/2013\/02\/Adbusters_106.jpg\"><img loading=\"lazy\" decoding=\"async\" src=\"http:\/\/imediata.org\/wp-content\/uploads\/2013\/02\/Adbusters_106.jpg\" alt=\"\" title=\"Adbusters_106\" width=\"124\" height=\"162\" class=\"alignright size-full wp-image-3374\" \/><\/a><\/p>\n","protected":false},"excerpt":{"rendered":"<p>Na Europa, o segundo ato da trag\u00e9dia est\u00e1 para come\u00e7ar<\/p>\n","protected":false},"author":1,"featured_media":0,"comment_status":"open","ping_status":"open","sticky":false,"template":"","format":"standard","meta":{"footnotes":""},"categories":[8,68,6],"tags":[1952,173,257,122,95,1951,1950,1949,106,1567],"class_list":["post-3368","post","type-post","status-publish","format-standard","hentry","category-anarcom","category-dossie-queda-da-rua-do-muro","category-manhattando","tag-bancanizacao-e-balcanizacao","tag-capitalismo-financeiro","tag-ditadura-financeira","tag-franco-berardi-bifo","tag-mario-s-mieli","tag-recessao-economica","tag-rumo-dos-novos-movimentos-de-contestacao","tag-segundo-ato-da-tragedia","tag-solidariedade","tag-uniao-europeia"],"_links":{"self":[{"href":"https:\/\/imediata.org\/index.php?rest_route=\/wp\/v2\/posts\/3368","targetHints":{"allow":["GET"]}}],"collection":[{"href":"https:\/\/imediata.org\/index.php?rest_route=\/wp\/v2\/posts"}],"about":[{"href":"https:\/\/imediata.org\/index.php?rest_route=\/wp\/v2\/types\/post"}],"author":[{"embeddable":true,"href":"https:\/\/imediata.org\/index.php?rest_route=\/wp\/v2\/users\/1"}],"replies":[{"embeddable":true,"href":"https:\/\/imediata.org\/index.php?rest_route=%2Fwp%2Fv2%2Fcomments&post=3368"}],"version-history":[{"count":1,"href":"https:\/\/imediata.org\/index.php?rest_route=\/wp\/v2\/posts\/3368\/revisions"}],"predecessor-version":[{"id":3375,"href":"https:\/\/imediata.org\/index.php?rest_route=\/wp\/v2\/posts\/3368\/revisions\/3375"}],"wp:attachment":[{"href":"https:\/\/imediata.org\/index.php?rest_route=%2Fwp%2Fv2%2Fmedia&parent=3368"}],"wp:term":[{"taxonomy":"category","embeddable":true,"href":"https:\/\/imediata.org\/index.php?rest_route=%2Fwp%2Fv2%2Fcategories&post=3368"},{"taxonomy":"post_tag","embeddable":true,"href":"https:\/\/imediata.org\/index.php?rest_route=%2Fwp%2Fv2%2Ftags&post=3368"}],"curies":[{"name":"wp","href":"https:\/\/api.w.org\/{rel}","templated":true}]}}