{"id":3306,"date":"2013-02-04T20:25:46","date_gmt":"2013-02-04T20:25:46","guid":{"rendered":"http:\/\/imediata.org\/?p=3306"},"modified":"2013-02-04T20:25:46","modified_gmt":"2013-02-04T20:25:46","slug":"a-reocupacao-da-africa-por-manlio-dinucci","status":"publish","type":"post","link":"https:\/\/imediata.org\/?p=3306","title":{"rendered":">> A reocupa\u00e7\u00e3o da \u00c1frica, por Manlio Dinucci"},"content":{"rendered":"<p><\/br><br \/>\n<strong>A reocupa\u00e7\u00e3o da \u00c1frica<br \/>\n<\/br><br \/>\n<strong>por Manlio Dinucci<\/strong><br \/>\nFonte: <a href=\"http:\/\/www.ilmanifesto.it\/area-abbonati\/in-edicola\/manip2n1\/20130129\/manip2pg\/14\/manip2pz\/335194\/\">Il Manifesto<\/a>, via: <a href=\"http:\/\/www.tlaxcala-int.org\/article.asp?reference=9073\">http:\/\/www.tlaxcala-int.org\/article.asp?reference=9073<\/a><br \/>\nTradu\u00e7\u00e3o: Coletivo de tradutores Vila Vudu<\/strong><\/p>\n<p><\/br><br \/>\n<a href=\"http:\/\/imediata.org\/wp-content\/uploads\/2013\/02\/gal_6519.jpg\"><img loading=\"lazy\" decoding=\"async\" src=\"http:\/\/imediata.org\/wp-content\/uploads\/2013\/02\/gal_6519.jpg\" alt=\"\" title=\"gal_6519\" width=\"620\" height=\"439\" class=\"alignright size-full wp-image-3307\" srcset=\"https:\/\/imediata.org\/wp-content\/uploads\/2013\/02\/gal_6519.jpg 620w, https:\/\/imediata.org\/wp-content\/uploads\/2013\/02\/gal_6519-300x212.jpg 300w\" sizes=\"auto, (max-width: 620px) 100vw, 620px\" \/><\/a><br \/>\n<\/br><br \/>\n<strong><a href=\"http:\/\/tiagohoisel.blogspot.com.br\/\">Tiago Hoisel<\/a>, Brasil<\/strong><br \/>\n<\/br><br \/>\n<strong>No momento exato em que o presidente democrata Obama reafirmava, em seu discurso de coroa\u00e7\u00e3o que os EUA, \u201cfonte de esperan\u00e7a para os pobres, apoiam a democracia na \u00c1frica\u201d, enormes avi\u00f5es C-17 US transportavam soldados franceses para o Mali, onde Washington instalara no poder, ano passado, o capit\u00e3o Sanogo, adestrado nos EUA por Pent\u00e1gono e CIA \u2013 o que tornou muito mais agudos os conflitos internos locais.<\/strong><br \/>\n<\/br><\/p>\n<p><strong>A rapidez com que foi lan\u00e7ada a opera\u00e7\u00e3o, oficialmente para proteger o Mali contra o avan\u00e7o dos rebeldes islamistas, deixa bem claro que foi opera\u00e7\u00e3o longamente planejada pelo socialista Hollande.<br \/>\n<\/br><\/p>\n<p>A colabora\u00e7\u00e3o imediata dos EUA e da Uni\u00e3o Europeia, que decidiu enviar ao Mali seus especialistas de guerra com a miss\u00e3o de treinar e comandar, mostra tamb\u00e9m que a opera\u00e7\u00e3o foi planejada em conjunto em Washington, Paris, Londres e outras capitais. As pot\u00eancias ocidentais, cujos grupos multinacionais rivalizam nas opera\u00e7\u00f5es de se assenhorear de mercados e fontes de mat\u00e9rias primas, sempre formam grupo compacto, quando seus interesses comuns est\u00e3o em jogo. Como os interesses que s\u00e3o amea\u00e7ados hoje na \u00c1frica pelos levantes populares e pela concorr\u00eancia chinesa.<br \/>\n<\/br><\/p>\n<p>O Mali, um dos pa\u00edses mais pobres do mundo (com renda m\u00e9dia per capita 60 vezes inferior \u00e0 dos italianos, e onde mais da metade da popula\u00e7\u00e3o vive abaixo da linha da mis\u00e9ria), \u00e9 imensamente rico em mat\u00e9rias primas: exporta ouro e colombo tantalite, mas a riqueza vai parar nos bolsos das multinacionais e da elite local. A mesma coisa, no vizinho Niger, ainda mais pobre (com renda per capita 100 vezes menor que a dos italianos) embora seja uma dos pa\u00edses mais ricos do mundo em ur\u00e2nio, cuja extra\u00e7\u00e3o e exporta\u00e7\u00e3o s\u00e3o entregues \u00e0 multinacional francesa Areva.<\/p>\n<p><\/br><\/p>\n<p>N\u00e3o \u00e9 acaso que Paris, em opera\u00e7\u00e3o simult\u00e2nea \u00e0 do Mali, tenha enviado suas For\u00e7as Especiais tamb\u00e9m ao Niger. Situa\u00e7\u00e3o an\u00e1loga no Chade, cujas ricas reservas de petr\u00f3leo s\u00e3o exploradas pela Exxon Mobil (EUA) e outras multinacionais (e j\u00e1 come\u00e7am a chegar tamb\u00e9m empresas chinesas): as migalhas que restam dos lucros v\u00e3o diretamente para os bolsos das elites locais. Por criticar esse mecanismo, o bispo comboniano* Michele Russo foi expulso do Chade, em outubro passado.<br \/>\n<\/br><\/p>\n<p>O Niger e o Chade tamb\u00e9m fornecem soldados aos milhares, tamb\u00e9m enviados ao Mali para abrir uma segunda frente sob comando franc\u00eas. A opera\u00e7\u00e3o lan\u00e7ada no Mali, com soldados franceses como ponta de lan\u00e7a, \u00e9 opera\u00e7\u00e3o de vast\u00edssima envergadura, que vai do Sahel at\u00e9 a \u00c1frica Ocidental e Oriental.<br \/>\n<\/br><\/p>\n<p>\u00c9 opera\u00e7\u00e3o que se articula com a que teve in\u00edcio no Norte da \u00c1frica, com a destrui\u00e7\u00e3o do estado l\u00edbio e manobras para sufocar, no Egito e em outros pontos, as rebeli\u00f5es populares.<br \/>\n<\/br><\/p>\n<p>\u00c9 opera\u00e7\u00e3o de longo prazo, que faz parte de um plano estrat\u00e9gico que visa a p\u00f4r todo o continente africano sob controle militar das \u201cgrandes democracias\u201d, que retornam \u00e0 \u00c1frica, com o casquete colonial mal disfar\u00e7ado sob as cores da fantasia de paz<\/p>\n<p> <\/br><\/p>\n<p>\u2022\tMissio\u00e1rios Combonianos do Cora\u00e7\u00e3o de Jesus [MCCJ] : congrega\u00e7\u00e3o religiosa mission\u00e1ria fundada pelo italiano Daniel Comboni, morto em Khartoum em 1881 e beatificado em 2003, para evangeliza\u00e7\u00e3o e promo\u00e7\u00e3o humana na \u00c1frica [NdT italiano-franc\u00eas]. Sobre Combonianos no Brasil, ver <a href=\"http:\/\/pt.wikipedia.org\/wiki\/Mission%C3%A1rios_Combonianos\">http:\/\/pt.wikipedia.org\/wiki\/Mission%C3%A1rios_Combonianos<\/a> [NTs brasileiros].<\/strong><\/p>\n","protected":false},"excerpt":{"rendered":"<p>A reocupa\u00e7\u00e3o da \u00c1frica por Manlio Dinucci Fonte: Il Manifesto, via: http:\/\/www.tlaxcala-int.org\/article.asp?reference=9073 Tradu\u00e7\u00e3o: Coletivo de tradutores Vila Vudu Tiago Hoisel, Brasil No momento exato em que o presidente democrata Obama reafirmava, em seu discurso de coroa\u00e7\u00e3o que os EUA, \u201cfonte de esperan\u00e7a para os pobres, apoiam a democracia na \u00c1frica\u201d, enormes avi\u00f5es C-17 US transportavam [&hellip;]<\/p>\n","protected":false},"author":1,"featured_media":0,"comment_status":"open","ping_status":"open","sticky":false,"template":"","format":"standard","meta":{"footnotes":""},"categories":[9],"tags":[1923,1922,1274],"class_list":["post-3306","post","type-post","status-publish","format-standard","hentry","category-lance-de-dados","tag-a-recolonizacao-da-africa","tag-africa","tag-manlio-dinucci"],"_links":{"self":[{"href":"https:\/\/imediata.org\/index.php?rest_route=\/wp\/v2\/posts\/3306","targetHints":{"allow":["GET"]}}],"collection":[{"href":"https:\/\/imediata.org\/index.php?rest_route=\/wp\/v2\/posts"}],"about":[{"href":"https:\/\/imediata.org\/index.php?rest_route=\/wp\/v2\/types\/post"}],"author":[{"embeddable":true,"href":"https:\/\/imediata.org\/index.php?rest_route=\/wp\/v2\/users\/1"}],"replies":[{"embeddable":true,"href":"https:\/\/imediata.org\/index.php?rest_route=%2Fwp%2Fv2%2Fcomments&post=3306"}],"version-history":[{"count":1,"href":"https:\/\/imediata.org\/index.php?rest_route=\/wp\/v2\/posts\/3306\/revisions"}],"predecessor-version":[{"id":3308,"href":"https:\/\/imediata.org\/index.php?rest_route=\/wp\/v2\/posts\/3306\/revisions\/3308"}],"wp:attachment":[{"href":"https:\/\/imediata.org\/index.php?rest_route=%2Fwp%2Fv2%2Fmedia&parent=3306"}],"wp:term":[{"taxonomy":"category","embeddable":true,"href":"https:\/\/imediata.org\/index.php?rest_route=%2Fwp%2Fv2%2Fcategories&post=3306"},{"taxonomy":"post_tag","embeddable":true,"href":"https:\/\/imediata.org\/index.php?rest_route=%2Fwp%2Fv2%2Ftags&post=3306"}],"curies":[{"name":"wp","href":"https:\/\/api.w.org\/{rel}","templated":true}]}}