{"id":329,"date":"2010-07-29T21:12:58","date_gmt":"2010-07-29T21:12:58","guid":{"rendered":"http:\/\/imediata.org\/?p=329"},"modified":"2010-07-29T21:14:08","modified_gmt":"2010-07-29T21:14:08","slug":"cidades-e-solucoes-especial-transgenicos-partes-1-e-2","status":"publish","type":"post","link":"https:\/\/imediata.org\/?p=329","title":{"rendered":">>Cidades e Solu\u00e7\u00f5es &#8211; ESPECIAL TRANSG\u00caNICOS (PARTES 1 e 2)"},"content":{"rendered":"<p><img decoding=\"async\" src=\"http:\/\/imediata.org\/wp-content\/imagens\/logos\/logobiodiv.jpg\" alt=\"null\" \/><\/p>\n<p><strong>Cidades e Solu\u00e7\u00f5es &#8211; ESPECIAL TRANSG\u00caNICOS (PARTE 2)<\/strong><\/p>\n<p>Neste segundo programa voc\u00ea saber\u00e1 mais sobre os bastidores da CTNBio (Comiss\u00e3o T\u00e9cnica Nacional de Biosseguran\u00e7a), a quem cabe o licenciamento de organismos geneticamente modificados no Brasil.<\/p>\n<p>Ser\u00e3o exibidas entrevistas exclusivas com o atual presidente da Comiss\u00e3o e tamb\u00e9m com uma pesquisadora que pediu demiss\u00e3o da CTNBio em carta aberta, na qual denuncia a aus\u00eancia de pesquisas cient\u00edficas s\u00e9rias que pudessem eliminar eventuais riscos causados pelos transg\u00eanicos \u00e0 sa\u00fade e ao meio ambiente.<\/p>\n<p>S\u00e3o particularmente marcantes os depoimentos dos representantes dos Minist\u00e9rios da Sa\u00fade e do Meio Ambiente confirmando a aus\u00eancia de pesquisas que pudessem embasar os pedidos de licenciamento j\u00e1 feitos e aprovados.<\/p>\n<p>Por fim, ser\u00e1 mostrado o descumprimento do decreto que exige a rotulagem de produtos transg\u00eanicos (que contenham mais de 1% de organismos geneticamente modificados em suas composi\u00e7\u00f5es). N\u00e3o h\u00e1 interesse pol\u00edtico em fiscalizar o cumprimento do decreto e os consumidores s\u00e3o desrespeitados no direito de saber exatamente o que est\u00e3o ingerindo.<\/p>\n<p><object width=\"480\" height=\"392\"><param value=\"http:\/\/video.globo.com\/Portal\/videos\/cda\/player\/player.swf\" name=\"movie\" \/><param value=\"high\" name=\"quality\" \/><param value=\"midiaId=1284299&#038;autoStart=false&#038;width=480&#038;height=392\" name=\"FlashVars\" \/><embed width=\"480\" height=\"392\" flashvars=\"midiaId=1284299&#038;autoStart=false&#038;width=480&#038;height=392\" type=\"application\/x-shockwave-flash\" quality=\"high\" src=\"http:\/\/video.globo.com\/Portal\/videos\/cda\/player\/player.swf\"><\/embed><\/object><\/p>\n<p>Confira a primeira parte da reportagem:<\/p>\n<p><object width=\"480\" height=\"392\"><param value=\"http:\/\/video.globo.com\/Portal\/videos\/cda\/player\/player.swf\" name=\"movie\" \/><param value=\"high\" name=\"quality\" \/><param value=\"midiaId=1279967&#038;autoStart=false&#038;width=480&#038;height=392\" name=\"FlashVars\" \/><embed width=\"480\" height=\"392\" flashvars=\"midiaId=1279967&#038;autoStart=false&#038;width=480&#038;height=392\" type=\"application\/x-shockwave-flash\" quality=\"high\" src=\"http:\/\/video.globo.com\/Portal\/videos\/cda\/player\/player.swf\"><\/embed><\/object><\/p>\n<p><strong>Participe do debate no blog do Cidades e Solu\u00e7\u00f5es:<\/strong><br \/>\n<a href=\"http:\/\/especiais.globonews.globo.com\/cidadesesolucoes\">http:\/\/especiais.globonews.globo.com\/cidadesesolucoes<\/a><\/p>\n","protected":false},"excerpt":{"rendered":"<p>Cidades e Solu\u00e7\u00f5es &#8211; ESPECIAL TRANSG\u00caNICOS (PARTE 2) Neste segundo programa voc\u00ea saber\u00e1 mais sobre os bastidores da CTNBio (Comiss\u00e3o T\u00e9cnica Nacional de Biosseguran\u00e7a), a quem cabe o licenciamento de organismos geneticamente modificados no Brasil. Ser\u00e3o exibidas entrevistas exclusivas com o atual presidente da Comiss\u00e3o e tamb\u00e9m com uma pesquisadora que pediu demiss\u00e3o da CTNBio [&hellip;]<\/p>\n","protected":false},"author":1,"featured_media":0,"comment_status":"open","ping_status":"open","sticky":false,"template":"","format":"standard","meta":{"footnotes":""},"categories":[5],"tags":[],"class_list":["post-329","post","type-post","status-publish","format-standard","hentry","category-biodiversidade-imediata"],"_links":{"self":[{"href":"https:\/\/imediata.org\/index.php?rest_route=\/wp\/v2\/posts\/329","targetHints":{"allow":["GET"]}}],"collection":[{"href":"https:\/\/imediata.org\/index.php?rest_route=\/wp\/v2\/posts"}],"about":[{"href":"https:\/\/imediata.org\/index.php?rest_route=\/wp\/v2\/types\/post"}],"author":[{"embeddable":true,"href":"https:\/\/imediata.org\/index.php?rest_route=\/wp\/v2\/users\/1"}],"replies":[{"embeddable":true,"href":"https:\/\/imediata.org\/index.php?rest_route=%2Fwp%2Fv2%2Fcomments&post=329"}],"version-history":[{"count":2,"href":"https:\/\/imediata.org\/index.php?rest_route=\/wp\/v2\/posts\/329\/revisions"}],"predecessor-version":[{"id":331,"href":"https:\/\/imediata.org\/index.php?rest_route=\/wp\/v2\/posts\/329\/revisions\/331"}],"wp:attachment":[{"href":"https:\/\/imediata.org\/index.php?rest_route=%2Fwp%2Fv2%2Fmedia&parent=329"}],"wp:term":[{"taxonomy":"category","embeddable":true,"href":"https:\/\/imediata.org\/index.php?rest_route=%2Fwp%2Fv2%2Fcategories&post=329"},{"taxonomy":"post_tag","embeddable":true,"href":"https:\/\/imediata.org\/index.php?rest_route=%2Fwp%2Fv2%2Ftags&post=329"}],"curies":[{"name":"wp","href":"https:\/\/api.w.org\/{rel}","templated":true}]}}