{"id":3285,"date":"2013-02-01T21:30:42","date_gmt":"2013-02-01T21:30:42","guid":{"rendered":"http:\/\/imediata.org\/?p=3285"},"modified":"2013-02-01T21:34:18","modified_gmt":"2013-02-01T21:34:18","slug":"%e2%80%9cnunca-sei-ao-certo%e2%80%9d-do-leminski-voce-cidadao-normal-quem-diria-e-a-anomalia-a-ser-rastreada-vigiada-e-programada-%e2%80%9crise-of-the-drones%e2%80%9d-da-pbs","status":"publish","type":"post","link":"https:\/\/imediata.org\/?p=3285","title":{"rendered":">> \u201cNunca sei ao certo\u201d do Leminski + Voc\u00ea cidad\u00e3o normal, quem diria, \u00e9 a anomalia a ser rastreada,  vigiada&#8230; e programada&#8230; + \u201cRise of the Drones\u201d da PBS, \u201cbrought to you by\u201d quem faz os drones&#8230;"},"content":{"rendered":"<p><\/br><br \/>\n\u201cNunca sei ao certo\u201d do Leminski + Voc\u00ea cidad\u00e3o normal, quem diria, \u00e9 a anomalia a ser rastreada,  vigiada&#8230; e programada&#8230; + \u201cRise of the Drones\u201d da PBS, \u201cbrought to you by\u201d quem faz os drones&#8230;<br \/>\n<\/br><br \/>\n<a href=\"http:\/\/imediata.org\/wp-content\/uploads\/2013\/02\/article-2269563-17384F4E000005DC-721_634x336.jpg\"><img loading=\"lazy\" decoding=\"async\" src=\"http:\/\/imediata.org\/wp-content\/uploads\/2013\/02\/article-2269563-17384F4E000005DC-721_634x336.jpg\" alt=\"\" title=\"article-2269563-17384F4E000005DC-721_634x336\" width=\"634\" height=\"336\" class=\"alignright size-full wp-image-3286\" srcset=\"https:\/\/imediata.org\/wp-content\/uploads\/2013\/02\/article-2269563-17384F4E000005DC-721_634x336.jpg 634w, https:\/\/imediata.org\/wp-content\/uploads\/2013\/02\/article-2269563-17384F4E000005DC-721_634x336-300x158.jpg 300w\" sizes=\"auto, (max-width: 634px) 100vw, 634px\" \/><\/a><br \/>\n<\/br><\/p>\n<p><strong>Nunca sei ao certo<br \/>\nSe sou um menino de d\u00favidas<br \/>\nOu um homem de f\u00e9<br \/>\n<\/br><br \/>\nCertezas o vento leva<br \/>\nS\u00f3 d\u00favidas continuam de p\u00e9<br \/>\n<\/br><br \/>\nPaulo Leminski em \u201cO ex-estranho\u201d<\/strong><br \/>\n<\/br><br \/>\n<a href=\"http:\/\/imediata.org\/wp-content\/uploads\/2013\/02\/Unknown.jpeg\"><img loading=\"lazy\" decoding=\"async\" src=\"http:\/\/imediata.org\/wp-content\/uploads\/2013\/02\/Unknown.jpeg\" alt=\"\" title=\"Unknown\" width=\"305\" height=\"165\" class=\"alignright size-full wp-image-3287\" srcset=\"https:\/\/imediata.org\/wp-content\/uploads\/2013\/02\/Unknown.jpeg 305w, https:\/\/imediata.org\/wp-content\/uploads\/2013\/02\/Unknown-300x162.jpg 300w\" sizes=\"auto, (max-width: 305px) 100vw, 305px\" \/><\/a><br \/>\n<\/br><br \/>\n<strong>Voc\u00ea cidad\u00e3o normal, quem diria, \u00e9 a anomalia a ser rastreada,  vigiada&#8230; e programada&#8230;<\/strong><br \/>\n<\/br><br \/>\n Os sistemas eletr\u00f4nicos de vigil\u00e2ncia e controle est\u00e3o em toda parte e constituir\u00e3o a normalidade no pr\u00f3ximo futuro. No post precedente, mostramos como a <strong>DARPA<\/strong> est\u00e1 elaborando nanosensores receptores-transmissores que se autodissolvem uma vez cumprida a tarefa para a qual foram concebidos. Neste v\u00eddeo damos uma olhada aos sistemas a\u00e9reos de v\u00eddeo-vigil\u00e2ncia ativos. Sofisticados aparatos de v\u00eddeo-grava\u00e7\u00e3o <strong>ARGUS (ARGUS-IS (Autonomous Real-Time Ground Ubiquitous Surveillance Imaging System, ou sistema aut\u00f4nomo de vigil\u00e2ncia onipresente do solo por imagens em tempo real) de 1,8 gigapixels<\/strong> (um gigapixel equivale a 1.000 megapixels), podem ser gerenciados por poderosos softwares capazes de elaborar imagens em tempo real, seguindo o movimento de centenas de ve\u00edculos e pessoas ao mesmo momento. Esses aparatos podem ser instalados em drones (avi\u00f5es sem tripula\u00e7\u00e3o acionados por controle remoto), capazes de voar por doze horas consecutivas, mas est\u00e1 sendo projetado um suporte especial para os mesmos: um drone especial movido a energia solar que poderia permanecer em voo por meses seguidos. \u00c9 importante observar que as informa\u00e7\u00f5es vazadas t\u00eam sempre anos de atraso com rela\u00e7\u00e3o ao que se est\u00e1 experimentado na atualidade. \u00c9 \u00f3bvio que quando ocorre um evento para o qual seriam de fato \u00fateis, esses sistemas evolu\u00eddos surpreendentemente n\u00e3o funcionam ou n\u00e3o se encontram ativos. Porque ser\u00e1? A pergunta \u00e9: quem \u00e9 que se quer rastrear e por qu\u00ea? Quem gerenciar\u00e1 e controlar\u00e1 todo esse volume de material t\u00e3o delicado? <strong>Ser\u00e1 o cidad\u00e3o \u2018normal\u2019 o objetivo de tanto empenho?<\/strong> Ser\u00e1 ele a verdadeira anomalia? Talvez sim, para quem deseja um planeta habitado por assassinos seriais ou aturdidos aut\u00f4matos obedientes.<br \/>\n<\/br><br \/>\n<a href=\"http:\/\/imediata.org\/wp-content\/uploads\/2013\/02\/images.jpeg\"><img loading=\"lazy\" decoding=\"async\" src=\"http:\/\/imediata.org\/wp-content\/uploads\/2013\/02\/images.jpeg\" alt=\"\" title=\"images\" width=\"194\" height=\"259\" class=\"alignright size-full wp-image-3289\" \/><\/a><br \/>\n<\/br><br \/>\n<strong>Fontes do artigo acima:<\/strong><\/p>\n<p><a href=\"http:\/\/aftermathnews.wordpress.com\/2013\/01\/31\/darpas-big-eye-1-8-gigapixel-camera-for-air-surveillance-unveiled\/\">http:\/\/aftermathnews.wordpress.com\/2013\/01\/31\/darpas-big-eye-1-8-gigapixel-camera-for-air-surveillance-unveiled\/<\/a><br \/>\n&#8211;<br \/>\n<a href=\"http:\/\/smmercury.com\/2013\/01\/30\/freethought-san-marcos-becoming-a-victim-of-tsas-goons\/\">http:\/\/smmercury.com\/2013\/01\/30\/freethought-san-marcos-becoming-a-victim-of-tsas-goons\/<\/a><\/p>\n<p><strong>Via:<\/strong> <a href=\"http:\/\/freeskies.over-blog.com\/article-l-occhio-del-cielo-114938484.html\">http:\/\/freeskies.over-blog.com\/article-l-occhio-del-cielo-114938484.html<\/a><br \/>\n<\/br><br \/>\n<a href=\"http:\/\/imediata.org\/wp-content\/uploads\/2013\/02\/article-2269563-17381520000005DC-641_634x482.jpg\"><img loading=\"lazy\" decoding=\"async\" src=\"http:\/\/imediata.org\/wp-content\/uploads\/2013\/02\/article-2269563-17381520000005DC-641_634x482.jpg\" alt=\"\" title=\"article-2269563-17381520000005DC-641_634x482\" width=\"634\" height=\"482\" class=\"alignright size-full wp-image-3288\" srcset=\"https:\/\/imediata.org\/wp-content\/uploads\/2013\/02\/article-2269563-17381520000005DC-641_634x482.jpg 634w, https:\/\/imediata.org\/wp-content\/uploads\/2013\/02\/article-2269563-17381520000005DC-641_634x482-300x228.jpg 300w\" sizes=\"auto, (max-width: 634px) 100vw, 634px\" \/><\/a><br \/>\n<\/br><br \/>\n<strong>A apresenta\u00e7\u00e3o do sistema ARGUS-IS foi feita no programa NOVA, da televis\u00e3o p\u00fablica dos EUA. Teve como t\u00edtulo \u201cRise of the Drones\u201d (A ascens\u00e3o dos drones)  e, para a surpresa(?) de todos, patrocinado pela empresa Lockheed Martin fabricante dos mesmos&#8230; (Quoque tu, PBS?)<br \/>\nAssim, voc\u00ea cidad\u00e3o normal, quem diria, a anomalia a ser rastreada,  vigiada&#8230; e programada&#8230; ainda poder\u00e1 se \u201cinformar\u201d e \u201cdivertir\u201d com os pr\u00f3prios rastreamento, vigil\u00e2ncia e programa\u00e7\u00e3o.<\/strong><\/p>\n<p><\/br><br \/>\n<strong>Para \u201cchiar\u201d ou obter mais informa\u00e7\u00f5es sobre o patroc\u00ednio da \u201cAscens\u00e3o dos drones\u201d pela Lockheed Martin em programa da televis\u00e3o p\u00fablica dos EUA:<br \/>\nPBS Drone Coverage Brought to You by Drone Makers<br \/>\nLockheed&#8217;s Nova sponsorship violates underwriting rules:<\/strong><\/p>\n<p><a href=\"http:\/\/fair.org\/take-action\/action-alerts\/pbs-drone-coverage-brought-to-you-by-drone-makers\/\">http:\/\/fair.org\/take-action\/action-alerts\/pbs-drone-coverage-brought-to-you-by-drone-makers\/<\/a><\/p>\n<p><\/br><br \/>\n<strong>Para ver o programa em quest\u00e3o:<\/strong><br \/>\n<\/br><br \/>\n<strong>ARGUS Featured on PBS Nova<\/strong><br \/>\nhttp:\/\/youtu.be\/13BahrdkMU8<\/p>\n","protected":false},"excerpt":{"rendered":"<p>\u201cNunca sei ao certo\u201d do Leminski + Voc\u00ea cidad\u00e3o normal, quem diria, \u00e9 a anomalia a ser rastreada, vigiada&#8230; e programada&#8230; + \u201cRise of the Drones\u201d da PBS, \u201cbrought to you by\u201d quem faz os drones&#8230; Nunca sei ao certo Se sou um menino de d\u00favidas Ou um homem de f\u00e9 Certezas o vento leva [&hellip;]<\/p>\n","protected":false},"author":1,"featured_media":0,"comment_status":"open","ping_status":"open","sticky":false,"template":"","format":"standard","meta":{"footnotes":""},"categories":[81,91,9,82,78],"tags":[1906,1905,1908,114,1907,1558,1909],"class_list":["post-3285","post","type-post","status-publish","format-standard","hentry","category-imediartivismo","category-imperio_poder_globalizacao","category-lance-de-dados","category-midia_corporativa","category-ovideo","tag-argus","tag-lockheed-martin","tag-nova","tag-paulo-leminski","tag-pbs","tag-sociedade-de-controle","tag-vigilancia-e-programacao"],"_links":{"self":[{"href":"https:\/\/imediata.org\/index.php?rest_route=\/wp\/v2\/posts\/3285","targetHints":{"allow":["GET"]}}],"collection":[{"href":"https:\/\/imediata.org\/index.php?rest_route=\/wp\/v2\/posts"}],"about":[{"href":"https:\/\/imediata.org\/index.php?rest_route=\/wp\/v2\/types\/post"}],"author":[{"embeddable":true,"href":"https:\/\/imediata.org\/index.php?rest_route=\/wp\/v2\/users\/1"}],"replies":[{"embeddable":true,"href":"https:\/\/imediata.org\/index.php?rest_route=%2Fwp%2Fv2%2Fcomments&post=3285"}],"version-history":[{"count":4,"href":"https:\/\/imediata.org\/index.php?rest_route=\/wp\/v2\/posts\/3285\/revisions"}],"predecessor-version":[{"id":3293,"href":"https:\/\/imediata.org\/index.php?rest_route=\/wp\/v2\/posts\/3285\/revisions\/3293"}],"wp:attachment":[{"href":"https:\/\/imediata.org\/index.php?rest_route=%2Fwp%2Fv2%2Fmedia&parent=3285"}],"wp:term":[{"taxonomy":"category","embeddable":true,"href":"https:\/\/imediata.org\/index.php?rest_route=%2Fwp%2Fv2%2Fcategories&post=3285"},{"taxonomy":"post_tag","embeddable":true,"href":"https:\/\/imediata.org\/index.php?rest_route=%2Fwp%2Fv2%2Ftags&post=3285"}],"curies":[{"name":"wp","href":"https:\/\/api.w.org\/{rel}","templated":true}]}}