{"id":3204,"date":"2013-01-10T13:36:53","date_gmt":"2013-01-10T13:36:53","guid":{"rendered":"http:\/\/imediata.org\/?p=3204"},"modified":"2013-01-10T13:36:53","modified_gmt":"2013-01-10T13:36:53","slug":"a-eloquencia-do-silencio-manifestacao-zapatista","status":"publish","type":"post","link":"https:\/\/imediata.org\/?p=3204","title":{"rendered":">> A eloqu\u00eancia do sil\u00eancio &#8211; manifesta\u00e7\u00e3o zapatista"},"content":{"rendered":"<p><\/br><br \/>\nA eloqu\u00eancia do sil\u00eancio &#8211; manifesta\u00e7\u00e3o zapatista<br \/>\n<\/br><br \/>\nNo dia em que o mundo n\u00e3o acabou (21\/12\/2012), o sil\u00eancio total foi a forma mais poderosa e eloquente da manifesta\u00e7\u00e3o do EZLN.<br \/>\n<\/br><br \/>\nEZLN Marcha del silencio, SCLC, Chiapas (21\/12\/2012)<br \/>\n<iframe loading=\"lazy\" title=\"EZLN Marcha del silencio, SCLC, Chiapas (21\/12\/2012)\" width=\"640\" height=\"360\" src=\"https:\/\/www.youtube.com\/embed\/qH8nxafgKdM?feature=oembed\" frameborder=\"0\" allow=\"accelerometer; autoplay; clipboard-write; encrypted-media; gyroscope; picture-in-picture; web-share\" referrerpolicy=\"strict-origin-when-cross-origin\" allowfullscreen><\/iframe><br \/>\n<\/br><br \/>\nEn silencio, zapatistas se manifiestan en municipios de Chiapas<br \/>\n<iframe loading=\"lazy\" title=\"En silencio, zapatistas se manifiestan en municipios de Chiapas\" width=\"640\" height=\"480\" src=\"https:\/\/www.youtube.com\/embed\/uGngDOMbLzQ?feature=oembed\" frameborder=\"0\" allow=\"accelerometer; autoplay; clipboard-write; encrypted-media; gyroscope; picture-in-picture; web-share\" referrerpolicy=\"strict-origin-when-cross-origin\" allowfullscreen><\/iframe><br \/>\n<\/br><br \/>\nMarcha Zapatista en Silencio. 21 de diciembre de 2012. San Crist\u00f3bal de las Casas.<br \/>\n<iframe loading=\"lazy\" title=\"Marcha Zapatista en Silencio. 21 de diciembre de 2012. San Crist\u00f3bal de las Casas.\" width=\"640\" height=\"480\" src=\"https:\/\/www.youtube.com\/embed\/73nUFvpVrrk?feature=oembed\" frameborder=\"0\" allow=\"accelerometer; autoplay; clipboard-write; encrypted-media; gyroscope; picture-in-picture; web-share\" referrerpolicy=\"strict-origin-when-cross-origin\" allowfullscreen><\/iframe><\/p>\n","protected":false},"excerpt":{"rendered":"<p>A eloqu\u00eancia do sil\u00eancio &#8211; manifesta\u00e7\u00e3o zapatista No dia em que o mundo n\u00e3o acabou (21\/12\/2012), o sil\u00eancio total foi a forma mais poderosa e eloquente da manifesta\u00e7\u00e3o do EZLN. EZLN Marcha del silencio, SCLC, Chiapas (21\/12\/2012) En silencio, zapatistas se manifiestan en municipios de Chiapas Marcha Zapatista en Silencio. 21 de diciembre de 2012. [&hellip;]<\/p>\n","protected":false},"author":1,"featured_media":0,"comment_status":"open","ping_status":"open","sticky":false,"template":"","format":"standard","meta":{"footnotes":""},"categories":[8,81],"tags":[1856,1855,1854,1857],"class_list":["post-3204","post","type-post","status-publish","format-standard","hentry","category-anarcom","category-imediartivismo","tag-a-eloquencia-do-silencio","tag-a-marcha-do-silencio-em-21122012","tag-ezln","tag-protestar-calados"],"_links":{"self":[{"href":"https:\/\/imediata.org\/index.php?rest_route=\/wp\/v2\/posts\/3204","targetHints":{"allow":["GET"]}}],"collection":[{"href":"https:\/\/imediata.org\/index.php?rest_route=\/wp\/v2\/posts"}],"about":[{"href":"https:\/\/imediata.org\/index.php?rest_route=\/wp\/v2\/types\/post"}],"author":[{"embeddable":true,"href":"https:\/\/imediata.org\/index.php?rest_route=\/wp\/v2\/users\/1"}],"replies":[{"embeddable":true,"href":"https:\/\/imediata.org\/index.php?rest_route=%2Fwp%2Fv2%2Fcomments&post=3204"}],"version-history":[{"count":1,"href":"https:\/\/imediata.org\/index.php?rest_route=\/wp\/v2\/posts\/3204\/revisions"}],"predecessor-version":[{"id":3205,"href":"https:\/\/imediata.org\/index.php?rest_route=\/wp\/v2\/posts\/3204\/revisions\/3205"}],"wp:attachment":[{"href":"https:\/\/imediata.org\/index.php?rest_route=%2Fwp%2Fv2%2Fmedia&parent=3204"}],"wp:term":[{"taxonomy":"category","embeddable":true,"href":"https:\/\/imediata.org\/index.php?rest_route=%2Fwp%2Fv2%2Fcategories&post=3204"},{"taxonomy":"post_tag","embeddable":true,"href":"https:\/\/imediata.org\/index.php?rest_route=%2Fwp%2Fv2%2Ftags&post=3204"}],"curies":[{"name":"wp","href":"https:\/\/api.w.org\/{rel}","templated":true}]}}