{"id":3159,"date":"2012-12-18T13:38:53","date_gmt":"2012-12-18T13:38:53","guid":{"rendered":"http:\/\/imediata.org\/?p=3159"},"modified":"2012-12-18T13:40:02","modified_gmt":"2012-12-18T13:40:02","slug":"golpe-na-puc-por-silvio-mieli","status":"publish","type":"post","link":"https:\/\/imediata.org\/?p=3159","title":{"rendered":">> Golpe na PUC, por Silvio Mieli"},"content":{"rendered":"<p><\/br><br \/>\n<strong>Golpe na PUC, por Silvio Mieli<br \/>\n<\/br><br \/>\nTanto o cardeal quanto a candidata escolhida pela Igreja evitaram um contato direto com a comunidade, preferindo expressarem-se atrav\u00e9s da m\u00eddia<\/strong><br \/>\n<\/br><br \/>\n<a href=\"http:\/\/www.brasildefato.com.br\/node\/11363\">Fonte: Brasil de Fato, 17\/12\/2012<\/a><br \/>\n <\/br><br \/>\n<a href=\"http:\/\/www.flickr.com\/photos\/agejorpucsp\/8225922547\/\"><img loading=\"lazy\" decoding=\"async\" src=\"https:\/\/live.staticflickr.com\/8350\/8225922547_1b276ebfaf_z.jpg\" alt=\"Por Beatriz Macruz\" width=\"640\" height=\"425\" \/><\/a><br \/>\nfoto Beatriz Macruz<br \/>\n <\/br><br \/>\n<strong>A indica\u00e7\u00e3o por parte do cardeal dom Odilo Sherer da candidata menos votada para a reitoria da Pontif\u00edcia Universidade Cat\u00f3lica (PUC\u2013SP) \u2014 contrariando a postura dos seus antecessores, que sempre acataram o escolhido por elei\u00e7\u00e3o direta \u2014 significou um golpe para a maioria absoluta da comunidade puquiana.<br \/>\n<\/br><\/p>\n<p>O cientista pol\u00edtico italiano Norberto Bobbio reconhece em todo golpe um tradicional \u201cm\u00e9todo da direita para conquistar o poder pol\u00edtico\u201d, que implica numa vontade em aplicar um novo ordenamento institucional e instaurar um novo poder de fato.<br \/>\n<\/br><\/p>\n<p>Outra caracter\u00edstica dos golpes \u00e9 a falta de di\u00e1logo. Assim, tanto o cardeal quanto a candidata escolhida pela Igreja evitaram um contato direto com a comunidade, preferindo expressarem-se atrav\u00e9s da m\u00eddia. Dom Odilo, por exemplo, s\u00f3 se manifestou explicitamente em artigo para a Folha, no dia 7 de dezembro. Fiquemos nas duas primeiras frases do texto: \u201cN\u00e3o dissimulo o empenho para ressaltar a identidade cat\u00f3lica da PUC. O mundo parece esquecer Deus, mas vida e dignidade da mulher s\u00e3o valores inegoci\u00e1veis\u201d.<br \/>\n<\/br><\/p>\n<p>A primeira frase parece \u00f3bvia, ainda que n\u00e3o justifique a op\u00e7\u00e3o pela professora Anna Cintra. A PUC n\u00e3o corria risco algum de perder a identidade cat\u00f3lica se referendasse o candidato escolhido diretamente (o cat\u00f3lico prof. Dirceu de Mello). Ocorre que os ventos est\u00e3o soprando em outra dire\u00e7\u00e3o. Para muitos analistas, a Igreja Cat\u00f3lica continua hegem\u00f4nica no Brasil, s\u00f3 que est\u00e1 assumindo cada vez mais a l\u00f3gica dos evang\u00e9licos (vide padres cantores), al\u00e9m da aproxima\u00e7\u00e3o para com grupos ultraconservadores (como a Opus Dei). Portanto, o problema n\u00e3o \u00e9 de natureza religiosa ou teol\u00f3gica, mas econ\u00f4mica e estrat\u00e9gica.<br \/>\n<\/br><\/p>\n<p>Quanto \u00e0 segunda frase do cardeal, sua alus\u00e3o \u00e0 \u201cvida e dignidade da mulher\u201d nos remete \u00e0 atua\u00e7\u00e3o de um grupo sui-generis de mulheres feministas, as Cat\u00f3licas pelo Direito de Decidir (CDD). A fun\u00e7\u00e3o da ONG \u00e9 analisar em que medida existe um pensamento cat\u00f3lico que dificulta o exerc\u00edcio dos direitos sexuais e reprodutivos na vida das mulheres. As Cat\u00f3licas n\u00e3o falam de fora da institui\u00e7\u00e3o, posto que t\u00eam como base a tradi\u00e7\u00e3o da pr\u00f3pria Igreja.<br \/>\n<\/br><\/p>\n<p>Corajosamente, o movimento afirma que a Igreja Cat\u00f3lica n\u00e3o se confunde com a hierarquia eclesi\u00e1stica, sua voz oficial, mas define-se pela luta do \u201cpovo de Deus\u201d. A atua\u00e7\u00e3o das Cat\u00f3licas, que encarnam uma dentre as m\u00faltiplas vozes da Igreja, merece ser resgatada em tempos de golpe, quando retira-se violentamente de cat\u00f3licos (e n\u00e3o cat\u00f3licos) da PUC o direito de decidir sobre o seu futuro. <\/strong><br \/>\n<\/br><br \/>\nArtigo originalmente publicado na edi\u00e7\u00e3o impressa 511 do Brasil de Fato<br \/>\n<\/br><br \/>\n<strong>Para mais detalhes e acompanhar o desdobrar da situa\u00e7\u00e3o:<\/strong> <a href=\"http:\/\/agemt.org\/\">http:\/\/agemt.org\/<\/a><\/p>\n","protected":false},"excerpt":{"rendered":"<p>Golpe na PUC, por Silvio Mieli Tanto o cardeal quanto a candidata escolhida pela Igreja evitaram um contato direto com a comunidade, preferindo expressarem-se atrav\u00e9s da m\u00eddia Fonte: Brasil de Fato, 17\/12\/2012 foto Beatriz Macruz A indica\u00e7\u00e3o por parte do cardeal dom Odilo Sherer da candidata menos votada para a reitoria da Pontif\u00edcia Universidade Cat\u00f3lica [&hellip;]<\/p>\n","protected":false},"author":1,"featured_media":0,"comment_status":"open","ping_status":"open","sticky":false,"template":"","format":"standard","meta":{"footnotes":""},"categories":[9],"tags":[1827,410],"class_list":["post-3159","post","type-post","status-publish","format-standard","hentry","category-lance-de-dados","tag-golpe-na-puc","tag-silvio-mieli"],"_links":{"self":[{"href":"https:\/\/imediata.org\/index.php?rest_route=\/wp\/v2\/posts\/3159","targetHints":{"allow":["GET"]}}],"collection":[{"href":"https:\/\/imediata.org\/index.php?rest_route=\/wp\/v2\/posts"}],"about":[{"href":"https:\/\/imediata.org\/index.php?rest_route=\/wp\/v2\/types\/post"}],"author":[{"embeddable":true,"href":"https:\/\/imediata.org\/index.php?rest_route=\/wp\/v2\/users\/1"}],"replies":[{"embeddable":true,"href":"https:\/\/imediata.org\/index.php?rest_route=%2Fwp%2Fv2%2Fcomments&post=3159"}],"version-history":[{"count":2,"href":"https:\/\/imediata.org\/index.php?rest_route=\/wp\/v2\/posts\/3159\/revisions"}],"predecessor-version":[{"id":3161,"href":"https:\/\/imediata.org\/index.php?rest_route=\/wp\/v2\/posts\/3159\/revisions\/3161"}],"wp:attachment":[{"href":"https:\/\/imediata.org\/index.php?rest_route=%2Fwp%2Fv2%2Fmedia&parent=3159"}],"wp:term":[{"taxonomy":"category","embeddable":true,"href":"https:\/\/imediata.org\/index.php?rest_route=%2Fwp%2Fv2%2Fcategories&post=3159"},{"taxonomy":"post_tag","embeddable":true,"href":"https:\/\/imediata.org\/index.php?rest_route=%2Fwp%2Fv2%2Ftags&post=3159"}],"curies":[{"name":"wp","href":"https:\/\/api.w.org\/{rel}","templated":true}]}}