{"id":3118,"date":"2012-12-11T12:27:30","date_gmt":"2012-12-11T12:27:30","guid":{"rendered":"http:\/\/imediata.org\/?p=3118"},"modified":"2012-12-11T12:40:58","modified_gmt":"2012-12-11T12:40:58","slug":"jornalistas-com-culhoes-x-o-imenso-cordao-dos-puxa-sacos-abordando-alguns-dos-%e2%80%9csupremos%e2%80%9d-%e2%80%9cpodres%e2%80%9d-e-seus-porta-vozes","status":"publish","type":"post","link":"https:\/\/imediata.org\/?p=3118","title":{"rendered":">> Jornalistas com culh\u00f5es X O imenso cord\u00e3o dos puxa-sacos &#8211; abordando alguns dos \u201csupremos\u201d \u201cpodres\u201d e seus porta-vozes"},"content":{"rendered":"<p><\/br><br \/>\n<strong>Jornalistas com culh\u00f5es X O imenso cord\u00e3o dos puxa-sacos &#8211; abordando alguns dos \u201csupremos\u201d \u201cpodres\u201d e seus porta-vozes<br \/>\n<\/br><br \/>\nDurante d\u00e9cadas, um organiza\u00e7\u00e3o elitista, obscurantista e secreta chamada Grupo Bilderberg tem conspirado pol\u00edticas de subjuga\u00e7\u00e3o da humanidade, sob o manto das trevas. Agora, WEARECHANGE.org os tem exposto sistematicamente.<br \/>\nIsso \u00e9 jornalismo de verdade, como quase n\u00e3o se faz mais hoje em dia\u2026<\/strong><br \/>\n<\/br><\/p>\n<p><strong>Site dos corajosos e destemidos jornalistas:<\/strong> <a href=\"http:\/\/wearechange.org\/\">http:\/\/wearechange.org\/<\/a><br \/>\n<strong>Para doa\u00e7\u00f5es ao WeAreChange.org, ajudando os jornalistas a manterem a press\u00e3o e responsabilizar esta degenerada \u201celite\u201d:<\/strong> <a href=\"http:\/\/www.WeAreChange.org\/donate\">http:\/\/www.WeAreChange.org\/donate<\/a><br \/>\n<\/br><\/p>\n<p><strong>Para visualizar as 12 confronta\u00e7\u00f5es sobre o Bilderberg 2012 em um \u00fanico v\u00eddeo:<\/strong><br \/>\nhttp:\/\/youtu.be\/3yCqI837BHU<\/p>\n<p><\/br><\/p>\n<p><strong>Para visualizar as confronta\u00e7\u00f5es separadamente:<\/strong><br \/>\n<\/br><\/p>\n<p><strong>WeAreChanges prova que Tony Blair mentiu ao parlamento sobre o Bilderberg<\/strong><br \/>\n<iframe loading=\"lazy\" title=\"WeAreChange Proves Tony Blair Lied To Parliament About Bilderberg\" width=\"640\" height=\"360\" src=\"https:\/\/www.youtube.com\/embed\/sQf2-3EiAxs?feature=oembed\" frameborder=\"0\" allow=\"accelerometer; autoplay; clipboard-write; encrypted-media; gyroscope; picture-in-picture; web-share\" referrerpolicy=\"strict-origin-when-cross-origin\" allowfullscreen><\/iframe><\/p>\n<p><\/br><\/p>\n<p><strong>Lawrence O\u2019Donnell da MSNBC, pregui\u00e7oso demais para indagar sobre o Bilderberg<\/strong><br \/>\n<iframe loading=\"lazy\" title=\"MSNBC Lawrence O&#039;Donnell Too Lazy To Research Bilderberg\" width=\"640\" height=\"360\" src=\"https:\/\/www.youtube.com\/embed\/Ol49XIgMWDA?feature=oembed\" frameborder=\"0\" allow=\"accelerometer; autoplay; clipboard-write; encrypted-media; gyroscope; picture-in-picture; web-share\" referrerpolicy=\"strict-origin-when-cross-origin\" allowfullscreen><\/iframe><\/p>\n<p><\/br><\/p>\n<p><strong>O ex-presidente do Federal Reserve, Alan Greenspan, confrontado sobre o Bilderberg e o Bohemian Grove<\/strong><br \/>\n<iframe loading=\"lazy\" title=\"Former Fed Chairman Alan Greenspan Confronted on Bilderberg, Bohemian Grove\" width=\"640\" height=\"360\" src=\"https:\/\/www.youtube.com\/embed\/OQWgVUvn85o?feature=oembed\" frameborder=\"0\" allow=\"accelerometer; autoplay; clipboard-write; encrypted-media; gyroscope; picture-in-picture; web-share\" referrerpolicy=\"strict-origin-when-cross-origin\" allowfullscreen><\/iframe><br \/>\n<\/br><\/p>\n<p><strong>O ex-governador de Nova York, George Pataki, mentindo sobre sua participa\u00e7\u00e3o no Bilderberg, junto com o Rockefeller<\/strong><br \/>\n<iframe loading=\"lazy\" title=\"Former NY Governor Pataki Lies About Attending Bilderberg with Rockefeller\" width=\"640\" height=\"360\" src=\"https:\/\/www.youtube.com\/embed\/TH-mgM3hQuE?feature=oembed\" frameborder=\"0\" allow=\"accelerometer; autoplay; clipboard-write; encrypted-media; gyroscope; picture-in-picture; web-share\" referrerpolicy=\"strict-origin-when-cross-origin\" allowfullscreen><\/iframe><\/p>\n<p><\/br><\/p>\n<p><strong>Charlie Rose, da PBS, evitando responder perguntas sobre o Bilderberg<\/strong><br \/>\n<iframe loading=\"lazy\" title=\"PBS&#039;s Charlie Rose Runs Away From Bilderberg Questions\" width=\"640\" height=\"360\" src=\"https:\/\/www.youtube.com\/embed\/jP6l39I47QA?feature=oembed\" frameborder=\"0\" allow=\"accelerometer; autoplay; clipboard-write; encrypted-media; gyroscope; picture-in-picture; web-share\" referrerpolicy=\"strict-origin-when-cross-origin\" allowfullscreen><\/iframe><\/p>\n<p><\/br><\/p>\n<p><strong>Ted Turner, fundador da CNN, apoia redu\u00e7\u00e3o da popula\u00e7\u00e3o mundial para 2 bilh\u00f5es<\/strong><br \/>\n<iframe loading=\"lazy\" title=\"CNN Founder Ted Turner Supports Population Reduction To 2 Billion\" width=\"640\" height=\"360\" src=\"https:\/\/www.youtube.com\/embed\/DMgamzziQMM?feature=oembed\" frameborder=\"0\" allow=\"accelerometer; autoplay; clipboard-write; encrypted-media; gyroscope; picture-in-picture; web-share\" referrerpolicy=\"strict-origin-when-cross-origin\" allowfullscreen><\/iframe><br \/>\n<\/br><\/p>\n<p><strong>O criminoso de guerra Henry Kissinger confrontado sobre o Bilderberg e os assassinatos em massa<\/strong><br \/>\n<iframe loading=\"lazy\" title=\"Henry Kissinger confronted on Bilderberg and More.\" width=\"640\" height=\"360\" src=\"https:\/\/www.youtube.com\/embed\/W4xgfaBTlt4?feature=oembed\" frameborder=\"0\" allow=\"accelerometer; autoplay; clipboard-write; encrypted-media; gyroscope; picture-in-picture; web-share\" referrerpolicy=\"strict-origin-when-cross-origin\" allowfullscreen><\/iframe><\/p>\n<p><\/br><\/p>\n<p><strong>Jill Abramson, editora\u2013chefe do NY Times, fugindo das perguntas sobre o Bilderberg<\/strong><br \/>\n<iframe loading=\"lazy\" title=\"NY Times Editor-in-Chief Jill Abramson Runs From Bilderberg Question\" width=\"640\" height=\"360\" src=\"https:\/\/www.youtube.com\/embed\/yyUShBp-iAg?feature=oembed\" frameborder=\"0\" allow=\"accelerometer; autoplay; clipboard-write; encrypted-media; gyroscope; picture-in-picture; web-share\" referrerpolicy=\"strict-origin-when-cross-origin\" allowfullscreen><\/iframe><\/p>\n<p><\/br><\/p>\n<p><strong>Vernon Jordan, assessor de Clinton sobre o Bilderberg: \u201cN\u00e3o queremos qualquer imprensa\u201d<\/strong><br \/>\n<iframe loading=\"lazy\" title=\"Clinton Adviser Vernon Jordan on Bilderberg: &quot;We Don&#039;t Want Any Press&quot;\" width=\"640\" height=\"360\" src=\"https:\/\/www.youtube.com\/embed\/HnfInzaP2LQ?feature=oembed\" frameborder=\"0\" allow=\"accelerometer; autoplay; clipboard-write; encrypted-media; gyroscope; picture-in-picture; web-share\" referrerpolicy=\"strict-origin-when-cross-origin\" allowfullscreen><\/iframe><\/p>\n<p><\/br><\/p>\n<p><strong>James Wolfensohn, ex-presidente do Banco Mundial:<br \/>\n&#8220;N\u00e3o quero falar sobre o Bilderberg\u201d<\/strong><br \/>\n<iframe loading=\"lazy\" title=\"Former World Bank President James Wolfensohn: &quot;I don&#039;t want to talk about Bilderberg&quot;\" width=\"640\" height=\"360\" src=\"https:\/\/www.youtube.com\/embed\/tstLM-7sw0g?feature=oembed\" frameborder=\"0\" allow=\"accelerometer; autoplay; clipboard-write; encrypted-media; gyroscope; picture-in-picture; web-share\" referrerpolicy=\"strict-origin-when-cross-origin\" allowfullscreen><\/iframe><\/p>\n<p><\/br><\/p>\n<p><strong>Lou Dobbs, da FOX, sobre o Bilderberg e a Nova Ordem Mundial<\/strong><br \/>\n<iframe loading=\"lazy\" title=\"FOX&#039;s Lou Dobbs on Bilderberg.\" width=\"640\" height=\"360\" src=\"https:\/\/www.youtube.com\/embed\/A2mlORkfA2A?feature=oembed\" frameborder=\"0\" allow=\"accelerometer; autoplay; clipboard-write; encrypted-media; gyroscope; picture-in-picture; web-share\" referrerpolicy=\"strict-origin-when-cross-origin\" allowfullscreen><\/iframe><\/p>\n<p><\/br><\/p>\n<p><strong>Paula Zahn, da CNN, totalmente ignorante sobre o grupo Bilderberg\u2026<\/strong><br \/>\n<iframe loading=\"lazy\" title=\"CNN&#039;s Paula Zahn Completely Ignorant Of Bilderberg Group\" width=\"640\" height=\"360\" src=\"https:\/\/www.youtube.com\/embed\/wMGh5cl2fJg?feature=oembed\" frameborder=\"0\" allow=\"accelerometer; autoplay; clipboard-write; encrypted-media; gyroscope; picture-in-picture; web-share\" referrerpolicy=\"strict-origin-when-cross-origin\" allowfullscreen><\/iframe><\/p>\n<p><\/br><\/p>\n<p><strong>Abordando o \u201cLord\u201d Jacob Rothschild <\/strong><br \/>\n<iframe loading=\"lazy\" title=\"Lord Jacob Rothschild Confronted\" width=\"640\" height=\"360\" src=\"https:\/\/www.youtube.com\/embed\/6sCioKnpHdY?feature=oembed\" frameborder=\"0\" allow=\"accelerometer; autoplay; clipboard-write; encrypted-media; gyroscope; picture-in-picture; web-share\" referrerpolicy=\"strict-origin-when-cross-origin\" allowfullscreen><\/iframe><\/p>\n<p><\/br><br \/>\n<strong>Que tal ampliarmos a listinha de \u201ccanalhas, personalidades, celebridades\u201d nacionais e internacionais para eventuais abordagens e  contrast\u00e1-la com o IMENSO CORD\u00c3O DOS PUXA-SACOS MIDI\u00c1TICOS, OU N\u00c3O, QUE CADA DIA AUMENTA MAIS?<\/strong><br \/>\n<\/br><\/p>\n<p><strong>Anjos do Inferno &#8211; O cord\u00e3o dos puxa-saco<\/strong><br \/>\n<iframe loading=\"lazy\" title=\"Anjos do Inferno - O cord\u00e3o dos puxa-saco\" width=\"640\" height=\"360\" src=\"https:\/\/www.youtube.com\/embed\/R2gh_qi45xU?feature=oembed\" frameborder=\"0\" allow=\"accelerometer; autoplay; clipboard-write; encrypted-media; gyroscope; picture-in-picture; web-share\" referrerpolicy=\"strict-origin-when-cross-origin\" allowfullscreen><\/iframe><\/p>\n<p><\/br><\/p>\n<p><strong>Puxa Saco &#8211; M\u00fasica engra\u00e7ado de mais<\/strong><br \/>\n<iframe loading=\"lazy\" title=\"Puxa Saco - M\u00fasica engra\u00e7ado de mais\" width=\"640\" height=\"480\" src=\"https:\/\/www.youtube.com\/embed\/ZVQ1IGpnliU?feature=oembed\" frameborder=\"0\" allow=\"accelerometer; autoplay; clipboard-write; encrypted-media; gyroscope; picture-in-picture; web-share\" referrerpolicy=\"strict-origin-when-cross-origin\" allowfullscreen><\/iframe><\/p>\n","protected":false},"excerpt":{"rendered":"<p>Jornalistas com culh\u00f5es X O imenso cord\u00e3o dos puxa-sacos &#8211; abordando alguns dos \u201csupremos\u201d \u201cpodres\u201d e seus porta-vozes Durante d\u00e9cadas, um organiza\u00e7\u00e3o elitista, obscurantista e secreta chamada Grupo Bilderberg tem conspirado pol\u00edticas de subjuga\u00e7\u00e3o da humanidade, sob o manto das trevas. Agora, WEARECHANGE.org os tem exposto sistematicamente. Isso \u00e9 jornalismo de verdade, como quase n\u00e3o [&hellip;]<\/p>\n","protected":false},"author":1,"featured_media":0,"comment_status":"open","ping_status":"open","sticky":false,"template":"","format":"standard","meta":{"footnotes":""},"categories":[4,68,81,9,82],"tags":[1798,1796,1797,1799],"class_list":["post-3118","post","type-post","status-publish","format-standard","hentry","category-al-manakh","category-dossie-queda-da-rua-do-muro","category-imediartivismo","category-lance-de-dados","category-midia_corporativa","tag-cordao-dos-puxa-sacos","tag-jornalismo-destemido","tag-midia-irresponsavel","tag-wearechange-org"],"_links":{"self":[{"href":"https:\/\/imediata.org\/index.php?rest_route=\/wp\/v2\/posts\/3118","targetHints":{"allow":["GET"]}}],"collection":[{"href":"https:\/\/imediata.org\/index.php?rest_route=\/wp\/v2\/posts"}],"about":[{"href":"https:\/\/imediata.org\/index.php?rest_route=\/wp\/v2\/types\/post"}],"author":[{"embeddable":true,"href":"https:\/\/imediata.org\/index.php?rest_route=\/wp\/v2\/users\/1"}],"replies":[{"embeddable":true,"href":"https:\/\/imediata.org\/index.php?rest_route=%2Fwp%2Fv2%2Fcomments&post=3118"}],"version-history":[{"count":4,"href":"https:\/\/imediata.org\/index.php?rest_route=\/wp\/v2\/posts\/3118\/revisions"}],"predecessor-version":[{"id":3122,"href":"https:\/\/imediata.org\/index.php?rest_route=\/wp\/v2\/posts\/3118\/revisions\/3122"}],"wp:attachment":[{"href":"https:\/\/imediata.org\/index.php?rest_route=%2Fwp%2Fv2%2Fmedia&parent=3118"}],"wp:term":[{"taxonomy":"category","embeddable":true,"href":"https:\/\/imediata.org\/index.php?rest_route=%2Fwp%2Fv2%2Fcategories&post=3118"},{"taxonomy":"post_tag","embeddable":true,"href":"https:\/\/imediata.org\/index.php?rest_route=%2Fwp%2Fv2%2Ftags&post=3118"}],"curies":[{"name":"wp","href":"https:\/\/api.w.org\/{rel}","templated":true}]}}