{"id":3112,"date":"2012-12-02T02:59:24","date_gmt":"2012-12-02T02:59:24","guid":{"rendered":"http:\/\/imediata.org\/?p=3112"},"modified":"2012-12-02T02:59:24","modified_gmt":"2012-12-02T02:59:24","slug":"prof-marilena-chaui-na-puc-sp-em-28112012-em-apoio-contra-o-golpe-na-escolha-de-reitor","status":"publish","type":"post","link":"https:\/\/imediata.org\/?p=3112","title":{"rendered":">> Prof. Marilena Chau\u00ed na PUC-SP em 28\/11\/2012, em apoio contra o &#8220;golpe&#8221; na escolha de Reitor"},"content":{"rendered":"<p><\/br><br \/>\n<strong>\u00cdntegra da palestra da Professora Marilena Chaui em 28\/11\/2012 na PUC-SP, em apoio aos alunos, professores e funcion\u00e1rios que se manifestam e protestam contra a arbitrariedade totalit\u00e1ria (&#8220;golpe&#8221;) na escolha de quem deveria ocupar a Reitoria.<\/strong><br \/>\n<\/br><br \/>\n<iframe loading=\"lazy\" width=\"560\" height=\"340\" src=\"http:\/\/cdn.livestream.com\/embed\/agejor_pucsp?layout=4&amp;clip=pla_28e612d6-e363-4633-bd9f-8ffc543b22fa&amp;height=340&amp;width=560&amp;autoplay=false\" style=\"border:0;outline:0\" frameborder=\"0\" scrolling=\"no\"><\/iframe><\/p>\n<div style=\"font-size: 11px;padding-top:10px;text-align:center;width:560px\">Watch <a href=\"http:\/\/www.livestream.com\/?utm_source=lsplayer&amp;utm_medium=embed&amp;utm_campaign=footerlinks\" title=\"live streaming video\">live streaming video<\/a> from <a href=\"http:\/\/www.livestream.com\/agejor_pucsp?utm_source=lsplayer&amp;utm_medium=embed&amp;utm_campaign=footerlinks\" title=\"Watch agejor_pucsp at livestream.com\">agejor_pucsp<\/a> at livestream.com<\/div>\n<p><\/br><br \/>\n<strong>Os problemas t\u00e9cnicos s\u00e3o facilmente superados pela qualidade do pensamento da Professora Chau\u00ed.<br \/>\nFavor avan\u00e7ar a grava\u00e7\u00e3o quando os defeitos de sinal surgirem.<\/strong><br \/>\n<\/br><br \/>\n<strong>Outros v\u00eddeos de palestras da Professora Marilena Chau\u00ed no site Imediata:<\/strong><br \/>\n<\/br><br \/>\n<strong>>> Virado \u00e0 Paulista II \u2013 Marilena Chau\u00ed analisando candidatos a prefeito, t\u00edpica \u201crea\u00e7\u00e3o\u201d de um \u201crea\u00e7a\u201d a pergunta de jornalista, \u201cNada acontece no meu cora\u00e7\u00e3o\u201d de Raul Longo<\/strong><br \/>\n<a href=\"http:\/\/imediata.org\/?p=2712\">http:\/\/imediata.org\/?p=2712<\/a><br \/>\n<\/br><br \/>\n<strong>>> Liberdade de Express\u00e3o, imperd\u00edvel interven\u00e7\u00e3o de Marilena Chau\u00ed<\/strong><br \/>\n<a href=\"http:\/\/imediata.org\/?p=2593\">http:\/\/imediata.org\/?p=2593<\/a><\/p>\n","protected":false},"excerpt":{"rendered":"<p>\u00cdntegra da palestra da Professora Marilena Chaui em 28\/11\/2012 na PUC-SP, em apoio aos alunos, professores e funcion\u00e1rios que se manifestam e protestam contra a arbitrariedade totalit\u00e1ria (&#8220;golpe&#8221;) na escolha de quem deveria ocupar a Reitoria. Watch live streaming video from agejor_pucsp at livestream.com Os problemas t\u00e9cnicos s\u00e3o facilmente superados pela qualidade do pensamento da [&hellip;]<\/p>\n","protected":false},"author":1,"featured_media":0,"comment_status":"open","ping_status":"open","sticky":false,"template":"","format":"standard","meta":{"footnotes":""},"categories":[81,9],"tags":[1444,1793,1792],"class_list":["post-3112","post","type-post","status-publish","format-standard","hentry","category-imediartivismo","category-lance-de-dados","tag-marilena-chaui","tag-o-golpe-na-escolha-de-reitor","tag-puc-sp-em-28112012"],"_links":{"self":[{"href":"https:\/\/imediata.org\/index.php?rest_route=\/wp\/v2\/posts\/3112","targetHints":{"allow":["GET"]}}],"collection":[{"href":"https:\/\/imediata.org\/index.php?rest_route=\/wp\/v2\/posts"}],"about":[{"href":"https:\/\/imediata.org\/index.php?rest_route=\/wp\/v2\/types\/post"}],"author":[{"embeddable":true,"href":"https:\/\/imediata.org\/index.php?rest_route=\/wp\/v2\/users\/1"}],"replies":[{"embeddable":true,"href":"https:\/\/imediata.org\/index.php?rest_route=%2Fwp%2Fv2%2Fcomments&post=3112"}],"version-history":[{"count":1,"href":"https:\/\/imediata.org\/index.php?rest_route=\/wp\/v2\/posts\/3112\/revisions"}],"predecessor-version":[{"id":3113,"href":"https:\/\/imediata.org\/index.php?rest_route=\/wp\/v2\/posts\/3112\/revisions\/3113"}],"wp:attachment":[{"href":"https:\/\/imediata.org\/index.php?rest_route=%2Fwp%2Fv2%2Fmedia&parent=3112"}],"wp:term":[{"taxonomy":"category","embeddable":true,"href":"https:\/\/imediata.org\/index.php?rest_route=%2Fwp%2Fv2%2Fcategories&post=3112"},{"taxonomy":"post_tag","embeddable":true,"href":"https:\/\/imediata.org\/index.php?rest_route=%2Fwp%2Fv2%2Ftags&post=3112"}],"curies":[{"name":"wp","href":"https:\/\/api.w.org\/{rel}","templated":true}]}}