{"id":3100,"date":"2012-11-25T21:33:11","date_gmt":"2012-11-25T21:33:11","guid":{"rendered":"http:\/\/imediata.org\/?p=3100"},"modified":"2012-11-25T21:33:36","modified_gmt":"2012-11-25T21:33:36","slug":"por-um-mundo-uma-europa-e-uma-italia-antifascistas-%e2%80%93-manifestacoes-dos-estudantes-italianos-em-24112012-ocupando-suas-cidades-e-afirmando-que-o-governo-dos-bancos-e-das-multinacionais-n","status":"publish","type":"post","link":"https:\/\/imediata.org\/?p=3100","title":{"rendered":">> Por um Mundo, uma Europa e uma It\u00e1lia Antifascistas \u2013 manifesta\u00e7\u00f5es dos estudantes italianos em 24\/11\/2012, ocupando suas cidades e afirmando que o governo dos bancos e das multinacionais n\u00e3o os representa"},"content":{"rendered":"<p><\/br><br \/>\nPor um Mundo, uma Europa e uma It\u00e1lia Antifascistas \u2013 manifesta\u00e7\u00f5es dos estudantes italianos em 24\/11\/2012, ocupando suas cidades e afirmando que o governo dos bancos e das multinacionais n\u00e3o os representa<br \/>\n<\/br><\/p>\n<p><strong>Empunhando seus cartazes-escudo coloridos, cada um contendo o t\u00edtulo de um livro e seu respectivo autor (blocos agora chamados de Book Blocks), as manifesta\u00e7\u00f5es por uma Educa\u00e7\u00e3o decente e n\u00e3o privatizada se misturam \u00e0 reivindica\u00e7\u00e3o por um governo italiano e europeu decentes, a firme declara\u00e7\u00e3o de que o presente governo Monti-Comiss\u00e3o Europeia-&#8220;Bilderberg&#8221; n\u00e3o os representa e o rep\u00fadio veemente ao ataque contra Gaza.<\/strong><br \/>\n<\/br><\/p>\n<p><strong>ROMA<\/strong><br \/>\n<\/br><\/p>\n<p>Roma 24-11-2012, corteo student<br \/>\n<iframe loading=\"lazy\" title=\"Roma 24-11-2012, corteo studenti\" width=\"640\" height=\"360\" src=\"https:\/\/www.youtube.com\/embed\/wnAeN0YR-p8?feature=oembed\" frameborder=\"0\" allow=\"accelerometer; autoplay; clipboard-write; encrypted-media; gyroscope; picture-in-picture; web-share\" referrerpolicy=\"strict-origin-when-cross-origin\" allowfullscreen><\/iframe><br \/>\n<\/br><\/p>\n<p>Roma, il Corteo &#8221; LIBERA GAZA LIBERA PALESTINA &#8221; 24-11-2012<br \/>\n<iframe loading=\"lazy\" title=\"Roma, il Corteo &quot; LIBERA GAZA LIBERA PALESTINA &quot; 24-11-2012\" width=\"640\" height=\"480\" src=\"https:\/\/www.youtube.com\/embed\/4vRe-e96hoE?feature=oembed\" frameborder=\"0\" allow=\"accelerometer; autoplay; clipboard-write; encrypted-media; gyroscope; picture-in-picture; web-share\" referrerpolicy=\"strict-origin-when-cross-origin\" allowfullscreen><\/iframe><br \/>\n<\/br><\/p>\n<p><strong>FLOREN\u00c7A \u2013 ocupa\u00e7\u00e3o da Esta\u00e7\u00e3o Ferrovi\u00e1ria<\/strong><br \/>\nhttp:\/\/youtu.be\/l1732CGH6nM<br \/>\n<\/br><\/p>\n<p><strong>VENEZA \u2013 ocupa\u00e7\u00e3o da Reitoria em Ca\u2019 Foscari<\/strong><br \/>\n23.11.2012 Venezia &#8211; No FORNERO Day &#8211; occupazione del retto<br \/>\n<iframe loading=\"lazy\" title=\"23.11.2012 Venezia - No FORNERO Day - occupazione del retto\" width=\"640\" height=\"360\" src=\"https:\/\/www.youtube.com\/embed\/JSn2ZNQ9Tks?feature=oembed\" frameborder=\"0\" allow=\"accelerometer; autoplay; clipboard-write; encrypted-media; gyroscope; picture-in-picture; web-share\" referrerpolicy=\"strict-origin-when-cross-origin\" allowfullscreen><\/iframe><br \/>\n<\/br><br \/>\n<strong>PARMA<\/strong><br \/>\n24.11.2012 Parma &#8211; Seconda giornata di mobilitazione per l&#8217;Istruzione<br \/>\n<iframe loading=\"lazy\" title=\"24.11.2012 Parma - Seconda giornata di mobilitazione per l&#039;Istruzione\" width=\"640\" height=\"360\" src=\"https:\/\/www.youtube.com\/embed\/WJaChGjriW4?feature=oembed\" frameborder=\"0\" allow=\"accelerometer; autoplay; clipboard-write; encrypted-media; gyroscope; picture-in-picture; web-share\" referrerpolicy=\"strict-origin-when-cross-origin\" allowfullscreen><\/iframe><br \/>\n<\/br><br \/>\n<strong>P\u00c1DUA<\/strong><br \/>\nPadova: corteo 24novembre<br \/>\n<iframe loading=\"lazy\" title=\"Padova: corteo 24novembre\" width=\"640\" height=\"360\" src=\"https:\/\/www.youtube.com\/embed\/G6_hbbx7VlQ?feature=oembed\" frameborder=\"0\" allow=\"accelerometer; autoplay; clipboard-write; encrypted-media; gyroscope; picture-in-picture; web-share\" referrerpolicy=\"strict-origin-when-cross-origin\" allowfullscreen><\/iframe><br \/>\n<\/br><\/p>\n<p><strong>PISA<\/strong><br \/>\nPisa 24.11.12 Studenti bruciano bandiera del Pd e occupano il commune<br \/>\n<iframe loading=\"lazy\" title=\"Pisa 24.11.12 Studenti bruciano bandiera del Pd e occupano il comune\" width=\"640\" height=\"480\" src=\"https:\/\/www.youtube.com\/embed\/j0bvfu4Ic0M?feature=oembed\" frameborder=\"0\" allow=\"accelerometer; autoplay; clipboard-write; encrypted-media; gyroscope; picture-in-picture; web-share\" referrerpolicy=\"strict-origin-when-cross-origin\" allowfullscreen><\/iframe><br \/>\n<\/br><\/p>\n<p><strong>N\u00c1POLES<\/strong><br \/>\nNapoli, corteo studenti e ricercatori: &#8220;Riprendiamoci il futuro&#8221; (24\/11\/2012)<br \/>\n<iframe loading=\"lazy\" title=\"Napoli, corteo studenti e ricercatori: &quot;Riprendiamoci il futuro&quot; (24\/11\/2012)\" width=\"640\" height=\"360\" src=\"https:\/\/www.youtube.com\/embed\/rMYbpM9PylI?feature=oembed\" frameborder=\"0\" allow=\"accelerometer; autoplay; clipboard-write; encrypted-media; gyroscope; picture-in-picture; web-share\" referrerpolicy=\"strict-origin-when-cross-origin\" allowfullscreen><\/iframe><br \/>\n<\/br><\/p>\n<p>Corteo studentesco per lo sciopero generale europeo<br \/>\n<iframe loading=\"lazy\" title=\"Corteo studentesco per lo sciopero generale europeo\" width=\"640\" height=\"360\" src=\"https:\/\/www.youtube.com\/embed\/5Q2acxC8Evw?feature=oembed\" frameborder=\"0\" allow=\"accelerometer; autoplay; clipboard-write; encrypted-media; gyroscope; picture-in-picture; web-share\" referrerpolicy=\"strict-origin-when-cross-origin\" allowfullscreen><\/iframe><\/p>\n","protected":false},"excerpt":{"rendered":"<p>Por um Mundo, uma Europa e uma It\u00e1lia Antifascistas \u2013 manifesta\u00e7\u00f5es dos estudantes italianos em 24\/11\/2012, ocupando suas cidades e afirmando que o governo dos bancos e das multinacionais n\u00e3o os representa Empunhando seus cartazes-escudo coloridos, cada um contendo o t\u00edtulo de um livro e seu respectivo autor (blocos agora chamados de Book Blocks), as [&hellip;]<\/p>\n","protected":false},"author":1,"featured_media":0,"comment_status":"open","ping_status":"open","sticky":false,"template":"","format":"standard","meta":{"footnotes":""},"categories":[68,9],"tags":[1789,1787,490,1788],"class_list":["post-3100","post","type-post","status-publish","format-standard","hentry","category-dossie-queda-da-rua-do-muro","category-lance-de-dados","tag-contra-o-governo-italiano","tag-estudantes-italianos-manifestam-se-em-24112012","tag-italia","tag-ocupacao-das-cidades-italianas-pelos-estudantes"],"_links":{"self":[{"href":"https:\/\/imediata.org\/index.php?rest_route=\/wp\/v2\/posts\/3100","targetHints":{"allow":["GET"]}}],"collection":[{"href":"https:\/\/imediata.org\/index.php?rest_route=\/wp\/v2\/posts"}],"about":[{"href":"https:\/\/imediata.org\/index.php?rest_route=\/wp\/v2\/types\/post"}],"author":[{"embeddable":true,"href":"https:\/\/imediata.org\/index.php?rest_route=\/wp\/v2\/users\/1"}],"replies":[{"embeddable":true,"href":"https:\/\/imediata.org\/index.php?rest_route=%2Fwp%2Fv2%2Fcomments&post=3100"}],"version-history":[{"count":2,"href":"https:\/\/imediata.org\/index.php?rest_route=\/wp\/v2\/posts\/3100\/revisions"}],"predecessor-version":[{"id":3102,"href":"https:\/\/imediata.org\/index.php?rest_route=\/wp\/v2\/posts\/3100\/revisions\/3102"}],"wp:attachment":[{"href":"https:\/\/imediata.org\/index.php?rest_route=%2Fwp%2Fv2%2Fmedia&parent=3100"}],"wp:term":[{"taxonomy":"category","embeddable":true,"href":"https:\/\/imediata.org\/index.php?rest_route=%2Fwp%2Fv2%2Fcategories&post=3100"},{"taxonomy":"post_tag","embeddable":true,"href":"https:\/\/imediata.org\/index.php?rest_route=%2Fwp%2Fv2%2Ftags&post=3100"}],"curies":[{"name":"wp","href":"https:\/\/api.w.org\/{rel}","templated":true}]}}