{"id":3044,"date":"2012-11-20T21:27:14","date_gmt":"2012-11-20T21:27:14","guid":{"rendered":"http:\/\/imediata.org\/?p=3044"},"modified":"2012-11-20T21:31:33","modified_gmt":"2012-11-20T21:31:33","slug":"utopia-no-horizonte-%e2%80%93-dedicado-aqueles-que-escolhem-lutar-o-filme-27%e2%80%9953%e2%80%99%e2%80%99-por-roarmag","status":"publish","type":"post","link":"https:\/\/imediata.org\/?p=3044","title":{"rendered":">> &#8220;Utopia no Horizonte&#8221; \u2013 dedicado \u00e0queles que escolhem lutar (o filme, 27\u201953\u2019\u2019), por roarmag"},"content":{"rendered":"<p><\/br><br \/>\nUtopia no Horizonte \u2013 dedicado \u00e0queles que escolhem lutar (o filme, 27\u201953\u2019\u2019), por roarmag<br \/>\n<\/br><\/p>\n<p><strong>Com legendas em espanhol:<br \/>\nUtop\u00eda en el Horizonte<\/strong><br \/>\n<iframe loading=\"lazy\" title=\"Utop\u00eda en el Horizonte: Documental sobre la Crisis Griega\" width=\"640\" height=\"360\" src=\"https:\/\/www.youtube.com\/embed\/wPLrA9uJC98?feature=oembed\" frameborder=\"0\" allow=\"accelerometer; autoplay; clipboard-write; encrypted-media; gyroscope; picture-in-picture; web-share\" referrerpolicy=\"strict-origin-when-cross-origin\" allowfullscreen><\/iframe><br \/>\n<\/br><br \/>\nROARMAG.org presenta: &#8216;Utop\u00eda en el Horizonte&#8217;, un documental dedicado a todos aquellos que decidieron luchar.??En mayo de 2011, centenares de miles de griegos irrumpieron en la Plaza Sintagma en Atenas para protestar contra la liquidaci\u00f3n de su pa\u00eds, de sus derechos laborales y de sus medios de subsistencia a las corruptas elites nacionales y los intereses financieros en el extranjero.<br \/>\nEn cuesti\u00f3n de d\u00edas, un campamento de protesta fue creado &#8212; organizado bajo los principios de democracia directa, autogesti\u00f3n y ayuda mutua &#8212; proporcionando una vislumbre de utop\u00eda en medio de una devastadora crisis financiera, pol\u00edtica y social. El 28-29 de Junio, durante una votaci\u00f3n parlamentaria sobre nuevas medidas de austeridad, el estado finalmente respondi\u00f3 con fuerza brutal, eventualmente desalojando a los manifestantes de la plaza y aplastando el potencial radical de su experimento social.??Un a\u00f1o m\u00e1s tarde, Leonidas Oikonomakis y J\u00e9r\u00f4me Roos &#8212; investigadores en el Instituto Universitario Europeo y coautores del blog activista ROARMAG.org &#8212; regresaron a Atenas para hablar con activistas involucrados en el movimiento y la ocupaci\u00f3n de la Plaza Sintagma, as\u00ed como el h\u00e9roe de la resistencia en la Segunda Guerra Mundial, Manolis Glezos. Lo que sigue es este retrato dram\u00e1tico de un pa\u00eds al borde del colapso; y de las personas que decidieron luchar para construir un mundo nuevo sobre viejas ruinas.??&#8221;UTOP\u00cdA EN EL HORIZONTE&#8221;<br \/>\nPresentado Por:<br \/>\n* Reflections on a Revolution (ROARMAG.org)<br \/>\nFue Posible Gracias A:<br \/>\n* Syntagma Multimedia Team (MINDTHECAM.net)<br \/>\nUna Prodduci\u00f3n De:<br \/>\n* Descuadro Producciones (DESCUADRO.com)<br \/>\nTestimonios:<br \/>\nMaria Kanellopoulou<br \/>\n* Dimitris Timpilis<br \/>\n* Niki Dimitriadi<br \/>\n* Manolis Glezos<br \/>\nDirecci\u00f3n:<br \/>\n* J\u00e9r\u00f4me Roos<br \/>\n* Leonidas Oikonomakis??Producci\u00f3n:<br \/>\n* J\u00e9r\u00f4me Roos<br \/>\n* Andr\u00e9s Cornejo<br \/>\nEdici\u00f3n:<br \/>\n* Andr\u00e9s Cornejo<br \/>\nDise\u00f1o de Sonido:<br \/>\n* Benjamin Schimpke<br \/>\nM\u00fasica Adicional:<br \/>\n* OddOne Studio<br \/>\nAsistente de Prodduci\u00f3n:<br \/>\n* Tamara Van Der Putten<br \/>\nTomas de Archivo:<br \/>\n* Syntagma Multimedia Team<br \/>\nGui\u00f3n:<br \/>\n* J\u00e9r\u00f4me Roos<br \/>\n* Andr\u00e9s Cornejo<br \/>\n* Leonidas Oikonomakis<br \/>\nTraducciones:<br \/>\n* Leonidas Oikonomakis<br \/>\n* Yorgos Goumas<br \/>\n* Maria Pafili<br \/>\n* Tamara Van Der Putten<br \/>\n* Santiago Carri\u00f3n<br \/>\n* Pedro Noel<br \/>\nM\u00fasica:<br \/>\n* Maria Kanellopoulou (soprano) &#8211; &#8216;Astron Ouranion&#8217;<br \/>\n* Maria Kanellopoulou (soprano) &#8211; &#8216;Pace Pace Mio Dio&#8217;<br \/>\n* Nikolas Asimos &#8211; &#8216;Den Pa Ma Nas Xrypan&#8217;<br \/>\nAgradecimiento Especial A:<br \/>\n* Christos Staikos<br \/>\n* Manos Cizek<br \/>\n* Geoff Arbourne<br \/>\n* Manolis Foinikianakis<br \/>\n* Nikolas Leventakis<br \/>\n* Boumba Dimitrokali<br \/>\n* Felipe Maqui?* Gorka Molero<br \/>\n* Stavris Chatzivasiliou<br \/>\n* Tamara Van Der Putten<br \/>\n* Ike Krijnen<br \/>\n<\/br><br \/>\n<strong>Em ingl\u00eas:<br \/>\nUtopia on the Horizon<\/strong><br \/>\n<iframe loading=\"lazy\" title=\"Utopia on the Horizon: Documentary on the Greek Debt Crisis\" width=\"640\" height=\"360\" src=\"https:\/\/www.youtube.com\/embed\/OAnGxynPxL4?feature=oembed\" frameborder=\"0\" allow=\"accelerometer; autoplay; clipboard-write; encrypted-media; gyroscope; picture-in-picture; web-share\" referrerpolicy=\"strict-origin-when-cross-origin\" allowfullscreen><\/iframe><br \/>\n<\/br><br \/>\nROARMAG.org presents: &#8216;Utopia on the Horizon&#8217;, a documentary for those who chose to struggle.<br \/>\n<\/br><br \/>\n<strong>Via <a href=\"http:\/\/www.adbusters.org\/\">adbusters<\/a><\/strong><\/p>\n<p><\/br><br \/>\n<strong>Ver tamb\u00e9m:<br \/>\n>> Pra\u00e7a Syntagma \u2013 teatro-cora\u00e7\u00e3o da guerra por opostos Paradigmas, por Mario S. Mieli<\/strong><br \/>\n<a href=\"http:\/\/imediata.org\/?p=3006\">http:\/\/imediata.org\/?p=3006<\/a><br \/>\n<\/br><br \/>\n<strong>A TRAG\u00c9DIA GREGA E EUROP\u00c9IA<\/strong><br \/>\n<a href=\"http:\/\/imediata.org\/?page_id=111\">http:\/\/imediata.org\/?page_id=111<\/a><\/p>\n","protected":false},"excerpt":{"rendered":"<p>Utopia no Horizonte \u2013 dedicado \u00e0queles que escolhem lutar (o filme, 27\u201953\u2019\u2019), por roarmag Com legendas em espanhol: Utop\u00eda en el Horizonte ROARMAG.org presenta: &#8216;Utop\u00eda en el Horizonte&#8217;, un documental dedicado a todos aquellos que decidieron luchar.??En mayo de 2011, centenares de miles de griegos irrumpieron en la Plaza Sintagma en Atenas para protestar contra [&hellip;]<\/p>\n","protected":false},"author":1,"featured_media":0,"comment_status":"open","ping_status":"open","sticky":false,"template":"","format":"standard","meta":{"footnotes":""},"categories":[68,81,91,9,78],"tags":[1764,1763,1762],"class_list":["post-3044","post","type-post","status-publish","format-standard","hentry","category-dossie-queda-da-rua-do-muro","category-imediartivismo","category-imperio_poder_globalizacao","category-lance-de-dados","category-ovideo","tag-crise-na-grecia-e-na-europa","tag-roarmag-org","tag-utopia-no-horizonte"],"_links":{"self":[{"href":"https:\/\/imediata.org\/index.php?rest_route=\/wp\/v2\/posts\/3044","targetHints":{"allow":["GET"]}}],"collection":[{"href":"https:\/\/imediata.org\/index.php?rest_route=\/wp\/v2\/posts"}],"about":[{"href":"https:\/\/imediata.org\/index.php?rest_route=\/wp\/v2\/types\/post"}],"author":[{"embeddable":true,"href":"https:\/\/imediata.org\/index.php?rest_route=\/wp\/v2\/users\/1"}],"replies":[{"embeddable":true,"href":"https:\/\/imediata.org\/index.php?rest_route=%2Fwp%2Fv2%2Fcomments&post=3044"}],"version-history":[{"count":3,"href":"https:\/\/imediata.org\/index.php?rest_route=\/wp\/v2\/posts\/3044\/revisions"}],"predecessor-version":[{"id":3046,"href":"https:\/\/imediata.org\/index.php?rest_route=\/wp\/v2\/posts\/3044\/revisions\/3046"}],"wp:attachment":[{"href":"https:\/\/imediata.org\/index.php?rest_route=%2Fwp%2Fv2%2Fmedia&parent=3044"}],"wp:term":[{"taxonomy":"category","embeddable":true,"href":"https:\/\/imediata.org\/index.php?rest_route=%2Fwp%2Fv2%2Fcategories&post=3044"},{"taxonomy":"post_tag","embeddable":true,"href":"https:\/\/imediata.org\/index.php?rest_route=%2Fwp%2Fv2%2Ftags&post=3044"}],"curies":[{"name":"wp","href":"https:\/\/api.w.org\/{rel}","templated":true}]}}