{"id":3016,"date":"2012-11-15T00:24:36","date_gmt":"2012-11-15T00:24:36","guid":{"rendered":"http:\/\/imediata.org\/?p=3016"},"modified":"2012-11-15T01:08:04","modified_gmt":"2012-11-15T01:08:04","slug":"mas-quem-estao-defendendo-esses-tiras-a-vergonha-inominavel-a-lixocracia","status":"publish","type":"post","link":"https:\/\/imediata.org\/?p=3016","title":{"rendered":">> Mas quem est\u00e3o defendendo esses tiras? A vergonha inomin\u00e1vel: a Lixocracia. Enquanto a Pra\u00e7a Syntagma se estende pela Europa inteira."},"content":{"rendered":"<p><\/br><br \/>\nMas quem est\u00e3o defendendo esses tiras? A vergonha inomin\u00e1vel: a Lixocracia. Enquanto a Pra\u00e7a Syntagma se estende pela Europa inteira.<br \/>\n<\/br><br \/>\n<strong>A rebeli\u00e3o na Europa Mediterr\u00e2nea<\/strong><br \/>\n<a href=\"http:\/\/imediata.org\/wp-content\/uploads\/2012\/11\/carry-strike-two-major.jpg\"><img loading=\"lazy\" decoding=\"async\" src=\"http:\/\/imediata.org\/wp-content\/uploads\/2012\/11\/carry-strike-two-major.jpg\" alt=\"\" title=\"carry-strike-two-major\" width=\"640\" height=\"413\" class=\"alignright size-full wp-image-3017\" srcset=\"https:\/\/imediata.org\/wp-content\/uploads\/2012\/11\/carry-strike-two-major.jpg 640w, https:\/\/imediata.org\/wp-content\/uploads\/2012\/11\/carry-strike-two-major-300x193.jpg 300w\" sizes=\"auto, (max-width: 640px) 100vw, 640px\" \/><\/a><br \/>\n<\/br><br \/>\n<strong>O capitalismo MATA<\/strong><br \/>\n<a href=\"http:\/\/imediata.org\/wp-content\/uploads\/2012\/11\/74780_480810438608605_606308414_n.jpg\"><img loading=\"lazy\" decoding=\"async\" src=\"http:\/\/imediata.org\/wp-content\/uploads\/2012\/11\/74780_480810438608605_606308414_n.jpg\" alt=\"\" title=\"74780_480810438608605_606308414_n\" width=\"600\" height=\"450\" class=\"alignright size-full wp-image-3018\" srcset=\"https:\/\/imediata.org\/wp-content\/uploads\/2012\/11\/74780_480810438608605_606308414_n.jpg 600w, https:\/\/imediata.org\/wp-content\/uploads\/2012\/11\/74780_480810438608605_606308414_n-300x225.jpg 300w\" sizes=\"auto, (max-width: 600px) 100vw, 600px\" \/><\/a><br \/>\n<\/br><br \/>\n<strong>O menino de Tarragona &#8211; talvez a imagem que melhor sintetize o dia 14\/11\/2012 na Europa<\/strong><br \/>\n<a href=\"http:\/\/imediata.org\/wp-content\/uploads\/2012\/11\/madrid-3.jpg\"><img loading=\"lazy\" decoding=\"async\" src=\"http:\/\/imediata.org\/wp-content\/uploads\/2012\/11\/madrid-3.jpg\" alt=\"\" title=\"madrid 3\" width=\"403\" height=\"403\" class=\"alignright size-full wp-image-3019\" srcset=\"https:\/\/imediata.org\/wp-content\/uploads\/2012\/11\/madrid-3.jpg 403w, https:\/\/imediata.org\/wp-content\/uploads\/2012\/11\/madrid-3-150x150.jpg 150w, https:\/\/imediata.org\/wp-content\/uploads\/2012\/11\/madrid-3-300x300.jpg 300w\" sizes=\"auto, (max-width: 403px) 100vw, 403px\" \/><\/a><br \/>\n<\/br><br \/>\n<strong>Um Dia Muito Especial, na It\u00e1lia<br \/>\nROMA<\/strong><br \/>\n<iframe loading=\"lazy\" title=\"Corteo romano, gli scontri sul lungotevere (14\/11\/2012)\" width=\"640\" height=\"360\" src=\"https:\/\/www.youtube.com\/embed\/0nYomoDcPxo?feature=oembed\" frameborder=\"0\" allow=\"accelerometer; autoplay; clipboard-write; encrypted-media; gyroscope; picture-in-picture; web-share\" referrerpolicy=\"strict-origin-when-cross-origin\" allowfullscreen><\/iframe><br \/>\n<strong>Fonte: Il Fatto Quotidiano<\/strong><br \/>\n<\/br><br \/>\n<object width=\"370\" height=\"277\"><param name=\"movie\" value=\"http:\/\/rt.com\/s\/swf\/player5.4.swf?file=http:\/\/rt.com\/files\/news\/general-strike-italy-violence-692\/i64b294ebed2b929d088ac8750a7ed73e_00b7fa5d.dv.flv&#038;image=http:\/\/rt.com\/files\/news\/general-strike-italy-violence-692\/policemen-workers-day-measures.n.jpg&#038;skin=http:\/\/rt.com\/s\/css\/player_skin.zip&#038;provider=http&#038;abouttext=Russia%20Today&#038;aboutlink=http:\/\/rt.com&#038;autostart=false\"><\/param><embed src=\"http:\/\/rt.com\/s\/swf\/player5.4.swf?file=http:\/\/rt.com\/files\/news\/general-strike-italy-violence-692\/i64b294ebed2b929d088ac8750a7ed73e_00b7fa5d.dv.flv&#038;image=http:\/\/rt.com\/files\/news\/general-strike-italy-violence-692\/policemen-workers-day-measures.n.jpg&#038;skin=http:\/\/rt.com\/s\/css\/player_skin.zip&#038;provider=http&#038;abouttext=Russia%20Today&#038;aboutlink=http:\/\/rt.com&#038;autostart=false\" type=\"application\/x-shockwave-flash\" allowfullscreen=\"true\" width=\"370\" height=\"277\" \/><\/object><br \/>\nFonte: <a href=\"http:\/\/rt.com\/news\/general-strike-italy-violence-692\/\">rt.com<\/a><br \/>\n<\/br><br \/>\n<strong>Mil\u00e3o:<\/strong><br \/>\n<iframe loading=\"lazy\" title=\"Milano, il corteo carica la polizia (14\/11\/2012)\" width=\"640\" height=\"360\" src=\"https:\/\/www.youtube.com\/embed\/FpPHUTVhCoI?feature=oembed\" frameborder=\"0\" allow=\"accelerometer; autoplay; clipboard-write; encrypted-media; gyroscope; picture-in-picture; web-share\" referrerpolicy=\"strict-origin-when-cross-origin\" allowfullscreen><\/iframe><br \/>\n<strong>Fonte: Il Fatto Quotidiano<\/strong><br \/>\n<\/br><br \/>\n<strong>Recomendamos fortemente visualizarem as seguintes postagens:<br \/>\n&#8220;De A a Z, as cidades de um dia hist\u00f3rico&#8221;. Aqui:<\/strong><br \/>\n<a href=\"http:\/\/ouropel.blogspot.com\/2012\/11\/de-a-z-as-cidades-de-um-dia-historico.html\">http:\/\/ouropel.blogspot.com\/2012\/11\/de-a-z-as-cidades-de-um-dia-historico.html<\/a><\/p>\n<p><\/br><br \/>\n<strong>&#8220;Europa a ferro e fogo&#8221;. Aqui:<\/strong><br \/>\n<a href=\"http:\/\/ouropel.blogspot.com\/2012\/11\/europa-ferro-e-fogo.html\">http:\/\/ouropel.blogspot.com\/2012\/11\/europa-ferro-e-fogo.html<\/a><br \/>\n<\/br><br \/>\n<strong>&#8220;Descubra as diferen\u00e7as&#8230;&#8221; Aqui:<\/strong><br \/>\n<a href=\"http:\/\/ouropel.blogspot.com\/2012\/11\/descubra-as-diferencas.html\">http:\/\/ouropel.blogspot.com\/2012\/11\/descubra-as-diferencas.html<\/a><br \/>\n<\/br><br \/>\n<strong>Mega strike hits Europe<\/strong><br \/>\n<a href=\"http:\/\/rt.com\/news\/austerity-protest-europe-arrest-657\/\">http:\/\/rt.com\/news\/austerity-protest-europe-arrest-657\/<\/a><br \/>\n<a href=\"http:\/\/imediata.org\/wp-content\/uploads\/2012\/11\/222586_197902520335052_1838342489_n1.jpg\"><img loading=\"lazy\" decoding=\"async\" src=\"http:\/\/imediata.org\/wp-content\/uploads\/2012\/11\/222586_197902520335052_1838342489_n1.jpg\" alt=\"\" title=\"222586_197902520335052_1838342489_n\" width=\"640\" height=\"274\" class=\"alignright size-full wp-image-3025\" srcset=\"https:\/\/imediata.org\/wp-content\/uploads\/2012\/11\/222586_197902520335052_1838342489_n1.jpg 640w, https:\/\/imediata.org\/wp-content\/uploads\/2012\/11\/222586_197902520335052_1838342489_n1-300x128.jpg 300w\" sizes=\"auto, (max-width: 640px) 100vw, 640px\" \/><\/a><\/p>\n","protected":false},"excerpt":{"rendered":"<p>Mas quem est\u00e3o defendendo esses tiras? A vergonha inomin\u00e1vel: a Lixocracia. Enquanto a Pra\u00e7a Syntagma se estende pela Europa inteira. A rebeli\u00e3o na Europa Mediterr\u00e2nea O capitalismo MATA O menino de Tarragona &#8211; talvez a imagem que melhor sintetize o dia 14\/11\/2012 na Europa Um Dia Muito Especial, na It\u00e1lia ROMA Fonte: Il Fatto Quotidiano [&hellip;]<\/p>\n","protected":false},"author":1,"featured_media":0,"comment_status":"open","ping_status":"open","sticky":false,"template":"","format":"standard","meta":{"footnotes":""},"categories":[8,68,81,9],"tags":[1756,1757],"class_list":["post-3016","post","type-post","status-publish","format-standard","hentry","category-anarcom","category-dossie-queda-da-rua-do-muro","category-imediartivismo","category-lance-de-dados","tag-14112012-na-europa","tag-manifestacoes-contra-a-austeridade"],"_links":{"self":[{"href":"https:\/\/imediata.org\/index.php?rest_route=\/wp\/v2\/posts\/3016","targetHints":{"allow":["GET"]}}],"collection":[{"href":"https:\/\/imediata.org\/index.php?rest_route=\/wp\/v2\/posts"}],"about":[{"href":"https:\/\/imediata.org\/index.php?rest_route=\/wp\/v2\/types\/post"}],"author":[{"embeddable":true,"href":"https:\/\/imediata.org\/index.php?rest_route=\/wp\/v2\/users\/1"}],"replies":[{"embeddable":true,"href":"https:\/\/imediata.org\/index.php?rest_route=%2Fwp%2Fv2%2Fcomments&post=3016"}],"version-history":[{"count":7,"href":"https:\/\/imediata.org\/index.php?rest_route=\/wp\/v2\/posts\/3016\/revisions"}],"predecessor-version":[{"id":3028,"href":"https:\/\/imediata.org\/index.php?rest_route=\/wp\/v2\/posts\/3016\/revisions\/3028"}],"wp:attachment":[{"href":"https:\/\/imediata.org\/index.php?rest_route=%2Fwp%2Fv2%2Fmedia&parent=3016"}],"wp:term":[{"taxonomy":"category","embeddable":true,"href":"https:\/\/imediata.org\/index.php?rest_route=%2Fwp%2Fv2%2Fcategories&post=3016"},{"taxonomy":"post_tag","embeddable":true,"href":"https:\/\/imediata.org\/index.php?rest_route=%2Fwp%2Fv2%2Ftags&post=3016"}],"curies":[{"name":"wp","href":"https:\/\/api.w.org\/{rel}","templated":true}]}}