{"id":3011,"date":"2012-11-10T01:56:35","date_gmt":"2012-11-10T01:56:35","guid":{"rendered":"http:\/\/imediata.org\/?p=3011"},"modified":"2012-11-10T01:59:18","modified_gmt":"2012-11-10T01:59:18","slug":"%e2%80%9co-povo-das-sementes%e2%80%9d-trailer-do-filme-reportagem-de-francois-delonnay-sobre-o-festival-kokopelli-pachamama-peru-2012","status":"publish","type":"post","link":"https:\/\/imediata.org\/?p=3011","title":{"rendered":">> \u201cO Povo das Sementes\u201d, trailer do filme-reportagem de Fran\u00e7ois Delonnay sobre o Festival Kokopelli Pachamama, Peru, 2012"},"content":{"rendered":"<p><strong><\/br><br \/>\n\u201cO Povo das Sementes\u201d, trailer do filme-reportagem de Fran\u00e7ois Delonnay sobre o Festival Kokopelli Pachamama, Peru, 2012<br \/>\n<\/br><\/p>\n<p>&#8220;Le peuple des semences&#8221;- Festival Kokopelli Pachamama<br \/>\n<iframe loading=\"lazy\" title=\"&quot;Les Gardiens de Semences&quot; ( ex &quot;Le peuple des semences&quot;)- Festival Kokopelli Pachamama\" width=\"640\" height=\"360\" src=\"https:\/\/www.youtube.com\/embed\/KjN7EuPLrV0?feature=oembed\" frameborder=\"0\" allow=\"accelerometer; autoplay; clipboard-write; encrypted-media; gyroscope; picture-in-picture; web-share\" referrerpolicy=\"strict-origin-when-cross-origin\" allowfullscreen><\/iframe><br \/>\n<\/br><\/p>\n<p>Transcri\u00e7\u00e3o traduzida: Mario S. Mieli<br \/>\n<\/br><br \/>\n\u201c\u00c9 porque amamos a terra t\u00e3o profundamente que lutaremos com toda a garra para defend\u00ea-la, assim como a todas as formas de vida.\u201d Vandana Shiva<\/p>\n<p><\/br><\/p>\n<p>\u201cTrata-se de nossa energia, nossa alimenta\u00e7\u00e3o e de nossa medicina.\u201d<br \/>\n<\/br><\/p>\n<p>\u201c\u00c9 um momento extremamente importante e espero que o Movimento Global da Semente, que para mim \u00e9 um movimento de liberta\u00e7\u00e3o, sair\u00e1 potencializado, tanto para a Am\u00e9rica Latina quanto para o resto do mundo.\u201d VS<br \/>\n<\/br><\/p>\n<p>\u201cUma comunidade que tem suas sementes det\u00e9m as chaves de sua pr\u00f3pria autonomia e soberania alimentar. Por isso lutamos a favor da vida, das sementes e da biodiversidade.\u201d<br \/>\n<\/br><\/p>\n<p>\u201cA estrat\u00e9gia \u00e9 criar, em cada escola, em cada col\u00e9gio, um banco de sementes e uma estufa.\u201d<br \/>\n<\/br><\/p>\n<p>\u201cSeu impulso, atrav\u00e9s desse encontro, \u00e9 de dinamizar uma rede de sementes, essa forma de biodiversidade administrada pelo povo e para o povo.\u201d<br \/>\n<\/br><\/p>\n<p>\u201cN\u00c3O \u00c0S SEMENTES TRANSG\u00caNICAS. PE\u00c7O-LHES POR FAVOR, A TODO O MUNDO. CUIDAR DE NOSSA ALIMENTA\u00c7\u00c3O PARA AS NOVAS GERA\u00c7\u00d5ES.\u201d<br \/>\n<\/br><\/p>\n<p>\u201cSomos loucos, loucos e loucos pela biodiversidade. O objetivo de Dominique era, no come\u00e7o, [promover] um painel muito importante e salvar todas as variedades antigas que podemos salvar em todo o planeta.\u201d<\/strong><\/p>\n","protected":false},"excerpt":{"rendered":"<p>\u201cO Povo das Sementes\u201d, trailer do filme-reportagem de Fran\u00e7ois Delonnay sobre o Festival Kokopelli Pachamama, Peru, 2012 &#8220;Le peuple des semences&#8221;- Festival Kokopelli Pachamama Transcri\u00e7\u00e3o traduzida: Mario S. Mieli \u201c\u00c9 porque amamos a terra t\u00e3o profundamente que lutaremos com toda a garra para defend\u00ea-la, assim como a todas as formas de vida.\u201d Vandana Shiva \u201cTrata-se [&hellip;]<\/p>\n","protected":false},"author":1,"featured_media":0,"comment_status":"open","ping_status":"open","sticky":false,"template":"","format":"standard","meta":{"footnotes":""},"categories":[5,81,9],"tags":[246,1753,1755,1752,95,1751,1754,175,174],"class_list":["post-3011","post","type-post","status-publish","format-standard","hentry","category-biodiversidade-imediata","category-imediartivismo","category-lance-de-dados","tag-biodiversidade","tag-festival-kokopelli-pachamama","tag-francois-delonnay","tag-le-peuple-des-semences","tag-mario-s-mieli","tag-o-povo-das-sementes","tag-peru-2012","tag-soberania-alimentar","tag-vandana-shiva"],"_links":{"self":[{"href":"https:\/\/imediata.org\/index.php?rest_route=\/wp\/v2\/posts\/3011","targetHints":{"allow":["GET"]}}],"collection":[{"href":"https:\/\/imediata.org\/index.php?rest_route=\/wp\/v2\/posts"}],"about":[{"href":"https:\/\/imediata.org\/index.php?rest_route=\/wp\/v2\/types\/post"}],"author":[{"embeddable":true,"href":"https:\/\/imediata.org\/index.php?rest_route=\/wp\/v2\/users\/1"}],"replies":[{"embeddable":true,"href":"https:\/\/imediata.org\/index.php?rest_route=%2Fwp%2Fv2%2Fcomments&post=3011"}],"version-history":[{"count":4,"href":"https:\/\/imediata.org\/index.php?rest_route=\/wp\/v2\/posts\/3011\/revisions"}],"predecessor-version":[{"id":3015,"href":"https:\/\/imediata.org\/index.php?rest_route=\/wp\/v2\/posts\/3011\/revisions\/3015"}],"wp:attachment":[{"href":"https:\/\/imediata.org\/index.php?rest_route=%2Fwp%2Fv2%2Fmedia&parent=3011"}],"wp:term":[{"taxonomy":"category","embeddable":true,"href":"https:\/\/imediata.org\/index.php?rest_route=%2Fwp%2Fv2%2Fcategories&post=3011"},{"taxonomy":"post_tag","embeddable":true,"href":"https:\/\/imediata.org\/index.php?rest_route=%2Fwp%2Fv2%2Ftags&post=3011"}],"curies":[{"name":"wp","href":"https:\/\/api.w.org\/{rel}","templated":true}]}}