{"id":2979,"date":"2012-11-06T20:43:25","date_gmt":"2012-11-06T20:43:25","guid":{"rendered":"http:\/\/imediata.org\/?p=2979"},"modified":"2012-11-06T20:43:25","modified_gmt":"2012-11-06T20:43:25","slug":"sala-de-espera-37-%e2%80%93-o-sole-mio-hoje-no-metro-de-milao-e-por-caruso-com-imagens-vintage-de-napoles","status":"publish","type":"post","link":"https:\/\/imediata.org\/?p=2979","title":{"rendered":">> Sala de Espera 37 \u2013 &#8216;\u00d3 sole mio&#8217; hoje, no metr\u00f4 de Mil\u00e3o e por Caruso, com imagens vintage de N\u00e1poles"},"content":{"rendered":"<p><\/br><br \/>\nSala de Espera 37 \u2013 &#8216;\u00d3 sole mio&#8217; hoje, no metr\u00f4 de Mil\u00e3o e por Caruso, com imagens vintage de N\u00e1poles<br \/>\n<\/br><\/p>\n<p><strong>\u00d3 Sole Mio hoje, no metr\u00f4 de Mil\u00e3o, por cantora &#8216;de rua&#8217; balc\u00e2nica  (v\u00eddeo de Luca De Vito):<\/strong><br \/>\n<\/br><br \/>\n<object classid=\"clsid:d27cdb6e-ae6d-11cf-96b8-444553540000\" codebase=\"http:\/\/download.macromedia.com\/pub\/shockwave\/cabs\/flash\/swflash.cab#version=10,0,0,0\" width=\"640\" height=\"390\"><param value=\"http:\/\/flv.kataweb.it\/player\/v4\/player\/player_v1a.swf\" name=\"movie\"><\/param><param value=\"always\" name=\"allowScriptAccess\"><\/param><param value=\"true\" name=\"allowFullScreen\"><\/param><param value=\"high\" name=\"quality\"><\/param><param value=\"direct\" name=\"wmode\"><\/param><param value=\"#ffffff\" name=\"bgcolor\"><\/param><param value=\"autostart=false&#038;provider=video&#038;file=http:\/\/flv.kataweb.it\/repubblicatv\/file\/2012\/10\/solemio20121029am.mp4?width=640&#038;height=387&#038;repeat=false&#038;logo.file=0&#038;logo.position=top-left&#038;logo.margin=10&#038;shuffle=false&#038;mute=false&#038;volume=60&#038;stretching=unfiform&#038;screencolor=000000&#038;buffer=5&#038;smoothing=true&#038;brand=RepubblicaTV&#038;category=edizione&#038;subcategory=milano&#038;videotitle=\\'O sole mio\\' in metr&ograve;, lo show fa concorrenza alla Corrida&#038;streamurl=http:\/\/video.repubblica.it\/edizione\/milano\/o-sole-mio-in-metro-lo-show-fa-concorrenza-alla-corrida\/109215\/107600&#038;webserviceurl=http:\/\/video.repubblica.it\/php\/services\/related.php?id=&#038;mediaid=109215&#038;dock=false&#038;image=&#038;debug=false&#038;skin=http:\/\/flv.kataweb.it\/player\/v4\/skin\/skin_rrtv_temp.swf&#038;plugins=http:\/\/flv.kataweb.it\/player\/v4\/plugin\/plugin_nielsen.swf,http:\/\/flv.kataweb.it\/player\/v4\/plugin\/plugin_related.swf\" name=\"flashvars\"><\/param><embed src=\"http:\/\/flv.kataweb.it\/player\/v4\/player\/player_v1a.swf\" flashvars=\"autostart=false&#038;provider=video&#038;file=http:\/\/flv.kataweb.it\/repubblicatv\/file\/2012\/10\/solemio20121029am.mp4?width=640&#038;height=387&#038;repeat=false&#038;logo.file=0&#038;logo.position=top-left&#038;logo.margin=10&#038;shuffle=false&#038;mute=false&#038;volume=60&#038;stretching=unfiform&#038;screencolor=000000&#038;buffer=5&#038;smoothing=true&#038;brand=RepubblicaTV&#038;category=edizione&#038;subcategory=milano&#038;videotitle=\\'O sole mio\\' in metr&ograve;, lo show fa concorrenza alla Corrida&#038;streamurl=http:\/\/video.repubblica.it\/edizione\/milano\/o-sole-mio-in-metro-lo-show-fa-concorrenza-alla-corrida\/109215\/107600&#038;webserviceurl=http:\/\/video.repubblica.it\/php\/services\/related.php?id=&#038;mediaid=109215&#038;dock=false&#038;image=&#038;debug=false&#038;skin=http:\/\/flv.kataweb.it\/player\/v4\/skin\/skin_rrtv_temp.swf&#038;plugins=http:\/\/flv.kataweb.it\/player\/v4\/plugin\/plugin_nielsen.swf,http:\/\/flv.kataweb.it\/player\/v4\/plugin\/plugin_related.swf\" allowScriptAccess=\"true\" quality=\"high\" wmode=\"direct\" bgcolor=\"#FFFFFF\" width=\"640\" height=\"390\" type=\"application\/x-shockwave-flash\"  \/><\/embed><\/object><br \/>\n<\/vr><\/p>\n<p><strong>\u00d3 Sole Mio por Enrico Caruso, em v\u00eddeomontagem com imagens de N\u00e1poles de antigamente<\/strong><br \/>\n<iframe loading=\"lazy\" title=\"O sole mio - Enrico Caruso\" width=\"640\" height=\"480\" src=\"https:\/\/www.youtube.com\/embed\/6IXEk9zARaY?feature=oembed\" frameborder=\"0\" allow=\"accelerometer; autoplay; clipboard-write; encrypted-media; gyroscope; picture-in-picture; web-share\" referrerpolicy=\"strict-origin-when-cross-origin\" allowfullscreen><\/iframe><\/p>\n","protected":false},"excerpt":{"rendered":"<p>Sala de Espera 37 \u2013 &#8216;\u00d3 sole mio&#8217; hoje, no metr\u00f4 de Mil\u00e3o e por Caruso, com imagens vintage de N\u00e1poles \u00d3 Sole Mio hoje, no metr\u00f4 de Mil\u00e3o, por cantora &#8216;de rua&#8217; balc\u00e2nica (v\u00eddeo de Luca De Vito): \u00d3 Sole Mio por Enrico Caruso, em v\u00eddeomontagem com imagens de N\u00e1poles de antigamente<\/p>\n","protected":false},"author":1,"featured_media":0,"comment_status":"open","ping_status":"open","sticky":false,"template":"","format":"standard","meta":{"footnotes":""},"categories":[4,100,11],"tags":[1718,1720,1719,1717],"class_list":["post-2979","post","type-post","status-publish","format-standard","hentry","category-al-manakh","category-sala-de-espera","category-sambaqui","tag-enrico-caruso","tag-metro-de-milao","tag-napoles-vintage","tag-o-sole-mio"],"_links":{"self":[{"href":"https:\/\/imediata.org\/index.php?rest_route=\/wp\/v2\/posts\/2979","targetHints":{"allow":["GET"]}}],"collection":[{"href":"https:\/\/imediata.org\/index.php?rest_route=\/wp\/v2\/posts"}],"about":[{"href":"https:\/\/imediata.org\/index.php?rest_route=\/wp\/v2\/types\/post"}],"author":[{"embeddable":true,"href":"https:\/\/imediata.org\/index.php?rest_route=\/wp\/v2\/users\/1"}],"replies":[{"embeddable":true,"href":"https:\/\/imediata.org\/index.php?rest_route=%2Fwp%2Fv2%2Fcomments&post=2979"}],"version-history":[{"count":1,"href":"https:\/\/imediata.org\/index.php?rest_route=\/wp\/v2\/posts\/2979\/revisions"}],"predecessor-version":[{"id":2980,"href":"https:\/\/imediata.org\/index.php?rest_route=\/wp\/v2\/posts\/2979\/revisions\/2980"}],"wp:attachment":[{"href":"https:\/\/imediata.org\/index.php?rest_route=%2Fwp%2Fv2%2Fmedia&parent=2979"}],"wp:term":[{"taxonomy":"category","embeddable":true,"href":"https:\/\/imediata.org\/index.php?rest_route=%2Fwp%2Fv2%2Fcategories&post=2979"},{"taxonomy":"post_tag","embeddable":true,"href":"https:\/\/imediata.org\/index.php?rest_route=%2Fwp%2Fv2%2Ftags&post=2979"}],"curies":[{"name":"wp","href":"https:\/\/api.w.org\/{rel}","templated":true}]}}