{"id":2958,"date":"2012-11-05T05:00:59","date_gmt":"2012-11-05T05:00:59","guid":{"rendered":"http:\/\/imediata.org\/?p=2958"},"modified":"2012-11-05T05:00:59","modified_gmt":"2012-11-05T05:00:59","slug":"%e2%80%9co-governo-do-bilderberg%e2%80%9d-por-ida-magli-e-%e2%80%9cmonti-deveria-estar-na-cadeia%e2%80%9d-por-daniel-estulin","status":"publish","type":"post","link":"https:\/\/imediata.org\/?p=2958","title":{"rendered":">> \u201cO governo do Bilderberg\u201d, por Ida Magli e \u201cMonti deveria estar na cadeia\u201d, por Daniel Estulin"},"content":{"rendered":"<p><\/br><br \/>\n<strong>\u201cO governo do Bilderberg\u201d, por Ida Magli e \u201cMonti deveria estar na cadeia\u201d, por Daniel Estulin<\/strong><br \/>\n<\/br><br \/>\n<a href=\"http:\/\/imediata.org\/wp-content\/uploads\/2012\/11\/R_R__Grupa_Bilderberg__COLOR_by_yellowworm.jpg\"><img loading=\"lazy\" decoding=\"async\" src=\"http:\/\/imediata.org\/wp-content\/uploads\/2012\/11\/R_R__Grupa_Bilderberg__COLOR_by_yellowworm-1024x456.jpg\" alt=\"\" title=\"R_R__Grupa_Bilderberg__COLOR_by_yellowworm\" width=\"1024\" height=\"456\" class=\"alignright size-large wp-image-2959\" srcset=\"https:\/\/imediata.org\/wp-content\/uploads\/2012\/11\/R_R__Grupa_Bilderberg__COLOR_by_yellowworm-1024x456.jpg 1024w, https:\/\/imediata.org\/wp-content\/uploads\/2012\/11\/R_R__Grupa_Bilderberg__COLOR_by_yellowworm-300x133.jpg 300w, https:\/\/imediata.org\/wp-content\/uploads\/2012\/11\/R_R__Grupa_Bilderberg__COLOR_by_yellowworm.jpg 1346w\" sizes=\"auto, (max-width: 1024px) 100vw, 1024px\" \/><\/a><br \/>\n<\/br><\/p>\n<p><strong>O governo do Bilderberg<\/strong><br \/>\n<\/br><br \/>\n<strong>Por: Ida Magli<br \/>\nFonte: <a href=\"http:\/\/www.italianiliberi.it\/Edito12\/il-governo-del-bilderberg.html\">italianiliberi.it<\/a> de 3.11.2012<br \/>\nTradu\u00e7\u00e3o: Mario S. Mieli<\/strong><br \/>\n<\/br><br \/>\n<a href=\"http:\/\/imediata.org\/wp-content\/uploads\/2012\/11\/Bilderberg-Group.jpg\"><img loading=\"lazy\" decoding=\"async\" src=\"http:\/\/imediata.org\/wp-content\/uploads\/2012\/11\/Bilderberg-Group.jpg\" alt=\"\" title=\"Bilderberg Group\" width=\"600\" height=\"338\" class=\"alignright size-full wp-image-2960\" srcset=\"https:\/\/imediata.org\/wp-content\/uploads\/2012\/11\/Bilderberg-Group.jpg 600w, https:\/\/imediata.org\/wp-content\/uploads\/2012\/11\/Bilderberg-Group-300x169.jpg 300w\" sizes=\"auto, (max-width: 600px) 100vw, 600px\" \/><\/a><br \/>\n<\/br><\/p>\n<p>A Europa j\u00e1 est\u00e1, agora, felizmente, conquistada. O programa elaborado pela sociedade secreta Bilderberg na reuni\u00e3o de maio de 2009 j\u00e1 foi quase todo realizado. Melhor dizendo: dado que a parte mais dif\u00edcil e, todavia, indispens\u00e1vel, era aquela que dizia respeito \u00e0 liquida\u00e7\u00e3o das na\u00e7\u00f5es da Europa, terem conseguido se apossar dela  \u00e9 o sinal que agora a obra j\u00e1 est\u00e1 certa, nada mais poder\u00e1 impedir a sua finaliza\u00e7\u00e3o. As bandeirinhas do Bilderberg tremulam alegremente nas colinas e nas torres europeias mais importantes. O Banco Central Europeu \u00e9, por certos aspectos, sua obra-prima.<br \/>\n<\/br><\/p>\n<p>Atrav\u00e9s do BCE, o Bilderberg tem em suas m\u00e3os a vida de quase todos os Estados que, com uma decis\u00e3o ileg\u00edtima e absurda de seus governantes, renunciaram a emitir sua pr\u00f3pria moeda e se entregaram \u00e0 vontade daqueles que s\u00e3o os donos da institui\u00e7\u00e3o (participantes de seu patrim\u00f4nio): Beatriz da Holanda, o pr\u00edncipe Constantjin, Sofia da Espanha, Philippe da B\u00e9lgica, David Rockfeller, Filipe de Edimburgo, Mario Draghi (na qualidade de participante da Banca d\u2019Italia), todos membros do Bilderberg e presentes na reuni\u00e3o de 2009. As participa\u00e7\u00f5es dos Estados constituem percentagens m\u00ednimas e talvez servem, al\u00e9m de salvar as apar\u00eancias, tamb\u00e9m para recompensar os pol\u00edticos pela sua ren\u00fancia \u00e0 cria\u00e7\u00e3o e \u00e0 administra\u00e7\u00e3o da moeda.<br \/>\n<\/br><\/p>\n<p>O que tinham decidido os membros do Bilderberg na reuni\u00e3o do ano de 2009? Querendo alcan\u00e7ar como meta final a realiza\u00e7\u00e3o de uma \u00fanica civiliza\u00e7\u00e3o planet\u00e1ria, tinham sido predispostas as etapas (nesta altura quase alcan\u00e7adas, no que concerne o Ocidente): a destrui\u00e7\u00e3o das identidades nacionais, a ser perseguida por meio da subvers\u00e3o dos valores nos quais essas identidades se fundamentam e a elimina\u00e7\u00e3o dos Estados individuais; o controle centralizado de todos os sistemas educacionais, cuja largada foi dada, na Europa, com o Tratado de Maastricht e a chamada \u201charmoniza\u00e7\u00e3o\u201d dos programas escolares; o rep\u00fadio das disciplinas hist\u00f3ricas e de seu ensino, por constitu\u00edrem poss\u00edvel obst\u00e1culo \u00e0 aceita\u00e7\u00e3o da Nova Ordem Mundial por parte dos jovens e \u00e0 supera\u00e7\u00e3o psicoafetiva do valor da p\u00e1tria, da tradi\u00e7\u00e3o, dos costumes em todos os campos; o controle das pol\u00edticas internas e externas, como j\u00e1 ocorre na Europa atrav\u00e9s do exame preventivo dos setores financeiros e dos v\u00e1rios tratados sobre as fronteiras, a imigra\u00e7\u00e3o, a igualdade dos direitos; uma l\u00edngua \u00fanica, que \u00e9 aquela j\u00e1 em uso e que, pouco a pouco, todos s\u00e3o obrigados a empregar: o ingl\u00eas. O piv\u00f4 sobre o qual os bilderberguianos se fundamentam em todos os seus projetos \u00e9, por\u00e9m, sempre o setor financeiro, visto que atrav\u00e9s dos bancos e das especula\u00e7\u00f5es de Bolsa, conseguem guiar concretamente cada tipo de pol\u00edtico, reduzindo os governantes dos Estados individuais a meros executores de seus planos.<br \/>\n<\/br><\/p>\n<p>A instaura\u00e7\u00e3o de um mercado \u00fanico e de uma moeda \u00fanica \u00e9, portanto, a meta mais importante; mas terem conseguido, com a cria\u00e7\u00e3o do euro,  eliminar quase todas as moedas europeias, representa a vit\u00f3ria mais significativa para eles, \u00e0 medida que isso assinala que o projeto final est\u00e1 j\u00e1 em fase de conclus\u00e3o.<br \/>\n <\/br><\/p>\n<p>De fato, toda a opera\u00e7\u00e3o \u201cUni\u00e3o Europeia\u201d foi pensada como uma esp\u00e9cie de experimento cujo sucesso deveria confortar seus projetistas a trilhar o mesmo caminho. Que ningu\u00e9m acredite que as crises financeiras, o empobrecimento dos povos, o excesso de taxa\u00e7\u00e3o, sejam para o Bilderberg sinais negativos, justamente o contr\u00e1rio: j\u00e1 tinha sido programado que esses teriam sido os instrumentos com os quais se atingiria a meta. Como pudemos ver com o que aconteceu na It\u00e1lia, o golpe de for\u00e7a com o qual um banqueiro se tornou chefe do governo teve como \u201cjustificativa\u201d o crescer da d\u00edvida, o diferencial sempre mais alto com os t\u00edtulos alem\u00e3es; mas para quem \u00e9 dono do jogo da Bolsa, provocar esses desequil\u00edbrios \u00e9 fac\u00edlimo, sobretudo quando esses manipuladores est\u00e3o de acordo sobre o que deve ser feito, j\u00e1 que s\u00e3o todos membros do Bilderberg ou dos seus ramos mais importantes, como a Comiss\u00e3o Trilateral e o Aspen Institut: Mario Monti, Mario Draghi, Giorgio Napolitano, Carlo Azeglio Ciampi, Romano Prodi, Jos\u00e9 Barroso, Giuliano Amato, Vincenzo Visco, Enrico Letta\u2026 Todos nomes citados muitas vezes por diversos autores, al\u00e9m de eu mesma, nos \u00faltimos anos, como por exemplo Daniel Estulin no seu \u201cO Clube Bilderberg\u201d publicado (na It\u00e1lia) em 2005; Marco della Luna,  em seu \u201cEuro escravos\u201d, tamb\u00e9m de 2005; Elio Lannutti, em \u201cA rep\u00fablica dos bancos\u201d, publicado em 2008, sem que ningu\u00e9m jamais os tenha  desmentido.<br \/>\n<\/br><\/p>\n<p>Assim, podemos constatar que todas as previs\u00f5es foram realizadas: os Estados da Europa perderam sua soberania, sua identidade, suas riquezas, e aqueles Estados mais dif\u00edceis de domar, devido \u00e0 pr\u00f3pria criatividade, \u00e0 liga\u00e7\u00e3o com a pr\u00f3pria hist\u00f3ria, \u00e0 pr\u00f3pria independ\u00eancia, como a Gr\u00e9cia, a Irlanda, a Espanha, a It\u00e1lia, foram reduzidos, por meio da press\u00e3o sobre os t\u00edtulos soberanos, a depender da \u201cgenerosidade\u201d dos banqueiros e a terem uma nova e horr\u00edvel imagem de si, aquela de \u201cmendicantes\u201d, de poss\u00edveis ladr\u00f5es a quem \u00e9 perigoso emprestar dinheiro, a menos que se doem a si mesmos e aos pr\u00f3prios filhos como garantia.<br \/>\n<\/br><\/p>\n<p>Agora os banqueiros finalmente alcan\u00e7aram seu objetivo final: darem-se as m\u00e3os, tornando-se intercambi\u00e1veis com os pol\u00edticos,  proclamando, assim, abertamente, que come\u00e7ou uma nova era: o Reino dos Banqueiros. H\u00e1 dois anos eu tinha escrito em A Ditadura Europeia, que eu teria acreditado nesta reconstru\u00e7\u00e3o, \u2013 que eu mesma tinha pesquisado de forma extremamente cautelosa e escrupulosa \u2013, no dia em que eu teria visto os banqueiros se colocarem no lugar dos pol\u00edticos. \u00c9 justamente o que aconteceu. E aconteceu \u2013 coisa incr\u00edvel \u2013 com a ajuda, a cumplicidade dos pol\u00edticos. Nos \u00faltimos anos, muitas vezes interroguei os maiores l\u00edderes do mundo pol\u00edtico, religioso, industrial, jornal\u00edstico, sobre o por qu\u00ea tivessem aceitado, em sil\u00eancio, assassinarem-se a si pr\u00f3prios, junto com a It\u00e1lia, sem ter conseguido obter qualquer resposta.<br \/>\n<\/br><\/p>\n<p>Hoje, por\u00e9m, n\u00e3o podem continuar  calados e se entregarem como covardes traidores da pr\u00f3pria na\u00e7\u00e3o e do pr\u00f3prio povo. \u00c9 indispens\u00e1vel que sacudam a passividade na qual se atiraram e se conven\u00e7am de que a desertifica\u00e7\u00e3o atual dos partidos, o absentismo e o rep\u00fadio dos eleitores, at\u00e9 mesmo a corrup\u00e7\u00e3o que invadiu todas as institui\u00e7\u00f5es, s\u00e3o a consequ\u00eancia dessa trai\u00e7\u00e3o, porque ningu\u00e9m tem mais diante de si uma p\u00e1tria para defender, um valor coletivo em que acreditar, um futuro em que esperar e construir para os pr\u00f3prios filhos.<br \/>\n<\/br><br \/>\n<a href=\"http:\/\/imediata.org\/wp-content\/uploads\/2012\/11\/Bilderberg_Generic-300x231.jpg\"><img loading=\"lazy\" decoding=\"async\" src=\"http:\/\/imediata.org\/wp-content\/uploads\/2012\/11\/Bilderberg_Generic-300x231.jpg\" alt=\"\" title=\"Bilderberg_Generic-300x231\" width=\"300\" height=\"231\" class=\"alignright size-full wp-image-2961\" \/><\/a><br \/>\n<\/br><\/p>\n<p><strong>Monti? Deveria estar \u201cNA CADEIA\u201d, por Daniel Estulin <\/strong><br \/>\n<\/br><br \/>\n<a href=\"http:\/\/imediata.org\/wp-content\/uploads\/2012\/11\/mario_monti_Jesuit_lady_of_war.jpg\"><img loading=\"lazy\" decoding=\"async\" src=\"http:\/\/imediata.org\/wp-content\/uploads\/2012\/11\/mario_monti_Jesuit_lady_of_war.jpg\" alt=\"\" title=\"mario_monti_Jesuit_lady_of_war\" width=\"250\" height=\"352\" class=\"alignright size-full wp-image-2962\" srcset=\"https:\/\/imediata.org\/wp-content\/uploads\/2012\/11\/mario_monti_Jesuit_lady_of_war.jpg 250w, https:\/\/imediata.org\/wp-content\/uploads\/2012\/11\/mario_monti_Jesuit_lady_of_war-213x300.jpg 213w\" sizes=\"auto, (max-width: 250px) 100vw, 250px\" \/><\/a><br \/>\n<\/br><\/p>\n<p><strong>MONTI DEVE ANDARE &#8220;IN PRIGIONE&#8221; &#8211; Daniel Estulin<\/strong><br \/>\nhttp:\/\/youtu.be\/Y3OfMqbXnz8<br \/>\n<\/br><\/p>\n<p>via byoblu.com<br \/>\n<strong>Daniel Estulin no programa da RAI 2 \u201cL\u2019Ultima Parola\u201d \u2013 Daniel Estulin, \u00e9 o autor do livro \u201cO Clube Bilderberg\u201d citado por Ida Magli no artigo acima. Daniel \u00e9 um escritor russo e seu livro trata dos centros ocultos do poder. No programa da RAI 2, fala de Mario Monti com uma franqueza inusitada, para um programa da tev\u00ea estatal.<\/strong><br \/>\n<\/br><\/p>\n<p>Transcri\u00e7\u00e3o a partir do minuto 3:57<br \/>\nEstamos vivendo a mais terr\u00edvel crise financeira de toda a hist\u00f3ria da humanidade.<br \/>\n<\/br><br \/>\nTrata-se de uma crise de bilh\u00f5es e bilh\u00f5es de d\u00f3lares que nunca poder\u00e3o ser repagados.<br \/>\n<\/br><br \/>\nAssim, os governos que procurar\u00e3o repagar essa d\u00edvida destruir\u00e3o seus pr\u00f3prios pa\u00edses.<br \/>\nO que esses governantes procuram fazer \u00e9 obrigar os cidad\u00e3os a pagar essas d\u00edvidas, mas como n\u00e3o podemos pag\u00e1-las, os governos tamb\u00e9m n\u00e3o poder\u00e3o repag\u00e1-las. Ent\u00e3o, eles se dirigem \u00e0s institui\u00e7\u00f5es financeiras internacionais, e isso tamb\u00e9m significa a destrui\u00e7\u00e3o dos seus pr\u00f3prios pa\u00edses.<br \/>\n<\/br><\/p>\n<p><strong>O que quer dizer que, na It\u00e1lia, Mario Monti, que sabe exatamente o que est\u00e1 acontecendo no mundo, destruir\u00e1 a It\u00e1lia de prop\u00f3sito. O inimigo de voc\u00eas \u00e9 Mario Monti. Ele \u00e9 um traidor do Estado-na\u00e7\u00e3o da It\u00e1lia. Esse homem deveria estar NA CADEIA<\/strong>.<br \/>\n<\/br><\/p>\n<p><strong>E voc\u00eas t\u00eam que entender que este n\u00e3o \u00e9 um conceito novo, porque j\u00e1 se falava disso na Confer\u00eancia Bilderberg de 1968 no Canad\u00e1, onde foi dito que n\u00e3o era mais poss\u00edvel confiar nos estados-na\u00e7\u00f5es para que fizessem o \u201ctrabalho sujo\u201d das grandes corpora\u00e7\u00f5es.<br \/>\nDe forma que o que eles querem \u00e9 criar uma \u00fanica empresa global de responsabilidade limitada, porque as empresas t\u00eam muito mais poder que qualquer indiv\u00edduo no mundo. E criaturas como Mario Monti s\u00e3o simplesmente o subproduto desse sistema.<br \/>\nSe n\u00e3o nos livrarmos desses c\u00e2nceres, nos encontraremos na mais terr\u00edvel crise da humanidade. <\/strong><br \/>\n<\/br><\/p>\n<p><strong>Estamos na encruzilhada da hist\u00f3ria. O caminho que tomaremos vai decidir o futuro da humanidade.<\/strong><\/p>\n<p><\/br><br \/>\n<a href=\"http:\/\/imediata.org\/wp-content\/uploads\/2012\/11\/bilderbergBOOK.jpg\"><img loading=\"lazy\" decoding=\"async\" src=\"http:\/\/imediata.org\/wp-content\/uploads\/2012\/11\/bilderbergBOOK.jpg\" alt=\"\" title=\"bilderbergBOOK\" width=\"500\" height=\"500\" class=\"alignright size-full wp-image-2963\" srcset=\"https:\/\/imediata.org\/wp-content\/uploads\/2012\/11\/bilderbergBOOK.jpg 500w, https:\/\/imediata.org\/wp-content\/uploads\/2012\/11\/bilderbergBOOK-150x150.jpg 150w, https:\/\/imediata.org\/wp-content\/uploads\/2012\/11\/bilderbergBOOK-300x300.jpg 300w\" sizes=\"auto, (max-width: 500px) 100vw, 500px\" \/><\/a><\/p>\n","protected":false},"excerpt":{"rendered":"<p>\u201cO governo do Bilderberg\u201d, por Ida Magli e \u201cMonti deveria estar na cadeia\u201d, por Daniel Estulin O governo do Bilderberg Por: Ida Magli Fonte: italianiliberi.it de 3.11.2012 Tradu\u00e7\u00e3o: Mario S. Mieli A Europa j\u00e1 est\u00e1, agora, felizmente, conquistada. O programa elaborado pela sociedade secreta Bilderberg na reuni\u00e3o de maio de 2009 j\u00e1 foi quase todo [&hellip;]<\/p>\n","protected":false},"author":1,"featured_media":0,"comment_status":"open","ping_status":"open","sticky":false,"template":"","format":"standard","meta":{"footnotes":""},"categories":[68,9],"tags":[878,1702,1703,15,490,95,693,1701],"class_list":["post-2958","post","type-post","status-publish","format-standard","hentry","category-dossie-queda-da-rua-do-muro","category-lance-de-dados","tag-bilderberg","tag-daniel-estulin-ida-magli","tag-escravizacao-pelo-endividamento","tag-europa","tag-italia","tag-mario-s-mieli","tag-nova-ordem-mundial","tag-o-governo-bilderberg-mario-monti"],"_links":{"self":[{"href":"https:\/\/imediata.org\/index.php?rest_route=\/wp\/v2\/posts\/2958","targetHints":{"allow":["GET"]}}],"collection":[{"href":"https:\/\/imediata.org\/index.php?rest_route=\/wp\/v2\/posts"}],"about":[{"href":"https:\/\/imediata.org\/index.php?rest_route=\/wp\/v2\/types\/post"}],"author":[{"embeddable":true,"href":"https:\/\/imediata.org\/index.php?rest_route=\/wp\/v2\/users\/1"}],"replies":[{"embeddable":true,"href":"https:\/\/imediata.org\/index.php?rest_route=%2Fwp%2Fv2%2Fcomments&post=2958"}],"version-history":[{"count":1,"href":"https:\/\/imediata.org\/index.php?rest_route=\/wp\/v2\/posts\/2958\/revisions"}],"predecessor-version":[{"id":2964,"href":"https:\/\/imediata.org\/index.php?rest_route=\/wp\/v2\/posts\/2958\/revisions\/2964"}],"wp:attachment":[{"href":"https:\/\/imediata.org\/index.php?rest_route=%2Fwp%2Fv2%2Fmedia&parent=2958"}],"wp:term":[{"taxonomy":"category","embeddable":true,"href":"https:\/\/imediata.org\/index.php?rest_route=%2Fwp%2Fv2%2Fcategories&post=2958"},{"taxonomy":"post_tag","embeddable":true,"href":"https:\/\/imediata.org\/index.php?rest_route=%2Fwp%2Fv2%2Ftags&post=2958"}],"curies":[{"name":"wp","href":"https:\/\/api.w.org\/{rel}","templated":true}]}}