{"id":2946,"date":"2012-10-29T23:02:35","date_gmt":"2012-10-29T23:02:35","guid":{"rendered":"http:\/\/imediata.org\/?p=2946"},"modified":"2012-10-29T23:02:35","modified_gmt":"2012-10-29T23:02:35","slug":"cinco-minutos-para-iansandy-em-dia-de-lua-cheia-por-maria-bethania","status":"publish","type":"post","link":"https:\/\/imediata.org\/?p=2946","title":{"rendered":">> Cinco minutos para IANS\u00c3(ndy) em dia de lua cheia, por Maria Beth\u00e2nia"},"content":{"rendered":"<p><\/br><br \/>\n<strong>Cinco minutos para IANS\u00c3(ndy) em dia de lua cheia, por Maria Beth\u00e2nia<br \/>\n<\/br><br \/>\nIans\u00e3 &#8211; Maria Bethania<\/strong><br \/>\n<iframe loading=\"lazy\" title=\"Iansa - Maria Bethania\" width=\"640\" height=\"480\" src=\"https:\/\/www.youtube.com\/embed\/lvyq3R8bKtA?feature=oembed\" frameborder=\"0\" allow=\"accelerometer; autoplay; clipboard-write; encrypted-media; gyroscope; picture-in-picture; web-share\" referrerpolicy=\"strict-origin-when-cross-origin\" allowfullscreen><\/iframe><br \/>\n<\/br><br \/>\n<strong>Ians\u00e3 comanda os ventos E a for\u00e7a dos elementos Na ponta do seu florim \u00c9 uma menina bonita Quando o c\u00e9u se precipita Sempre o princ\u00edpio e o fim Ians\u00e3 comanda os ventos E a for\u00e7a dos elementos Na ponta do seu florim \u00c9 uma menina bonita Quando o c\u00e9u se precipita Sempre o princ\u00edpio e o fim\u2026<\/strong><br \/>\n<\/br><br \/>\n<strong>Ians\u00e3 \u00e9 um Orix\u00e1 feminino muito famoso no Brasil, sendo figura das mais populares entre os mitos da Umbanda e do Candombl\u00e9 em nossa terra e tamb\u00e9m na \u00c1frica, onde \u00e9 predominantemente cultuada sob o nome de Oi\u00e1. \u00c9 um dos Orix\u00e1s do Candombl\u00e9 que mais penetrou no sincretismo da Umbanda, talvez por ser o \u00fanico que se relaciona, na liturgia mais tradicional africana, com os esp\u00edritos dos mortos (Eguns), que t\u00eam participa\u00e7\u00e3o ativa na Umbanda, enquanto s\u00e3o afastados e pouco cultuados no Candombl\u00e9. Em termos de sincretismo, costuma ser associada \u00e0 figura cat\u00f3lica de Santa B\u00e1rbara. Ians\u00e3 costuma ser saudada ap\u00f3s os trov\u00f5es, n\u00e3o pelo raio em si (propriedade de Xang\u00f4 ao qual ela costuma ter acesso), mas principalmente porque Ians\u00e3 \u00e9 uma das mais apaixonadas amantes de Xang\u00f4, e o senhor da justi\u00e7a n\u00e3o atingiria quem se lembrasse do nome da amada. Ao mesmo tempo, ela \u00e9 a senhora do vento e, conseq\u00fcentemente, da tempestade.<\/strong><br \/>\n<\/br><br \/>\n<strong>O furac\u00e3o em timelapse, visto do espa\u00e7o. Fonte: repubblica tv<\/strong><br \/>\n<object classid=\"clsid:d27cdb6e-ae6d-11cf-96b8-444553540000\" codebase=\"http:\/\/download.macromedia.com\/pub\/shockwave\/cabs\/flash\/swflash.cab#version=10,0,0,0\" width=\"640\" height=\"390\"><param value=\"http:\/\/flv.kataweb.it\/player\/v4\/player\/player_v1a.swf\" name=\"movie\"><\/param><param value=\"always\" name=\"allowScriptAccess\"><\/param><param value=\"true\" name=\"allowFullScreen\"><\/param><param value=\"high\" name=\"quality\"><\/param><param value=\"direct\" name=\"wmode\"><\/param><param value=\"#ffffff\" name=\"bgcolor\"><\/param><param value=\"autostart=false&#038;provider=video&#038;file=http:\/\/flv.kataweb.it\/repubblicatv\/file\/2012\/10\/sandy20121029.mp4?width=640&#038;height=387&#038;repeat=false&#038;logo.file=0&#038;logo.position=top-left&#038;logo.margin=10&#038;shuffle=false&#038;mute=false&#038;volume=60&#038;stretching=unfiform&#038;screencolor=000000&#038;buffer=5&#038;smoothing=true&#038;brand=RepubblicaTV&#038;category=dossier&#038;subcategory=uragano_sandy&#038;videotitle=Sandy: l\\'uragano in timelapse dallo spazio&#038;streamurl=http:\/\/video.repubblica.it\/dossier\/uragano-sandy\/sandy-l-uragano-in-timelapse-dallo-spazio\/109198\/107583&#038;webserviceurl=http:\/\/video.repubblica.it\/php\/services\/related.php?id=&#038;mediaid=109198&#038;dock=false&#038;image=&#038;debug=false&#038;skin=http:\/\/flv.kataweb.it\/player\/v4\/skin\/skin_rrtv_temp.swf&#038;plugins=http:\/\/flv.kataweb.it\/player\/v4\/plugin\/plugin_nielsen.swf,http:\/\/flv.kataweb.it\/player\/v4\/plugin\/plugin_related.swf\" name=\"flashvars\"><\/param><embed src=\"http:\/\/flv.kataweb.it\/player\/v4\/player\/player_v1a.swf\" flashvars=\"autostart=false&#038;provider=video&#038;file=http:\/\/flv.kataweb.it\/repubblicatv\/file\/2012\/10\/sandy20121029.mp4?width=640&#038;height=387&#038;repeat=false&#038;logo.file=0&#038;logo.position=top-left&#038;logo.margin=10&#038;shuffle=false&#038;mute=false&#038;volume=60&#038;stretching=unfiform&#038;screencolor=000000&#038;buffer=5&#038;smoothing=true&#038;brand=RepubblicaTV&#038;category=dossier&#038;subcategory=uragano_sandy&#038;videotitle=Sandy: l\\'uragano in timelapse dallo spazio&#038;streamurl=http:\/\/video.repubblica.it\/dossier\/uragano-sandy\/sandy-l-uragano-in-timelapse-dallo-spazio\/109198\/107583&#038;webserviceurl=http:\/\/video.repubblica.it\/php\/services\/related.php?id=&#038;mediaid=109198&#038;dock=false&#038;image=&#038;debug=false&#038;skin=http:\/\/flv.kataweb.it\/player\/v4\/skin\/skin_rrtv_temp.swf&#038;plugins=http:\/\/flv.kataweb.it\/player\/v4\/plugin\/plugin_nielsen.swf,http:\/\/flv.kataweb.it\/player\/v4\/plugin\/plugin_related.swf\" allowScriptAccess=\"true\" quality=\"high\" wmode=\"direct\" bgcolor=\"#FFFFFF\" width=\"640\" height=\"390\" type=\"application\/x-shockwave-flash\"  \/><\/embed><\/object><\/p>\n","protected":false},"excerpt":{"rendered":"<p>Cinco minutos para IANS\u00c3(ndy) em dia de lua cheia, por Maria Beth\u00e2nia Ians\u00e3 &#8211; Maria Bethania Ians\u00e3 comanda os ventos E a for\u00e7a dos elementos Na ponta do seu florim \u00c9 uma menina bonita Quando o c\u00e9u se precipita Sempre o princ\u00edpio e o fim Ians\u00e3 comanda os ventos E a for\u00e7a dos elementos Na [&hellip;]<\/p>\n","protected":false},"author":1,"featured_media":0,"comment_status":"open","ping_status":"open","sticky":false,"template":"","format":"standard","meta":{"footnotes":""},"categories":[5,212,9,11],"tags":[1664,1665,1076,1662,1663],"class_list":["post-2946","post","type-post","status-publish","format-standard","hentry","category-biodiversidade-imediata","category-cinco-minutos","category-lance-de-dados","category-sambaqui","tag-frankenstorm","tag-furacao-visto-do-espaco","tag-iansa","tag-iansandy","tag-maria-bethania"],"_links":{"self":[{"href":"https:\/\/imediata.org\/index.php?rest_route=\/wp\/v2\/posts\/2946","targetHints":{"allow":["GET"]}}],"collection":[{"href":"https:\/\/imediata.org\/index.php?rest_route=\/wp\/v2\/posts"}],"about":[{"href":"https:\/\/imediata.org\/index.php?rest_route=\/wp\/v2\/types\/post"}],"author":[{"embeddable":true,"href":"https:\/\/imediata.org\/index.php?rest_route=\/wp\/v2\/users\/1"}],"replies":[{"embeddable":true,"href":"https:\/\/imediata.org\/index.php?rest_route=%2Fwp%2Fv2%2Fcomments&post=2946"}],"version-history":[{"count":1,"href":"https:\/\/imediata.org\/index.php?rest_route=\/wp\/v2\/posts\/2946\/revisions"}],"predecessor-version":[{"id":2947,"href":"https:\/\/imediata.org\/index.php?rest_route=\/wp\/v2\/posts\/2946\/revisions\/2947"}],"wp:attachment":[{"href":"https:\/\/imediata.org\/index.php?rest_route=%2Fwp%2Fv2%2Fmedia&parent=2946"}],"wp:term":[{"taxonomy":"category","embeddable":true,"href":"https:\/\/imediata.org\/index.php?rest_route=%2Fwp%2Fv2%2Fcategories&post=2946"},{"taxonomy":"post_tag","embeddable":true,"href":"https:\/\/imediata.org\/index.php?rest_route=%2Fwp%2Fv2%2Ftags&post=2946"}],"curies":[{"name":"wp","href":"https:\/\/api.w.org\/{rel}","templated":true}]}}