{"id":2926,"date":"2012-10-24T22:23:50","date_gmt":"2012-10-24T22:23:50","guid":{"rendered":"http:\/\/imediata.org\/?p=2926"},"modified":"2012-10-24T22:27:06","modified_gmt":"2012-10-24T22:27:06","slug":"maquiavelagens-12-%e2%80%93-despertar-e-ser-vomitado-do-ventre-da-baleia-matrix-por-artur-damaru","status":"publish","type":"post","link":"https:\/\/imediata.org\/?p=2926","title":{"rendered":">> Maquiavelagens 12 \u2013 Despertar \u00e9 ser vomitado do ventre da baleia-Matrix, por Artur d&#8217;Amaru"},"content":{"rendered":"<p><\/br><br \/>\nMaquiavelagens 12 \u2013 Despertar \u00e9 ser vomitado do ventre da baleia-Matrix<br \/>\npor Artur d&#8217;Amaru<br \/>\n<\/br><br \/>\n<a href=\"http:\/\/imediata.org\/wp-content\/uploads\/2012\/10\/img.php_.jpeg\"><img loading=\"lazy\" decoding=\"async\" src=\"http:\/\/imediata.org\/wp-content\/uploads\/2012\/10\/img.php_.jpeg\" alt=\"\" title=\"img.php\" width=\"303\" height=\"222\" class=\"alignright size-full wp-image-2927\" srcset=\"https:\/\/imediata.org\/wp-content\/uploads\/2012\/10\/img.php_.jpeg 303w, https:\/\/imediata.org\/wp-content\/uploads\/2012\/10\/img.php_-300x219.jpg 300w\" sizes=\"auto, (max-width: 303px) 100vw, 303px\" \/><\/a><br \/>\n<\/br><br \/>\n<a href=\"http:\/\/imediata.org\/wp-content\/uploads\/2012\/10\/d6e5db5397d59ef792e91417103643a0_orig.jpg\"><img loading=\"lazy\" decoding=\"async\" src=\"http:\/\/imediata.org\/wp-content\/uploads\/2012\/10\/d6e5db5397d59ef792e91417103643a0_orig-300x225.jpg\" alt=\"\" title=\"d6e5db5397d59ef792e91417103643a0_orig\" width=\"300\" height=\"225\" class=\"alignright size-medium wp-image-2928\" srcset=\"https:\/\/imediata.org\/wp-content\/uploads\/2012\/10\/d6e5db5397d59ef792e91417103643a0_orig-300x225.jpg 300w, https:\/\/imediata.org\/wp-content\/uploads\/2012\/10\/d6e5db5397d59ef792e91417103643a0_orig.jpg 800w\" sizes=\"auto, (max-width: 300px) 100vw, 300px\" \/><\/a><\/p>\n<p><\/br><br \/>\n<strong>Como Jonas,<br \/>\nesperando a hora<br \/>\nde sermos vomitados<br \/>\ndo ventre da baleia-matriX<\/strong><br \/>\n<\/br><br \/>\n<a href=\"http:\/\/imediata.org\/wp-content\/uploads\/2012\/10\/la-preghiera-di-giona-nella-balena.png\"><img loading=\"lazy\" decoding=\"async\" src=\"http:\/\/imediata.org\/wp-content\/uploads\/2012\/10\/la-preghiera-di-giona-nella-balena.png\" alt=\"\" title=\"la preghiera di giona nella balena\" width=\"299\" height=\"408\" class=\"alignright size-full wp-image-2929\" srcset=\"https:\/\/imediata.org\/wp-content\/uploads\/2012\/10\/la-preghiera-di-giona-nella-balena.png 299w, https:\/\/imediata.org\/wp-content\/uploads\/2012\/10\/la-preghiera-di-giona-nella-balena-219x300.png 219w\" sizes=\"auto, (max-width: 299px) 100vw, 299px\" \/><\/a><br \/>\n<\/br><br \/>\n<strong>&#8230;pois, como Jonas esteve tr\u00eas dias e tr\u00eas noites no ventre do grande peixe, assim estar\u00e1 o Filho do homem tr\u00eas dias e tr\u00eas noites no seio da terra. Mateus, cap. 12, 40<\/strong><br \/>\n<\/br><br \/>\n<a href=\"http:\/\/imediata.org\/wp-content\/uploads\/2012\/10\/getmedia.php_.jpeg\"><img loading=\"lazy\" decoding=\"async\" src=\"http:\/\/imediata.org\/wp-content\/uploads\/2012\/10\/getmedia.php_-300x178.jpg\" alt=\"\" title=\"getmedia.php\" width=\"300\" height=\"178\" class=\"alignright size-medium wp-image-2932\" srcset=\"https:\/\/imediata.org\/wp-content\/uploads\/2012\/10\/getmedia.php_-300x178.jpg 300w, https:\/\/imediata.org\/wp-content\/uploads\/2012\/10\/getmedia.php_.jpeg 716w\" sizes=\"auto, (max-width: 300px) 100vw, 300px\" \/><\/a><br \/>\n<\/br><br \/>\n<strong>Falou, pois, o SENHOR ao peixe, e este vomitou a Jonas na terra. Jonas 2:10 <\/strong><br \/>\n<\/br><br \/>\n<a href=\"http:\/\/imediata.org\/wp-content\/uploads\/2012\/10\/4384578614_7f6e1e6278_o.jpg\"><img loading=\"lazy\" decoding=\"async\" src=\"http:\/\/imediata.org\/wp-content\/uploads\/2012\/10\/4384578614_7f6e1e6278_o.jpg\" alt=\"\" title=\"4384578614_7f6e1e6278_o\" width=\"470\" height=\"321\" class=\"alignright size-full wp-image-2930\" srcset=\"https:\/\/imediata.org\/wp-content\/uploads\/2012\/10\/4384578614_7f6e1e6278_o.jpg 470w, https:\/\/imediata.org\/wp-content\/uploads\/2012\/10\/4384578614_7f6e1e6278_o-300x204.jpg 300w\" sizes=\"auto, (max-width: 470px) 100vw, 470px\" \/><\/a><\/p>\n","protected":false},"excerpt":{"rendered":"<p>Maquiavelagens 12 \u2013 Despertar \u00e9 ser vomitado do ventre da baleia-Matrix por Artur d&#8217;Amaru Como Jonas, esperando a hora de sermos vomitados do ventre da baleia-matriX &#8230;pois, como Jonas esteve tr\u00eas dias e tr\u00eas noites no ventre do grande peixe, assim estar\u00e1 o Filho do homem tr\u00eas dias e tr\u00eas noites no seio da terra. [&hellip;]<\/p>\n","protected":false},"author":1,"featured_media":0,"comment_status":"open","ping_status":"open","sticky":false,"template":"","format":"standard","meta":{"footnotes":""},"categories":[4,1081],"tags":[157,1657,1656,1658],"class_list":["post-2926","post","type-post","status-publish","format-standard","hentry","category-al-manakh","category-maquiavelanges","tag-artur-damaru","tag-despertar","tag-jonas-no-ventre-da-baleia","tag-mateus"],"_links":{"self":[{"href":"https:\/\/imediata.org\/index.php?rest_route=\/wp\/v2\/posts\/2926","targetHints":{"allow":["GET"]}}],"collection":[{"href":"https:\/\/imediata.org\/index.php?rest_route=\/wp\/v2\/posts"}],"about":[{"href":"https:\/\/imediata.org\/index.php?rest_route=\/wp\/v2\/types\/post"}],"author":[{"embeddable":true,"href":"https:\/\/imediata.org\/index.php?rest_route=\/wp\/v2\/users\/1"}],"replies":[{"embeddable":true,"href":"https:\/\/imediata.org\/index.php?rest_route=%2Fwp%2Fv2%2Fcomments&post=2926"}],"version-history":[{"count":4,"href":"https:\/\/imediata.org\/index.php?rest_route=\/wp\/v2\/posts\/2926\/revisions"}],"predecessor-version":[{"id":2935,"href":"https:\/\/imediata.org\/index.php?rest_route=\/wp\/v2\/posts\/2926\/revisions\/2935"}],"wp:attachment":[{"href":"https:\/\/imediata.org\/index.php?rest_route=%2Fwp%2Fv2%2Fmedia&parent=2926"}],"wp:term":[{"taxonomy":"category","embeddable":true,"href":"https:\/\/imediata.org\/index.php?rest_route=%2Fwp%2Fv2%2Fcategories&post=2926"},{"taxonomy":"post_tag","embeddable":true,"href":"https:\/\/imediata.org\/index.php?rest_route=%2Fwp%2Fv2%2Ftags&post=2926"}],"curies":[{"name":"wp","href":"https:\/\/api.w.org\/{rel}","templated":true}]}}