{"id":2921,"date":"2012-10-24T17:59:47","date_gmt":"2012-10-24T17:59:47","guid":{"rendered":"http:\/\/imediata.org\/?p=2921"},"modified":"2012-10-24T17:59:47","modified_gmt":"2012-10-24T17:59:47","slug":"fraturas-da-terra-e-queda-do-ceu-por-silvio-mieli","status":"publish","type":"post","link":"https:\/\/imediata.org\/?p=2921","title":{"rendered":">> Fraturas da terra e queda do c\u00e9u, por S\u00edlvio Mieli"},"content":{"rendered":"<p><\/br><br \/>\n<strong>Fraturas da terra e queda do c\u00e9u<\/strong><br \/>\n<\/br><br \/>\nPor: S\u00edlvio Mieli<br \/>\nFonte: <a href=\"https:\/\/www.brasildefato.com.br\/node\/10952\">Brasil de Fato de 22\/10\/2012<\/a><br \/>\nArtigo originalmente publicado na edi\u00e7\u00e3o impressa 503 do Brasil de Fato<br \/>\n<\/br><br \/>\n<a href=\"http:\/\/imediata.org\/wp-content\/uploads\/2012\/10\/Skytruth-fracking-pic.jpg\"><img loading=\"lazy\" decoding=\"async\" src=\"http:\/\/imediata.org\/wp-content\/uploads\/2012\/10\/Skytruth-fracking-pic-300x216.jpg\" alt=\"\" title=\"Skytruth-fracking-pic\" width=\"300\" height=\"216\" class=\"alignright size-medium wp-image-2922\" srcset=\"https:\/\/imediata.org\/wp-content\/uploads\/2012\/10\/Skytruth-fracking-pic-300x216.jpg 300w, https:\/\/imediata.org\/wp-content\/uploads\/2012\/10\/Skytruth-fracking-pic.jpg 816w\" sizes=\"auto, (max-width: 300px) 100vw, 300px\" \/><\/a><br \/>\nCampo de fracking em Nevada, EUA<br \/>\n<\/br><br \/>\n<a href=\"http:\/\/imediata.org\/wp-content\/uploads\/2012\/10\/yanomami-maloca_screen.jpg\"><img loading=\"lazy\" decoding=\"async\" src=\"http:\/\/imediata.org\/wp-content\/uploads\/2012\/10\/yanomami-maloca_screen-300x207.jpg\" alt=\"\" title=\"yanomami-maloca_screen\" width=\"300\" height=\"207\" class=\"alignright size-medium wp-image-2923\" srcset=\"https:\/\/imediata.org\/wp-content\/uploads\/2012\/10\/yanomami-maloca_screen-300x207.jpg 300w, https:\/\/imediata.org\/wp-content\/uploads\/2012\/10\/yanomami-maloca_screen.jpg 795w\" sizes=\"auto, (max-width: 300px) 100vw, 300px\" \/><\/a><br \/>\nMaloca Yanomami<br \/>\n<\/br><\/p>\n<p><strong>Depois dos avan\u00e7os sobre a camada pr\u00e9-sal, chegou a vez do \u201cfraturamento hidr\u00e1ulico\u201d, que pretende retirar o g\u00e1s a mais de 1,5 mil metros de profundidade<br \/>\nSilvio Mieli <\/strong><br \/>\n <\/br><\/p>\n<p>Depois dos avan\u00e7os sobre a camada pr\u00e9-sal para extra\u00e7\u00e3o do petr\u00f3leo, chegou a vez do \u201cfraturamento hidr\u00e1ulico\u201d, que pretende retirar o g\u00e1s a mais de 1,5 mil metros de profundidade.<br \/>\n<\/br><\/p>\n<p>A t\u00e9cnica, que causou terremotos e contamina\u00e7\u00f5es em len\u00e7\u00f3is fre\u00e1ticos nos EUA e na Europa, chega agora ao Brasil para tentar colocar o pa\u00eds entre os dez maiores produtores de g\u00e1s natural. Segundo o cronograma da Ag\u00eancia Nacional do Petr\u00f3leo (ANP), o m\u00e9todo ser\u00e1 testado nos pr\u00f3ximos meses nas bacias sedimentares do Vale do Parna\u00edba (MG), Parecis (MT) e Rec\u00f4ncavo (BA), zonas de explora\u00e7\u00e3o das empresas Shell, Petra e Fortress Energy.<br \/>\n<\/br><\/p>\n<p>O \u201cfraturamento\u201d consiste numa perfura\u00e7\u00e3o na rocha a mais de 1,5 mil metros do subsolo, seguida de pequenas explos\u00f5es que rompem horizontalmente a zona rochosa (conhecida por xisto) em m\u00faltiplos pontos. Em seguida injeta-se \u00e1gua, areia e solu\u00e7\u00f5es qu\u00edmicas sob alt\u00edssima press\u00e3o, para ampliar as fendas onde o g\u00e1s ser\u00e1 acumulado. A \u00e1gua \u00e9 bombeada e depois de 3 a 5 meses o g\u00e1s pode ser extra\u00eddo.<br \/>\n<\/br><\/p>\n<p>H\u00e1 s\u00e9culos n\u00e3o ocorriam terremotos na Pianura Padana, regi\u00e3o da Emilia Romagna, na It\u00e1lia. Em maio \u00faltimo a terra tremeu numa magnitude de 6 graus na escala Richter. Um detalhe: essa regi\u00e3o italiana est\u00e1 sendo submetida a v\u00e1rios \u201cfraturamentos\u201d para extra\u00e7\u00e3o de g\u00e1s. O sism\u00f3logo Leonardo Seeber, da Universidade de Columbia, n\u00e3o tem d\u00favidas de que essas novas t\u00e9cnicas de engenharia hidr\u00e1ulica podem alterar o estado mec\u00e2nico da crosta terrestre no sentido de anteciparem um terremoto que sem a interven\u00e7\u00e3o humana acabaria ocorrendo mais tarde.<br \/>\n<\/br><\/p>\n<p>H\u00e1 vinte anos, durante a luta pela assinatura do decreto de demarca\u00e7\u00e3o das terras yanomami, o xam\u00e3 Davi Kopenawa alertou para o perigo de se mexer nas camadas inferiores do subsolo. Kopenawa usou um mito para explicar que Omam\u00eb, o criador da humanidade Yanomami, escondeu v\u00e1rias subst\u00e2ncias embaixo da terra, e proibiu os \u00edndios de procur\u00e1-las. Retirar o que est\u00e1 nas profundezas libertaria a Xawara, ou seja, as epidemias e desgra\u00e7as que se abatiam sobre o povo yanomami (como por exemplo, o sarampo). Remexer no que est\u00e1 em baixo da terra provoca a queda do c\u00e9u sobre as cabe\u00e7as de \u00edndios e brancos. A afli\u00e7\u00e3o de Kopenawa se atualiza, j\u00e1 que mais uma vez temos a confirma\u00e7\u00e3o de que, como diz o mito, \u201cos brancos n\u00e3o sabem segurar o c\u00e9u em seu lugar\u201d.<br \/>\n <\/br><br \/>\n<a href=\"http:\/\/imediata.org\/wp-content\/uploads\/2012\/10\/yanomami01.jpg\"><img loading=\"lazy\" decoding=\"async\" src=\"http:\/\/imediata.org\/wp-content\/uploads\/2012\/10\/yanomami01-300x210.jpg\" alt=\"\" title=\"yanomami01\" width=\"300\" height=\"210\" class=\"alignright size-medium wp-image-2924\" srcset=\"https:\/\/imediata.org\/wp-content\/uploads\/2012\/10\/yanomami01-300x210.jpg 300w, https:\/\/imediata.org\/wp-content\/uploads\/2012\/10\/yanomami01.jpg 400w\" sizes=\"auto, (max-width: 300px) 100vw, 300px\" \/><\/a><br \/>\nRetrato de mulher yanomami<br \/>\n<\/br><\/p>\n<p><strong>Recomendamos tamb\u00e9m:<br \/>\n>> Fraturamento hidr\u00e1ulico: mais uma abomina\u00e7\u00e3o contra o planeta Terra \u2013 \u201cLa sombra del fracking\u201d (document\u00e1rio de Dani Amo e Rosa Mart\u00ednez)<\/strong><br \/>\n<a href=\"http:\/\/imediata.org\/?p=2913\">http:\/\/imediata.org\/?p=2913<\/a><\/p>\n","protected":false},"excerpt":{"rendered":"<p>Fraturas da terra e queda do c\u00e9u Por: S\u00edlvio Mieli Fonte: Brasil de Fato de 22\/10\/2012 Artigo originalmente publicado na edi\u00e7\u00e3o impressa 503 do Brasil de Fato Campo de fracking em Nevada, EUA Maloca Yanomami Depois dos avan\u00e7os sobre a camada pr\u00e9-sal, chegou a vez do \u201cfraturamento hidr\u00e1ulico\u201d, que pretende retirar o g\u00e1s a mais [&hellip;]<\/p>\n","protected":false},"author":1,"featured_media":0,"comment_status":"open","ping_status":"open","sticky":false,"template":"","format":"standard","meta":{"footnotes":""},"categories":[5,9],"tags":[1647,1648,1655,410,1065],"class_list":["post-2921","post","type-post","status-publish","format-standard","hentry","category-biodiversidade-imediata","category-lance-de-dados","tag-fracking","tag-fraturamento-hidraulico","tag-fraturas-da-terra-e-queda-do-ceu","tag-silvio-mieli","tag-yanomami"],"_links":{"self":[{"href":"https:\/\/imediata.org\/index.php?rest_route=\/wp\/v2\/posts\/2921","targetHints":{"allow":["GET"]}}],"collection":[{"href":"https:\/\/imediata.org\/index.php?rest_route=\/wp\/v2\/posts"}],"about":[{"href":"https:\/\/imediata.org\/index.php?rest_route=\/wp\/v2\/types\/post"}],"author":[{"embeddable":true,"href":"https:\/\/imediata.org\/index.php?rest_route=\/wp\/v2\/users\/1"}],"replies":[{"embeddable":true,"href":"https:\/\/imediata.org\/index.php?rest_route=%2Fwp%2Fv2%2Fcomments&post=2921"}],"version-history":[{"count":1,"href":"https:\/\/imediata.org\/index.php?rest_route=\/wp\/v2\/posts\/2921\/revisions"}],"predecessor-version":[{"id":2925,"href":"https:\/\/imediata.org\/index.php?rest_route=\/wp\/v2\/posts\/2921\/revisions\/2925"}],"wp:attachment":[{"href":"https:\/\/imediata.org\/index.php?rest_route=%2Fwp%2Fv2%2Fmedia&parent=2921"}],"wp:term":[{"taxonomy":"category","embeddable":true,"href":"https:\/\/imediata.org\/index.php?rest_route=%2Fwp%2Fv2%2Fcategories&post=2921"},{"taxonomy":"post_tag","embeddable":true,"href":"https:\/\/imediata.org\/index.php?rest_route=%2Fwp%2Fv2%2Ftags&post=2921"}],"curies":[{"name":"wp","href":"https:\/\/api.w.org\/{rel}","templated":true}]}}