{"id":2918,"date":"2012-10-24T15:47:15","date_gmt":"2012-10-24T15:47:15","guid":{"rendered":"http:\/\/imediata.org\/?p=2918"},"modified":"2012-10-24T15:49:54","modified_gmt":"2012-10-24T15:49:54","slug":"e-por-que-da-islandia-nao-se-fala-a-grande-licao-do-povo-islandes-%e2%80%93-%e2%80%9caconteceu-na-islandia%e2%80%9d-e-%e2%80%9csurgere%e2%80%9d","status":"publish","type":"post","link":"https:\/\/imediata.org\/?p=2918","title":{"rendered":">> E por qu\u00ea da Isl\u00e2ndia n\u00e3o se fala?  A grande li\u00e7\u00e3o do povo island\u00eas \u2013 \u201cAconteceu na Isl\u00e2ndia\u201d e \u201cSurgere\u201d"},"content":{"rendered":"<p><\/br><br \/>\n<strong>E por qu\u00ea da Isl\u00e2ndia n\u00e3o se fala?  A grande li\u00e7\u00e3o do povo island\u00eas \u2013 \u201cAconteceu na Isl\u00e2ndia\u201d e \u201cSurgere\u201d<br \/>\n<\/br><\/p>\n<p>Aconteceu na Isl\u00e2ndia (em franc\u00eas, legendado em portugu\u00eas)<\/strong><br \/>\n<iframe loading=\"lazy\" title=\"Aconteceu na Isl\u00e2ndia\" width=\"640\" height=\"360\" src=\"https:\/\/www.youtube.com\/embed\/lNt7zc6ouco?feature=oembed\" frameborder=\"0\" allow=\"accelerometer; autoplay; clipboard-write; encrypted-media; gyroscope; picture-in-picture; web-share\" referrerpolicy=\"strict-origin-when-cross-origin\" allowfullscreen><\/iframe><\/p>\n<p>A negativa do povo da Isl\u00e2ndia a pagar a d\u00edvida que as elites abastadas tinham adquirido com a Gr\u00e3 Bretanha e a Holanda gerou muito medo no seio da Uni\u00e3o Europeia. Prova deste temor foi o absoluto sil\u00eancio na m\u00eddia sobre o que aconteceu. Nesta pequena na\u00e7\u00e3o de 320.000 habitantes a voz da classe pol\u00edtica burguesa tem sido substitu\u00edda pela do povo indignado perante tanto abuso de poder e roubo do dinheiro da classe trabalhadora. O mais admir\u00e1vel \u00e9 que esta guinada na pol\u00edtica s\u00f3cio-econ\u00f3mica islandesa aconteceu de um jeito pac\u00edfico e irrevog\u00e1vel. Uma aut\u00eantica revolu\u00e7\u00e3o contra o poder que conduziu tantos outros pa\u00edses maiores at\u00e9 a crise atual. ?Este processo de democratiza\u00e7\u00e3o da vida pol\u00edtica que j\u00e1 dura dois anos \u00e9 um claro exemplo de como \u00e9 poss\u00edvel que o povo n\u00e3o pague a crise gerada pelos ricos.?Mais informa\u00e7\u00f5es: ?<a href=\"http:\/\/operamundi.uol.com.br\/conteudo\/opiniao\/25002\/o+plebiscito+islandes+e+os+silencios+da+midia.shtml\">http:\/\/operamundi.uol.com.br\/conteudo\/opiniao\/25002\/o+plebiscito+islandes+e+os+silencios+da+midia.shtml<\/a><\/p>\n<p><\/br><br \/>\n<strong>SURGERE (em espanhol)<br \/>\n<\/br><br \/>\nQuando come\u00e7a a gestar-se a crise? Quem s\u00e3o os respons\u00e1veis? Algu\u00e9m se beneficia com essa situa\u00e7\u00e3o?<\/strong><br \/>\n<\/br><br \/>\nVer o v\u00eddeo aqui:<br \/>\n<a href=\"http:\/\/vimeo.com\/51805771\">http:\/\/vimeo.com\/51805771<\/a><br \/>\n<\/br><br \/>\nvia <a href=\"http:\/\/www.rebelion.org\/\">rebellion<\/a> <\/p>\n","protected":false},"excerpt":{"rendered":"<p>E por qu\u00ea da Isl\u00e2ndia n\u00e3o se fala? A grande li\u00e7\u00e3o do povo island\u00eas \u2013 \u201cAconteceu na Isl\u00e2ndia\u201d e \u201cSurgere\u201d Aconteceu na Isl\u00e2ndia (em franc\u00eas, legendado em portugu\u00eas) A negativa do povo da Isl\u00e2ndia a pagar a d\u00edvida que as elites abastadas tinham adquirido com a Gr\u00e3 Bretanha e a Holanda gerou muito medo no [&hellip;]<\/p>\n","protected":false},"author":1,"featured_media":0,"comment_status":"open","ping_status":"open","sticky":false,"template":"","format":"standard","meta":{"footnotes":""},"categories":[68,81,91,9,78],"tags":[1653,1312,1654],"class_list":["post-2918","post","type-post","status-publish","format-standard","hentry","category-dossie-queda-da-rua-do-muro","category-imediartivismo","category-imperio_poder_globalizacao","category-lance-de-dados","category-ovideo","tag-aconteceu-na-islandia","tag-islandia","tag-surgere"],"_links":{"self":[{"href":"https:\/\/imediata.org\/index.php?rest_route=\/wp\/v2\/posts\/2918","targetHints":{"allow":["GET"]}}],"collection":[{"href":"https:\/\/imediata.org\/index.php?rest_route=\/wp\/v2\/posts"}],"about":[{"href":"https:\/\/imediata.org\/index.php?rest_route=\/wp\/v2\/types\/post"}],"author":[{"embeddable":true,"href":"https:\/\/imediata.org\/index.php?rest_route=\/wp\/v2\/users\/1"}],"replies":[{"embeddable":true,"href":"https:\/\/imediata.org\/index.php?rest_route=%2Fwp%2Fv2%2Fcomments&post=2918"}],"version-history":[{"count":2,"href":"https:\/\/imediata.org\/index.php?rest_route=\/wp\/v2\/posts\/2918\/revisions"}],"predecessor-version":[{"id":2920,"href":"https:\/\/imediata.org\/index.php?rest_route=\/wp\/v2\/posts\/2918\/revisions\/2920"}],"wp:attachment":[{"href":"https:\/\/imediata.org\/index.php?rest_route=%2Fwp%2Fv2%2Fmedia&parent=2918"}],"wp:term":[{"taxonomy":"category","embeddable":true,"href":"https:\/\/imediata.org\/index.php?rest_route=%2Fwp%2Fv2%2Fcategories&post=2918"},{"taxonomy":"post_tag","embeddable":true,"href":"https:\/\/imediata.org\/index.php?rest_route=%2Fwp%2Fv2%2Ftags&post=2918"}],"curies":[{"name":"wp","href":"https:\/\/api.w.org\/{rel}","templated":true}]}}