{"id":2913,"date":"2012-10-24T15:13:25","date_gmt":"2012-10-24T15:13:25","guid":{"rendered":"http:\/\/imediata.org\/?p=2913"},"modified":"2012-10-24T15:30:59","modified_gmt":"2012-10-24T15:30:59","slug":"fraturamento-hidraulico-mais-uma-abominacao-contra-o-planeta-terra-%e2%80%93-%e2%80%9cla-sombra-del-fracking%e2%80%9d-filme","status":"publish","type":"post","link":"https:\/\/imediata.org\/?p=2913","title":{"rendered":">> Fraturamento hidr\u00e1ulico: mais uma abomina\u00e7\u00e3o contra o planeta Terra \u2013 \u201cLa sombra del fracking\u201d (document\u00e1rio de Dani Amo e Rosa Mart\u00ednez)"},"content":{"rendered":"<p><\/br><br \/>\n<strong>Fraturamento hidr\u00e1ulico: mais uma abomina\u00e7\u00e3o contra o planeta Terra \u2013 \u201cLa sombra del fracking\u201d (document\u00e1rio de Dani Amo e Rosa Mart\u00ednez)<br \/>\n<\/br><\/p>\n<p>\u201cLa sombra del fracking\u201d (filme, de 23:27 minutos, em espanhol)<\/strong><br \/>\n<iframe loading=\"lazy\" src=\"http:\/\/player.vimeo.com\/video\/46871495?title=0&amp;byline=0&amp;portrait=0&amp;color=f20511\" width=\"500\" height=\"281\" frameborder=\"0\" webkitAllowFullScreen mozallowfullscreen allowFullScreen><\/iframe> <\/p>\n<p><a href=\"http:\/\/vimeo.com\/46871495\">La sombra del fracking<\/a> from <a href=\"http:\/\/vimeo.com\/docmiradas\">DocMiradas<\/a> on <a href=\"http:\/\/vimeo.com\">Vimeo<\/a>.<\/p>\n<p><\/br><br \/>\nvia <a href=\"http:\/\/www.rebelion.org\/noticia.php?id=158121\">rebellion<\/a> <\/p>\n","protected":false},"excerpt":{"rendered":"<p>Fraturamento hidr\u00e1ulico: mais uma abomina\u00e7\u00e3o contra o planeta Terra \u2013 \u201cLa sombra del fracking\u201d (document\u00e1rio de Dani Amo e Rosa Mart\u00ednez) \u201cLa sombra del fracking\u201d (filme, de 23:27 minutos, em espanhol) La sombra del fracking from DocMiradas on Vimeo. via rebellion<\/p>\n","protected":false},"author":1,"featured_media":0,"comment_status":"open","ping_status":"open","sticky":false,"template":"","format":"standard","meta":{"footnotes":""},"categories":[5,9,86,78],"tags":[1652,1650,1647,1648,1651,1649],"class_list":["post-2913","post","type-post","status-publish","format-standard","hentry","category-biodiversidade-imediata","category-lance-de-dados","category-meio_ambiente","category-ovideo","tag-documentario-de-dani-amo-e-rosa-martinez","tag-destruicao-da-paisagem","tag-fracking","tag-fraturamento-hidraulico","tag-poluicao-da-agua","tag-terremotos"],"_links":{"self":[{"href":"https:\/\/imediata.org\/index.php?rest_route=\/wp\/v2\/posts\/2913","targetHints":{"allow":["GET"]}}],"collection":[{"href":"https:\/\/imediata.org\/index.php?rest_route=\/wp\/v2\/posts"}],"about":[{"href":"https:\/\/imediata.org\/index.php?rest_route=\/wp\/v2\/types\/post"}],"author":[{"embeddable":true,"href":"https:\/\/imediata.org\/index.php?rest_route=\/wp\/v2\/users\/1"}],"replies":[{"embeddable":true,"href":"https:\/\/imediata.org\/index.php?rest_route=%2Fwp%2Fv2%2Fcomments&post=2913"}],"version-history":[{"count":4,"href":"https:\/\/imediata.org\/index.php?rest_route=\/wp\/v2\/posts\/2913\/revisions"}],"predecessor-version":[{"id":2917,"href":"https:\/\/imediata.org\/index.php?rest_route=\/wp\/v2\/posts\/2913\/revisions\/2917"}],"wp:attachment":[{"href":"https:\/\/imediata.org\/index.php?rest_route=%2Fwp%2Fv2%2Fmedia&parent=2913"}],"wp:term":[{"taxonomy":"category","embeddable":true,"href":"https:\/\/imediata.org\/index.php?rest_route=%2Fwp%2Fv2%2Fcategories&post=2913"},{"taxonomy":"post_tag","embeddable":true,"href":"https:\/\/imediata.org\/index.php?rest_route=%2Fwp%2Fv2%2Ftags&post=2913"}],"curies":[{"name":"wp","href":"https:\/\/api.w.org\/{rel}","templated":true}]}}