{"id":2911,"date":"2012-10-24T15:02:15","date_gmt":"2012-10-24T15:02:15","guid":{"rendered":"http:\/\/imediata.org\/?p=2911"},"modified":"2012-10-24T15:02:15","modified_gmt":"2012-10-24T15:02:15","slug":"o-gebo-e-a-sombra-de-manoel-de-oliveira-trailers-e-critica","status":"publish","type":"post","link":"https:\/\/imediata.org\/?p=2911","title":{"rendered":">> &#8220;O gebo e a sombra&#8221;, de Manoel de Oliveira (trailers e cr\u00edtica)"},"content":{"rendered":"<p><\/br><br \/>\n<strong>&#8220;O gebo e a sombra&#8221;, de Manoel de Oliveira<br \/>\n<\/br><br \/>\n\u00daltimo filme do famoso cineasta portugu\u00eas <a href=\"http:\/\/pt.wikipedia.org\/wiki\/Manoel_de_Oliveira\">Manoel de Oliveira<\/a> (103 frut\u00edferos anos), baseado em obra de <a href=\"http:\/\/pt.wikipedia.org\/wiki\/Raul_Brand\u00e3o\">Raul Brand\u00e3o<\/a>. Do elenco, participam Claudia Cardinale e Jeanne Moreau.<br \/>\n<\/br><br \/>\nO Gebo e a Sombra &#8211; trailer legendado em portugu\u00eas<\/strong><br \/>\n<iframe loading=\"lazy\" title=\"O Gebo e a Sombra - trailer legendado\" width=\"640\" height=\"360\" src=\"https:\/\/www.youtube.com\/embed\/1-pRsfKtYRs?feature=oembed\" frameborder=\"0\" allow=\"accelerometer; autoplay; clipboard-write; encrypted-media; gyroscope; picture-in-picture; web-share\" referrerpolicy=\"strict-origin-when-cross-origin\" allowfullscreen><\/iframe><br \/>\n<\/br><br \/>\n<strong>Claudia Cardinale Jeanne Moreau 2012 (em franc\u00eas com legendas em italiano)<\/strong><br \/>\nhttp:\/\/youtu.be\/6OwUB_R6O6Q<br \/>\n<\/br><br \/>\n<strong>Claudia Cardinale shines at Film Festival Venice (em italiano com legendas em ingl\u00eas)<\/strong><br \/>\nhttp:\/\/youtu.be\/CgdehTVJvyo<br \/>\n<\/br><br \/>\nCr\u00edtica do filme por In\u00e1cio Ara\u00fajo, na <a href=\"http:\/\/www1.folha.uol.com.br\/fsp\/ilustrada\/index-20121024.shtml\">Folha de S\u00e3o Paulo de 24\/10\/2012<\/a>:<br \/>\n<\/br><br \/>\n<strong>36\u00aa MOSTRA DE SP<br \/>\n<\/br><br \/>\nManoel de Oliveira d\u00e1 sentido \u00e0 crise<br \/>\n&#8220;O Gebo e a Sombra&#8221;, nova produ\u00e7\u00e3o do diretor portugu\u00eas, discute pobreza e honra na Europa<br \/>\n<\/br><br \/>\nIN\u00c1CIO ARAUJO<br \/>\nCR\u00cdTICO DA FOLHA<\/strong><br \/>\n<\/br><br \/>\nO assunto de Manoel de Oliveira em &#8220;O Gebo e a Sombra&#8221;, sem ambiguidades, \u00e9 a pobreza. N\u00e3o estamos no agora da crise europeia, mas provavelmente na virada do s\u00e9culo 19 para o 20.<br \/>\n<\/br><br \/>\nGebo (Michael Lonsdale) \u00e9 o pobre guarda-livros que luta para esconder da mulher, Doroteia (Claudia Cardinale), a verdadeira natureza e as atividades do filho (Ricardo Tr\u00eapa), que ela n\u00e3o v\u00ea h\u00e1 muito. Gebo representa a resigna\u00e7\u00e3o diante do mundo, \u00e9 fato. Exatamente aquilo que o filho Jo\u00e3o rejeita.<br \/>\n<\/br><br \/>\nAntes de prosseguir na descri\u00e7\u00e3o da a\u00e7\u00e3o do filme \u00e9 preciso deter-se um pouco em sua forma. Oliveira trabalha como que num teatro, usando como cen\u00e1rio praticamente \u00fanico a sala da casa de Gebo.<br \/>\n<\/br><br \/>\nAli, Gebo conversa ora com a nora Sofia (Leonor Amarante), ora com Doroteia ou algum outro conviva.<br \/>\n<\/br><br \/>\nDoroteia \u00e9 uma mulher queixosa. Quer sempre saber do filho. Gebo desconversa.<br \/>\n<\/br><br \/>\nA m\u00e3e n\u00e3o deve saber que o filho \u00e9 um ladr\u00e3o (&#8220;isso a mataria&#8221;). Esse cen\u00e1rio \u00fanico, essa imobilidade (determinada seja pelo trabalho, seja pelo frio) podem dar ao espectador desatento a falsa impress\u00e3o de um filme desprovido de a\u00e7\u00e3o.<br \/>\n<\/br><br \/>\nNada mais inexato. Se a teatralidade \u00e9 evidente, a a\u00e7\u00e3o \u00e9 febril. Mais febril se torna depois que Jo\u00e3o aparece (entra como um fantasma) e fica ent\u00e3o clar\u00edssimo que \u00e9 algu\u00e9m que n\u00e3o aceita a sua condi\u00e7\u00e3o,a pobreza. Prefere roubar.<br \/>\n<\/br><br \/>\nEnquanto isso, Gebo ocupar\u00e1 sempre mais o lugar do pobre. Para ele existem a dec\u00eancia, o sacrif\u00edcio, a ren\u00fancia.<br \/>\n<\/br><br \/>\nEm suma, na hora do aperto ao pobre resta a honra. Ou, mais precisamente: a fome e a honra. N\u00e3o parece que essa formula\u00e7\u00e3o, tomada no cora\u00e7\u00e3o da crise que toma a Europa, seja casual. O sentido de oportunidade de Oliveira faz parte de mais este filme precioso do autor portugu\u00eas.<br \/>\n<\/br><br \/>\n<strong>AVALIA\u00c7\u00c3O \u00f3timo<\/strong><\/p>\n","protected":false},"excerpt":{"rendered":"<p>&#8220;O gebo e a sombra&#8221;, de Manoel de Oliveira \u00daltimo filme do famoso cineasta portugu\u00eas Manoel de Oliveira (103 frut\u00edferos anos), baseado em obra de Raul Brand\u00e3o. Do elenco, participam Claudia Cardinale e Jeanne Moreau. O Gebo e a Sombra &#8211; trailer legendado em portugu\u00eas Claudia Cardinale Jeanne Moreau 2012 (em franc\u00eas com legendas em [&hellip;]<\/p>\n","protected":false},"author":1,"featured_media":0,"comment_status":"open","ping_status":"open","sticky":false,"template":"","format":"standard","meta":{"footnotes":""},"categories":[80,78,11],"tags":[1645,1646,179,1644],"class_list":["post-2911","post","type-post","status-publish","format-standard","hentry","category-arte","category-ovideo","category-sambaqui","tag-claudia-cardinale","tag-jeanne-moreau-inacio-de-araujo","tag-manoel-de-oliveira","tag-o-gebo-e-a-sombra"],"_links":{"self":[{"href":"https:\/\/imediata.org\/index.php?rest_route=\/wp\/v2\/posts\/2911","targetHints":{"allow":["GET"]}}],"collection":[{"href":"https:\/\/imediata.org\/index.php?rest_route=\/wp\/v2\/posts"}],"about":[{"href":"https:\/\/imediata.org\/index.php?rest_route=\/wp\/v2\/types\/post"}],"author":[{"embeddable":true,"href":"https:\/\/imediata.org\/index.php?rest_route=\/wp\/v2\/users\/1"}],"replies":[{"embeddable":true,"href":"https:\/\/imediata.org\/index.php?rest_route=%2Fwp%2Fv2%2Fcomments&post=2911"}],"version-history":[{"count":1,"href":"https:\/\/imediata.org\/index.php?rest_route=\/wp\/v2\/posts\/2911\/revisions"}],"predecessor-version":[{"id":2912,"href":"https:\/\/imediata.org\/index.php?rest_route=\/wp\/v2\/posts\/2911\/revisions\/2912"}],"wp:attachment":[{"href":"https:\/\/imediata.org\/index.php?rest_route=%2Fwp%2Fv2%2Fmedia&parent=2911"}],"wp:term":[{"taxonomy":"category","embeddable":true,"href":"https:\/\/imediata.org\/index.php?rest_route=%2Fwp%2Fv2%2Fcategories&post=2911"},{"taxonomy":"post_tag","embeddable":true,"href":"https:\/\/imediata.org\/index.php?rest_route=%2Fwp%2Fv2%2Ftags&post=2911"}],"curies":[{"name":"wp","href":"https:\/\/api.w.org\/{rel}","templated":true}]}}