{"id":2907,"date":"2012-10-23T19:37:09","date_gmt":"2012-10-23T19:37:09","guid":{"rendered":"http:\/\/imediata.org\/?p=2907"},"modified":"2012-10-23T19:37:09","modified_gmt":"2012-10-23T19:37:09","slug":"cinco-minutos-x-2-para-ouvir-jose-pepe-mujica-presidente-do-uruguai","status":"publish","type":"post","link":"https:\/\/imediata.org\/?p=2907","title":{"rendered":">> Cinco minutos X 2 para ouvir Jos\u00e9 Pepe Mujica, presidente do Uruguai"},"content":{"rendered":"<p><\/br><br \/>\n<strong>Cinco minutos X 2 para ouvir Jos\u00e9 Pepe Mujica, presidente do Uruguai<br \/>\n<\/br><br \/>\nDiscurso do Presidente do Uruguai, Jos\u00e9 Pepe Mujica na Rio+20 &#8211; Legendado PT-BR<\/strong><br \/>\nhttp:\/\/youtu.be\/zsOGZKRVqHQ<\/p>\n<p>via: <a href=\"http:\/\/boilerdo.blogspot.com\/2012\/10\/nunca-e-demais-ouvir-jose-mujica.html\">boilerdo<\/a><br \/>\n<\/br><br \/>\n<strong>Uruguay&#8217;s president Mujica in Rio+20 speech (proper subtitles in many languages clicking in &#8220;CC&#8221;)<br \/>\n<\/strong><br \/>\n<iframe loading=\"lazy\" title=\"Uruguay&#039;s president Mujica in Rio+20 speech (proper subtitles in many languages clicking in &quot;CC&quot;)\" width=\"640\" height=\"480\" src=\"https:\/\/www.youtube.com\/embed\/cCEgcd7G9Bg?feature=oembed\" frameborder=\"0\" allow=\"accelerometer; autoplay; clipboard-write; encrypted-media; gyroscope; picture-in-picture; web-share\" referrerpolicy=\"strict-origin-when-cross-origin\" allowfullscreen><\/iframe><br \/>\n<\/br><\/p>\n<p><\/br><br \/>\n\u201cDurante toda a tarde estivemos falando de desenvolvimento sustent\u00e1vel. De como eliminar o imenso problemas da pobreza.<br \/>\nQue se passa em nossas cabe\u00e7as?<br \/>\n<\/br><\/p>\n<p>O modelo de desenvolvimento e consume que atualmente vivem as sociedades ricas?<br \/>\nFa\u00e7o esta pergunta: o que aconteceria com este planeta se os hindus tivessem a mesma propor\u00e7\u00e3o de carros por fam\u00edlia, que os alem\u00e3es possuem?<br \/>\n<\/br><\/p>\n<p>Quanto oxig\u00eanio ter\u00edamos para respirar?<\/p>\n<p><\/br><\/p>\n<p>O mundo de hoje teria os elementos materiais para que 7 a 8 bilh\u00f5es de pessoas possam desfrutar do mesmo n\u00edvel de consumo e desperd\u00edcio que t\u00eam as sociedades mais ricas do Ocidente?<br \/>\n<\/br><\/p>\n<p>Isto ser\u00e1 poss\u00edvel, ou ser\u00e1 que teremos que ter um dia outro tipo de discuss\u00e3o?<br \/>\n<\/br><\/p>\n<p>Porque n\u00f3s criamos esta civiliza\u00e7\u00e3o em que estamos: filha do mercado, filha da competi\u00e7\u00e3o, que se deparou com o progresso material enf\u00e1tico e explosivo.<br \/>\n<\/br><\/p>\n<p>Mas a economia de mercado criou sociedades de mercado. E nos deparamos com esta globaliza\u00e7\u00e3o, que significa olhar por todo o planeta. Estamos governando a globaliza\u00e7\u00e3o, ou \u00e9 a globaliza\u00e7\u00e3o que nos governa?<br \/>\n<\/br><\/p>\n<p>\u00c9 poss\u00edvel falar de solidariedade e que \u201cestamos todos juntos\u201d em uma economia que est\u00e1 baseada na competi\u00e7\u00e3o despiedada? At\u00e9 onde chega a nossa fraternidade?<br \/>\n<\/br><\/p>\n<p>Eu n\u00e3o digo nada disso para negar a import\u00e2ncia deste evento. Pelo contr\u00e1rio, o desafio que temos pela frente \u00e9 de uma grandiosidade colossal.<br \/>\n<\/br><\/p>\n<p><strong>A grande crise n\u00e3o \u00e9 ecol\u00f3gica. \u00c9 pol\u00edtica.<br \/>\n<\/br><\/p>\n<p>O homem n\u00e3o governa hoje! N\u00e3o h\u00e1 for\u00e7as envolvidas, sen\u00e3o as for\u00e7as que governam o homem. E a vida.<br \/>\n<\/br><\/p>\n<p>Porque n\u00e3o viemos ao planeta para nos desenvolvermos, em termos gerais.<br \/>\nViemos ao planeta para sermos felizes.<\/strong><br \/>\n<\/br><\/p>\n<p>Porque a vida \u00e9 curta e rapidamente se vai. E nenhum bem vale mais do que a vida, isso \u00e9 claro!<br \/>\n<\/br><\/p>\n<p>Mas a vida vai se passando, e n\u00f3s trabalhando e trabalhando para consumir sempre mais e a sociedade de consumo \u00e9 o motor, porque, em \u00faltima an\u00e1lise se o consumo se paralisa, a economia para, e se a economia parar, o fantasma da estagna\u00e7\u00e3o econ\u00f4mica aparece para cada um de n\u00f3s.<br \/>\n<\/br><\/p>\n<p>Mas este hiper consumo, este que est\u00e1 agredindo o planeta, e eles t\u00eam que acelerar este hiper consumo fazendo coisas que durem pouco, porque \u00e9 preciso vender muito.<br \/>\n<\/br><\/p>\n<p>E uma l\u00e2mpada el\u00e9trica, ent\u00e3o, n\u00e3o pode durar mais de 1000 horas. Mas h\u00e1 l\u00e2mpadas el\u00e9tricas que podem durar 100 mil, 200 mil horas!<br \/>\n<\/br><\/p>\n<p><strong>Contudo, essas n\u00e3o podem ser feitas porque o problema \u00e9 o mercado, porque temos que trabalhar e temos que sustentar uma civiliza\u00e7\u00e3o que \u201cusa e joga fora\u201d,  por isso estamos num c\u00edrculo vicioso.<\/strong><br \/>\n<\/br><\/p>\n<p><strong>Estes s\u00e3o problemas de car\u00e1ter pol\u00edtico, que est\u00e3o dizendo que est\u00e1 na hora de come\u00e7ar a lutar por outra cultura.<\/strong><br \/>\n<\/br><\/p>\n<p>N\u00e3o se trata de retornar aos dias do homem das cavernas, ou de ter um \u201cmonumento ao atraso\u201d. Mas <strong>n\u00e3o podemos continuar indefinidamente sendo governados pelo mercado, e sim, temos de governar o mercado.<\/strong><br \/>\n<\/br><\/p>\n<p>Ent\u00e3o eu digo, na minha humilde forma de pensar que <strong>o problema que temos \u00e9 pol\u00edtico. <\/strong><br \/>\n<\/br><\/p>\n<p><strong>Os antigos pensadores, Epicuro, S\u00eaneca, inclusive os Aymaras, definiam:<br \/>\n<\/br><\/p>\n<p>\u201cPobre n\u00e3o \u00e9 aquele que tem pouco, mas sim o que necessita infinitamente muito, e deseja, deseja, mais e mais&#8230;\u201d<br \/>\n<\/br><\/p>\n<p>Isso \u00e9 crucialmente de car\u00e1ter cultural. <\/strong><br \/>\n<\/br><\/p>\n<p>Ent\u00e3o, eu sa\u00fado os esfor\u00e7os e acordos que s\u00e3o feitos. Vou segui-los, como governante.<br \/>\n<\/br><\/p>\n<p><strong>Sei que algumas coisas que eu estou dizendo \u201cperturbam\u201d. Mas devemos perceber que a crise da \u00e1gua e a agress\u00e3o ao meio-ambiente n\u00e3o s\u00e3o a causa.<br \/>\n<\/br><\/p>\n<p>A causa \u00e9 o modelo de civiliza\u00e7\u00e3o que constru\u00edmos. E temos que revisar nossa forma de viver.<\/strong><br \/>\n<\/br><\/p>\n<p>Eu perten\u00e7o a um pa\u00eds pequeno e bem dotado de recursos naturais para viver. No meu pa\u00eds h\u00e1 3 milh\u00f5es de habitantes. E milh\u00f5es e 200 mil. Mas h\u00e1 cerca de 13 milh\u00f5es de vacas, das melhores do mundo. E cerca de 8 ou 10 milh\u00f5es de ovelhas estupendas. O meu pa\u00eds \u00e9 um exportador de alimentos, latic\u00ednios, carne. \u00c9 uma plan\u00edcie onde quase 90% da terra \u00e9 aproveit\u00e1vel.<br \/>\n<\/br><\/p>\n<p>Meus amigos trabalhadores lutaram arduamente para conquistar o direito de 8 horas de trabalho. E agora est\u00e3o conseguindo 6 horas, mas precisam ter dois empregos. Trabalham, portanto, mais do que antes.<br \/>\n<\/br><\/p>\n<p>Por qu\u00ea?<br \/>\n<\/br><\/p>\n<p>Porque tem uma infinidade de despesas: a motocicleta que comprou, o autom\u00f3vel que comprou e paga contas e paga  contas&#8230;.<br \/>\n<\/br><\/p>\n<p>E quando acordar perceber\u00e1 que \u00e9 um velho reum\u00e1tico como eu, e se passou a vida.<br \/>\n<\/br><\/p>\n<p><strong>Algu\u00e9m far\u00e1 esta pergunta: este \u00e9 o destino da vida humana?<br \/>\n<\/strong><\/br><br \/>\n<strong>Essas coisas que eu digo s\u00e3o elementares: o desenvolvimento n\u00e3o pode ir contra a felicidade. Tem que ser a favor da felicidade humana, do amor ao planeta Terra, das rela\u00e7\u00f5es humanas, do amor aos filhos, de ter amigos, ter s\u00f3 o necess\u00e1rio. Precisamente, porque este \u00e9 o tesouro mais valioso que temos, Quando lutamos pelo meio-ambiente, o primeiro elemento do meio-ambiente se chama a FELICIDADE HUMANA.<\/strong><\/p>\n","protected":false},"excerpt":{"rendered":"<p>Cinco minutos X 2 para ouvir Jos\u00e9 Pepe Mujica, presidente do Uruguai Discurso do Presidente do Uruguai, Jos\u00e9 Pepe Mujica na Rio+20 &#8211; Legendado PT-BR http:\/\/youtu.be\/zsOGZKRVqHQ via: boilerdo Uruguay&#8217;s president Mujica in Rio+20 speech (proper subtitles in many languages clicking in &#8220;CC&#8221;) \u201cDurante toda a tarde estivemos falando de desenvolvimento sustent\u00e1vel. De como eliminar o [&hellip;]<\/p>\n","protected":false},"author":1,"featured_media":0,"comment_status":"open","ping_status":"open","sticky":false,"template":"","format":"standard","meta":{"footnotes":""},"categories":[5,212,9],"tags":[1638,1637],"class_list":["post-2907","post","type-post","status-publish","format-standard","hentry","category-biodiversidade-imediata","category-cinco-minutos","category-lance-de-dados","tag-discurso-de-pepe-mujica-na-rio20","tag-jose-pepe-mujica"],"_links":{"self":[{"href":"https:\/\/imediata.org\/index.php?rest_route=\/wp\/v2\/posts\/2907","targetHints":{"allow":["GET"]}}],"collection":[{"href":"https:\/\/imediata.org\/index.php?rest_route=\/wp\/v2\/posts"}],"about":[{"href":"https:\/\/imediata.org\/index.php?rest_route=\/wp\/v2\/types\/post"}],"author":[{"embeddable":true,"href":"https:\/\/imediata.org\/index.php?rest_route=\/wp\/v2\/users\/1"}],"replies":[{"embeddable":true,"href":"https:\/\/imediata.org\/index.php?rest_route=%2Fwp%2Fv2%2Fcomments&post=2907"}],"version-history":[{"count":1,"href":"https:\/\/imediata.org\/index.php?rest_route=\/wp\/v2\/posts\/2907\/revisions"}],"predecessor-version":[{"id":2908,"href":"https:\/\/imediata.org\/index.php?rest_route=\/wp\/v2\/posts\/2907\/revisions\/2908"}],"wp:attachment":[{"href":"https:\/\/imediata.org\/index.php?rest_route=%2Fwp%2Fv2%2Fmedia&parent=2907"}],"wp:term":[{"taxonomy":"category","embeddable":true,"href":"https:\/\/imediata.org\/index.php?rest_route=%2Fwp%2Fv2%2Fcategories&post=2907"},{"taxonomy":"post_tag","embeddable":true,"href":"https:\/\/imediata.org\/index.php?rest_route=%2Fwp%2Fv2%2Ftags&post=2907"}],"curies":[{"name":"wp","href":"https:\/\/api.w.org\/{rel}","templated":true}]}}