{"id":288,"date":"2010-06-06T01:03:26","date_gmt":"2010-06-06T01:03:26","guid":{"rendered":"http:\/\/imediata.org\/?p=288"},"modified":"2010-06-06T01:05:43","modified_gmt":"2010-06-06T01:05:43","slug":"livro-sobre-%e2%80%9ca-na-bola%e2%80%9d-ganha-versao-em-castelhano-da-ana","status":"publish","type":"post","link":"https:\/\/imediata.org\/?p=288","title":{"rendered":">>Livro sobre s\u00edmbolo anarquista ganha vers\u00e3o em castelhano, da ag\u00eancia de not\u00edcias anarquistas-ana"},"content":{"rendered":"<p><img decoding=\"async\" src=\"http:\/\/imediata.org\/wp-content\/imagens\/logos\/logoanarcom.jpg\" alt=\"null\" \/><br \/>\n[Espanha]<br \/>\n<img decoding=\"async\" src=\"http:\/\/imediata.org\/imagens\/aencirculo.jpg\" alt=\"null\" \/><br \/>\nInicialmente editado na It\u00e1lia em 2008, o livro &#8220;A Hist\u00f3ria e resultados imprevistos de um s\u00edmbolo&#8221; acaba de ser lan\u00e7ado em castelhano pela Virus Editorial e Funda\u00e7\u00e3o Salvador Segu\u00ed, de Barcelona. A obra traz imagens e relatos de v\u00e1rios autores focando o principal signo dos anarquistas em todo o mundo.]<\/p>\n<p>Pichado sobre as paredes em protesto, mas tamb\u00e9m estampado em mochilas, camisetas, pingentes e gorros, inclusive nas roupas masculinas mais \u00edntimas, o \u201cA na bola\u201d \u00e9 um s\u00edmbolo t\u00e3o conhecido que acabou por ser considerado uma alegoria tradicional da iconografia libert\u00e1ria.<\/p>\n<p>Na realidade, nos explicam seus criadores, tem pouco mais de quarenta anos: o \u201cA na bola\u201d nasce como um projeto em Paris, na Fran\u00e7a, durante o ano de 1964, no interior de uma pequena rede de jovens anarquistas, mas come\u00e7a sua vida p\u00fablica no ano de 1966 em Mil\u00e3o, na It\u00e1lia, impresso sobre panfletos ou cartazes da Giuvent\u00f9 Libertaria. Pouco depois, a explos\u00e3o de 1968 &#8211; e a inven\u00e7\u00e3o do spray de tinta &#8211; far\u00e1 circular o s\u00edmbolo pelas ruas de todo o mundo.<\/p>\n<p>Esta in\u00e9dita hist\u00f3ria em imagens, junto aos relatos que o acompanham, repassa sua surpreendente e, inclusive, sua extravagante difus\u00e3o planet\u00e1ria, alcan\u00e7ada primeiro sob o est\u00edmulo da paix\u00e3o libert\u00e1ria e logo pela cultura punk, at\u00e9 sua mais recente explora\u00e7\u00e3o comercial.<\/p>\n<p>Uma viagem pelo imagin\u00e1rio contempor\u00e2neo que d\u00e1 conta das m\u00faltiplas interpreta\u00e7\u00f5es &#8211; freq\u00fcentemente inesperadas, talvez contradit\u00f3rias &#8211; de um s\u00edmbolo nascido com uma forte conota\u00e7\u00e3o espec\u00edfica e transformado com o tempo em um dos signos mais usados para expressar n\u00e3o t\u00e3o s\u00f3 Anarquia, mas tamb\u00e9m revolta, recha\u00e7o, anticonformismo e transgress\u00e3o em suas mais variadas acep\u00e7\u00f5es.<\/p>\n<p>O livro re\u00fane textos de Fulvio Abbate, Pietro Adamo, Adbusters Media Foundation, Android Tattoo, Roberto Freak Antoni, Amedeo Bertolo, Chris Carlsson, Pino Cacucci, Marianne Enckell, Goffredo Fofi, Dori Ghezzi, Enrico Ghezzi, Matteo Guarnaccia, Tom\u00e1s Ib\u00e1\u00f1ez, Luciano Lanza, Maurizio Maggiani, Yoko Miura, Maria Nadotti, Clelia Pallotta, Marco Pandin, Andrea Perin, Marco Philopat, Ferro Piludu, Fabrizia Ramondino, Paolo Rossi, Marco Rovelli, Giorgio Triani, Nicoletta Vallorani, Luca Villoresi, Wu Ming 1 e Salvatore Zingale.<\/p>\n<p>\u201cHistoria y resultados imprevistos de un s\u00edmbolo\u201d<\/p>\n<p><strong><em>Virus Editorial &#8211; Fundaci\u00f3n Salvador Segu\u00ed. Barcelona 2010<\/p>\n<p>128 p\u00e1gs. R\u00fastica 19&#215;19 cm<\/p>\n<p>ISBN 978-8492559-14-5<\/p>\n<p>15,00 Euros<\/em><\/strong><\/p>\n<p><strong>ag\u00eancia de not\u00edcias anarquistas-ana<\/p>\n<p>A orqu\u00eddea \u2013<br \/>\na cada instante<br \/>\no sil\u00eancio \u00e9 outro.<\/p>\n<p>Constantin Abaluta<\/strong><\/p>\n","protected":false},"excerpt":{"rendered":"<p>[Espanha] Inicialmente editado na It\u00e1lia em 2008, o livro &#8220;A Hist\u00f3ria e resultados imprevistos de um s\u00edmbolo&#8221; acaba de ser lan\u00e7ado em castelhano pela Virus Editorial e Funda\u00e7\u00e3o Salvador Segu\u00ed, de Barcelona. A obra traz imagens e relatos de v\u00e1rios autores focando o principal signo dos anarquistas em todo o mundo.] Pichado sobre as paredes [&hellip;]<\/p>\n","protected":false},"author":38,"featured_media":0,"comment_status":"open","ping_status":"open","sticky":false,"template":"","format":"standard","meta":{"footnotes":""},"categories":[8],"tags":[],"class_list":["post-288","post","type-post","status-publish","format-standard","hentry","category-anarcom"],"_links":{"self":[{"href":"https:\/\/imediata.org\/index.php?rest_route=\/wp\/v2\/posts\/288","targetHints":{"allow":["GET"]}}],"collection":[{"href":"https:\/\/imediata.org\/index.php?rest_route=\/wp\/v2\/posts"}],"about":[{"href":"https:\/\/imediata.org\/index.php?rest_route=\/wp\/v2\/types\/post"}],"author":[{"embeddable":true,"href":"https:\/\/imediata.org\/index.php?rest_route=\/wp\/v2\/users\/38"}],"replies":[{"embeddable":true,"href":"https:\/\/imediata.org\/index.php?rest_route=%2Fwp%2Fv2%2Fcomments&post=288"}],"version-history":[{"count":4,"href":"https:\/\/imediata.org\/index.php?rest_route=\/wp\/v2\/posts\/288\/revisions"}],"predecessor-version":[{"id":292,"href":"https:\/\/imediata.org\/index.php?rest_route=\/wp\/v2\/posts\/288\/revisions\/292"}],"wp:attachment":[{"href":"https:\/\/imediata.org\/index.php?rest_route=%2Fwp%2Fv2%2Fmedia&parent=288"}],"wp:term":[{"taxonomy":"category","embeddable":true,"href":"https:\/\/imediata.org\/index.php?rest_route=%2Fwp%2Fv2%2Fcategories&post=288"},{"taxonomy":"post_tag","embeddable":true,"href":"https:\/\/imediata.org\/index.php?rest_route=%2Fwp%2Fv2%2Ftags&post=288"}],"curies":[{"name":"wp","href":"https:\/\/api.w.org\/{rel}","templated":true}]}}