{"id":2877,"date":"2012-10-20T22:04:34","date_gmt":"2012-10-20T22:04:34","guid":{"rendered":"http:\/\/imediata.org\/?p=2877"},"modified":"2012-10-20T22:06:22","modified_gmt":"2012-10-20T22:06:22","slug":"i-slave-imperialismo-no-dna-alemanha-quer-zona-economica-especial-na-grecia-com-fabricas-em-estilo-chines-por-debora-billi-e-portugal-como-se-esta-preparando-para-receber-n-sra-da-austerid","status":"publish","type":"post","link":"https:\/\/imediata.org\/?p=2877","title":{"rendered":">> i-Slave &#038; imperialismo no DNA: Alemanha quer Zona Econ\u00f4mica Especial na Gr\u00e9cia com f\u00e1bricas em estilo chin\u00eas, por Debora Billi + E Portugal, como se est\u00e1 preparando para receber N. Sra. da Austeridade?"},"content":{"rendered":"<p><\/br><br \/>\n<strong>i-Slave &#038; imperialismo no DNA: \u201cAlemanha quer Zona Econ\u00f4mica Especial na Gr\u00e9cia com f\u00e1bricas em estilo chin\u00eas<br \/>\n<\/br><br \/>\nPor Debora Billi<\/strong><br \/>\n<strong>Fonte: <a href=\"http:\/\/crisis.blogosfere.it\/2012\/10\/crisi-grecia-zona-economica-speciale-fabbriche-stile-cinese.html\">crisis.blogosfere.it de 19\/10\/2012<\/a><br \/>\nTradu\u00e7\u00e3o: Mario S. Mieli<\/strong><br \/>\n<\/br><br \/>\n<a href=\"http:\/\/imediata.org\/wp-content\/uploads\/2012\/10\/islave-anteprima-600x269-788000.jpg\"><img loading=\"lazy\" decoding=\"async\" src=\"http:\/\/imediata.org\/wp-content\/uploads\/2012\/10\/islave-anteprima-600x269-788000.jpg\" alt=\"\" title=\"islave-anteprima-600x269-788000\" width=\"563\" height=\"253\" class=\"alignright size-full wp-image-2878\" srcset=\"https:\/\/imediata.org\/wp-content\/uploads\/2012\/10\/islave-anteprima-600x269-788000.jpg 563w, https:\/\/imediata.org\/wp-content\/uploads\/2012\/10\/islave-anteprima-600x269-788000-300x134.jpg 300w\" sizes=\"auto, (max-width: 563px) 100vw, 563px\" \/><\/a><br \/>\nFoto &#8211; Photopin<br \/>\n<\/br><br \/>\nO horror se aproxima da Gr\u00e9cia: A Alemanha quer a Zona Econ\u00f4mica Especial: trabalho escravo. A favor das ind\u00fastrias e gerentes alem\u00e3es.<\/p>\n<p>Algu\u00e9m lembrar\u00e1 de \u201cNo Logo\u201d, o livro da Naomi Klein que revelou ao mundo a realidade da globaliza\u00e7\u00e3o, j\u00e1 fazem 12 anos. Ela descobria e explorava as \u201c<a href=\"http:\/\/pt.wikipedia.org\/wiki\/Zona_econ\u00f3mica_especial\">Zonas Econ\u00f4micas Especiais<\/a>\u201d chinesas, indochinesas, filipinas, <strong>aquelas f\u00e1bricas monstras onde trabalhadores escravizados produzem por poucos centavos<\/strong> produtos de marca destinados ao mercado ocidental. Hoje ainda fazem esc\u00e2ndalo, como no caso Foxconn iPhone.<br \/>\n<\/br><br \/>\nCassandras e profetas da desventura prognosticaram por muito tempo um futuro an\u00e1logo para os pa\u00edses ocidentais, notando <strong>um plano preciso nesse sentido<\/strong>, seja atrav\u00e9s de uma crise financeira de alguma forma administrada pela necessidade, como no caso de um euro estrangulador. Agora chegamos nesse ponto: <strong>a Alemanha pede \u00e0 Gr\u00e9cia de se tornar uma Zona Econ\u00f4mica Especial dentro da Europa<\/strong>, para ser colonizada pelas ind\u00fastrias n\u00f3rdicas e, c\u00famulo do insulto, empregar como dirigentes e funcion\u00e1rios <strong>trabalhadores alem\u00e3es<\/strong>.<br \/>\n<\/br><br \/>\n<a href=\"http:\/\/imediata.org\/wp-content\/uploads\/2012\/10\/9mam-latuff-eu_and_greece_economic_crisis_757809.jpg\"><img loading=\"lazy\" decoding=\"async\" src=\"http:\/\/imediata.org\/wp-content\/uploads\/2012\/10\/9mam-latuff-eu_and_greece_economic_crisis_757809.jpg\" alt=\"\" title=\"9mam-latuff-eu_and_greece_economic_crisis_757809\" width=\"400\" height=\"206\" class=\"alignright size-full wp-image-2879\" srcset=\"https:\/\/imediata.org\/wp-content\/uploads\/2012\/10\/9mam-latuff-eu_and_greece_economic_crisis_757809.jpg 400w, https:\/\/imediata.org\/wp-content\/uploads\/2012\/10\/9mam-latuff-eu_and_greece_economic_crisis_757809-300x154.jpg 300w\" sizes=\"auto, (max-width: 400px) 100vw, 400px\" \/><\/a><br \/>\nLatuff<br \/>\n<\/br><br \/>\nEm primeiro lugar, as fontes: via <a href=\"http:\/\/vocidallagermania.blogspot.it\/2012\/10\/fabbriche-cacciavite.html\">Voci della Germania<\/a> (Vozes da Alemanha), com fonte original no <a href=\"http:\/\/www.spiegel.de\/politik\/deutschland\/bdi-chef-keitel-will-griechenland-zur-sonderwirtschaftszone-machen-a-854150.html\">Der Spiegel<\/a>:<br \/>\n<\/br><br \/>\nOs interessados alem\u00e3es ser\u00e3o favorecidos atrav\u00e9s da cria\u00e7\u00e3o de <strong>zonas econ\u00f4micas especiais por parte do governo grego<\/strong>, algo que faz tempo que o mundo econ\u00f4mico alem\u00e3o est\u00e1 pedindo. Segundo os planos atuais, as empresas receber\u00e3o facilita\u00e7\u00f5es fiscais \u2013 onde poss\u00edvel, at\u00e9 uma imposi\u00e7\u00e3o de 0% &#8211; al\u00e9m disso, est\u00e3o previstas subven\u00e7\u00f5es. (&#8230;) N\u00e3o s\u00f3 algumas zonas da economia grega, mas <strong>o inteiro pa\u00eds<\/strong> deveria se tornar uma esp\u00e9cie de zona econ\u00f4mica especial dentro da zona do Euro\u201d. A gest\u00e3o da \u201czona econ\u00f4mica especial grega\u201d deveria ser realizada \u201c<strong>com pessoal estrangeiro da UE<\/strong>\u201d.<br \/>\n<\/br><br \/>\nE os gregos? Mas que pergunta: ser\u00e3o simplesmente <strong>a m\u00e3o-de-obra escrava<\/strong>, como os chineses. Por outro lado, agora que est\u00e3o reduzidos \u00e0 fome, acolher\u00e3o com j\u00fabilo a possibilidade de trabalhar 12 horas por dia por 300 ou 400 euros por m\u00eas. \u2018Melhor que nada\u2019, argumentam com frequ\u00eancia certos perdedores italianos, j\u00e1 prontos \u00e0 mesma sorte.<br \/>\n<\/br><\/p>\n<p>Agora, n\u00e3o sei se tudo isso ocorrer\u00e1 mesmo, no final das contas. Parece-me francamente imposs\u00edvel, como um pesadelo em c\u00e2mara lenta, que se dirige a uma conclus\u00e3o sempre temida, mas na qual nunca se acreditou de verdade. Cabe-me pensar que <strong>Arbeit Macht Frei nunca tenha passado de moda<\/strong>, de que tenha sido s\u00f3 uma faz de conta parecer ter desbotado aquele horror em branco-e-preto. Ou, mais simplesmente, que existem pa\u00edses com o <strong>imperialismo no DNA<\/strong>, que n\u00e3o conseguem nunca perder o v\u00edcio; \u00e9 mais forte que eles.<br \/>\n<\/br><br \/>\nUm <strong><a href=\"http:\/\/pt.wikipedia.org\/wiki\/Destino_Manifesto\">destino manifesto<\/a><\/strong>, em poucas palavras, como o chamam aqueles outros que disso s\u00e3o muito bons entendedores.<br \/>\n<\/br><br \/>\n<a href=\"http:\/\/imediata.org\/wp-content\/uploads\/2012\/10\/greece-ballot-paper.gif\"><img loading=\"lazy\" decoding=\"async\" src=\"http:\/\/imediata.org\/wp-content\/uploads\/2012\/10\/greece-ballot-paper.gif\" alt=\"\" title=\"greece-ballot-paper\" width=\"590\" height=\"428\" class=\"alignright size-full wp-image-2880\" srcset=\"https:\/\/imediata.org\/wp-content\/uploads\/2012\/10\/greece-ballot-paper.gif 590w, https:\/\/imediata.org\/wp-content\/uploads\/2012\/10\/greece-ballot-paper-300x217.gif 300w\" sizes=\"auto, (max-width: 590px) 100vw, 590px\" \/><\/a><br \/>\nLatuff<br \/>\n<\/br><\/p>\n<p><strong>E PORTUGAL, COMO SE EST\u00c1 PREPARANDO PARA RECEBER NOSSA SENHORA DA AUSTERIDADE?<\/strong><br \/>\n<\/br><br \/>\n<a href=\"http:\/\/imediata.org\/wp-content\/uploads\/2012\/10\/1-2.jpg\"><img loading=\"lazy\" decoding=\"async\" src=\"http:\/\/imediata.org\/wp-content\/uploads\/2012\/10\/1-2.jpg\" alt=\"\" title=\"1-2\" width=\"300\" height=\"300\" class=\"alignright size-full wp-image-2881\" srcset=\"https:\/\/imediata.org\/wp-content\/uploads\/2012\/10\/1-2.jpg 300w, https:\/\/imediata.org\/wp-content\/uploads\/2012\/10\/1-2-150x150.jpg 150w\" sizes=\"auto, (max-width: 300px) 100vw, 300px\" \/><\/a><br \/>\n<\/br><br \/>\n<a href=\"http:\/\/imediata.org\/wp-content\/uploads\/2012\/10\/420954_457770127599117_512046970_n.jpg\"><img loading=\"lazy\" decoding=\"async\" src=\"http:\/\/imediata.org\/wp-content\/uploads\/2012\/10\/420954_457770127599117_512046970_n.jpg\" alt=\"\" title=\"420954_457770127599117_512046970_n\" width=\"300\" height=\"201\" class=\"alignright size-full wp-image-2882\" \/><\/a><br \/>\n<\/br><br \/>\n<a href=\"http:\/\/imediata.org\/wp-content\/uploads\/2012\/10\/13.jpg\"><img loading=\"lazy\" decoding=\"async\" src=\"http:\/\/imediata.org\/wp-content\/uploads\/2012\/10\/13.jpg\" alt=\"\" title=\"1\" width=\"600\" height=\"879\" class=\"alignright size-full wp-image-2883\" srcset=\"https:\/\/imediata.org\/wp-content\/uploads\/2012\/10\/13.jpg 600w, https:\/\/imediata.org\/wp-content\/uploads\/2012\/10\/13-204x300.jpg 204w\" sizes=\"auto, (max-width: 600px) 100vw, 600px\" \/><\/a><\/p>\n","protected":false},"excerpt":{"rendered":"<p>i-Slave &#038; imperialismo no DNA: \u201cAlemanha quer Zona Econ\u00f4mica Especial na Gr\u00e9cia com f\u00e1bricas em estilo chin\u00eas Por Debora Billi Fonte: crisis.blogosfere.it de 19\/10\/2012 Tradu\u00e7\u00e3o: Mario S. Mieli Foto &#8211; Photopin O horror se aproxima da Gr\u00e9cia: A Alemanha quer a Zona Econ\u00f4mica Especial: trabalho escravo. A favor das ind\u00fastrias e gerentes alem\u00e3es. Algu\u00e9m lembrar\u00e1 [&hellip;]<\/p>\n","protected":false},"author":1,"featured_media":0,"comment_status":"open","ping_status":"open","sticky":false,"template":"","format":"standard","meta":{"footnotes":""},"categories":[68,81,9],"tags":[1618,69,1622,1625,561,1620,1621,1488,95,1623,1624,1619],"class_list":["post-2877","post","type-post","status-publish","format-standard","hentry","category-dossie-queda-da-rua-do-muro","category-imediartivismo","category-lance-de-dados","tag-alemanha","tag-crise-financeira","tag-destino-manifesto","tag-estupro-financeiro","tag-grecia","tag-i-slave","tag-imperialismo-no-dna","tag-latuff","tag-mario-s-mieli","tag-portugal","tag-vamos-todos-manda-la-a-merkel","tag-zonas-economicas-especiais"],"_links":{"self":[{"href":"https:\/\/imediata.org\/index.php?rest_route=\/wp\/v2\/posts\/2877","targetHints":{"allow":["GET"]}}],"collection":[{"href":"https:\/\/imediata.org\/index.php?rest_route=\/wp\/v2\/posts"}],"about":[{"href":"https:\/\/imediata.org\/index.php?rest_route=\/wp\/v2\/types\/post"}],"author":[{"embeddable":true,"href":"https:\/\/imediata.org\/index.php?rest_route=\/wp\/v2\/users\/1"}],"replies":[{"embeddable":true,"href":"https:\/\/imediata.org\/index.php?rest_route=%2Fwp%2Fv2%2Fcomments&post=2877"}],"version-history":[{"count":4,"href":"https:\/\/imediata.org\/index.php?rest_route=\/wp\/v2\/posts\/2877\/revisions"}],"predecessor-version":[{"id":2887,"href":"https:\/\/imediata.org\/index.php?rest_route=\/wp\/v2\/posts\/2877\/revisions\/2887"}],"wp:attachment":[{"href":"https:\/\/imediata.org\/index.php?rest_route=%2Fwp%2Fv2%2Fmedia&parent=2877"}],"wp:term":[{"taxonomy":"category","embeddable":true,"href":"https:\/\/imediata.org\/index.php?rest_route=%2Fwp%2Fv2%2Fcategories&post=2877"},{"taxonomy":"post_tag","embeddable":true,"href":"https:\/\/imediata.org\/index.php?rest_route=%2Fwp%2Fv2%2Ftags&post=2877"}],"curies":[{"name":"wp","href":"https:\/\/api.w.org\/{rel}","templated":true}]}}