{"id":2825,"date":"2012-10-16T00:48:14","date_gmt":"2012-10-16T00:48:14","guid":{"rendered":"http:\/\/imediata.org\/?p=2825"},"modified":"2012-10-20T05:20:57","modified_gmt":"2012-10-20T05:20:57","slug":"as-silhuetas-da-fome-em-paris","status":"publish","type":"post","link":"https:\/\/imediata.org\/?p=2825","title":{"rendered":">> As silhuetas da fome em Paris"},"content":{"rendered":"<p><\/br><br \/>\nAs silhuetas da fome em Paris<br \/>\n<\/br><br \/>\n<strong>Instala\u00e7\u00e3o-campanha-choque contra a fome, Promovida pela ONG \u201cAction contre la faim\u201d para denunciar os milhares de pessoas que morrem de fome no mundo, todos os dias,. A instala\u00e7\u00e3o consiste de  uma \u201ccena do crime\u201d composta de 10 mil silhuetas brancas representando essas v\u00edtimas da malnutri\u00e7\u00e3o, em grande parte causadas pela especula\u00e7\u00e3o, pela usura, pelo imperial-colonial-liberalismo e pelo o descaso.<br \/>\nA instala\u00e7\u00e3o foi montada na famosa Place Saint Sulpice em Paris.<br \/>\n<\/br><\/p>\n<p>10 000 silhouettes au sol pour les 10 000 enfants et femmes&#8230; Le meurtrier court toujours&#8230;<\/strong><br \/>\n<iframe loading=\"lazy\" title=\"Le meurtrier court toujours...\" width=\"640\" height=\"360\" src=\"https:\/\/www.youtube.com\/embed\/HYi5M-pQs5A?feature=oembed\" frameborder=\"0\" allow=\"accelerometer; autoplay; clipboard-write; encrypted-media; gyroscope; picture-in-picture; web-share\" referrerpolicy=\"strict-origin-when-cross-origin\" allowfullscreen><\/iframe><\/p>\n","protected":false},"excerpt":{"rendered":"<p>As silhuetas da fome em Paris Instala\u00e7\u00e3o-campanha-choque contra a fome, Promovida pela ONG \u201cAction contre la faim\u201d para denunciar os milhares de pessoas que morrem de fome no mundo, todos os dias,. A instala\u00e7\u00e3o consiste de uma \u201ccena do crime\u201d composta de 10 mil silhuetas brancas representando essas v\u00edtimas da malnutri\u00e7\u00e3o, em grande parte causadas [&hellip;]<\/p>\n","protected":false},"author":1,"featured_media":0,"comment_status":"open","ping_status":"open","sticky":false,"template":"","format":"standard","meta":{"footnotes":""},"categories":[8,81,11],"tags":[1586,1588,968,1587,1585],"class_list":["post-2825","post","type-post","status-publish","format-standard","hentry","category-anarcom","category-imediartivismo","category-sambaqui","tag-action-contre-la-faim","tag-fome-no-mundo","tag-paris","tag-place-saint-sulpice","tag-silhuetas-da-fome-em-paris"],"_links":{"self":[{"href":"https:\/\/imediata.org\/index.php?rest_route=\/wp\/v2\/posts\/2825","targetHints":{"allow":["GET"]}}],"collection":[{"href":"https:\/\/imediata.org\/index.php?rest_route=\/wp\/v2\/posts"}],"about":[{"href":"https:\/\/imediata.org\/index.php?rest_route=\/wp\/v2\/types\/post"}],"author":[{"embeddable":true,"href":"https:\/\/imediata.org\/index.php?rest_route=\/wp\/v2\/users\/1"}],"replies":[{"embeddable":true,"href":"https:\/\/imediata.org\/index.php?rest_route=%2Fwp%2Fv2%2Fcomments&post=2825"}],"version-history":[{"count":2,"href":"https:\/\/imediata.org\/index.php?rest_route=\/wp\/v2\/posts\/2825\/revisions"}],"predecessor-version":[{"id":2873,"href":"https:\/\/imediata.org\/index.php?rest_route=\/wp\/v2\/posts\/2825\/revisions\/2873"}],"wp:attachment":[{"href":"https:\/\/imediata.org\/index.php?rest_route=%2Fwp%2Fv2%2Fmedia&parent=2825"}],"wp:term":[{"taxonomy":"category","embeddable":true,"href":"https:\/\/imediata.org\/index.php?rest_route=%2Fwp%2Fv2%2Fcategories&post=2825"},{"taxonomy":"post_tag","embeddable":true,"href":"https:\/\/imediata.org\/index.php?rest_route=%2Fwp%2Fv2%2Ftags&post=2825"}],"curies":[{"name":"wp","href":"https:\/\/api.w.org\/{rel}","templated":true}]}}