{"id":2778,"date":"2012-10-12T15:24:48","date_gmt":"2012-10-12T15:24:48","guid":{"rendered":"http:\/\/imediata.org\/?p=2778"},"modified":"2012-10-12T15:24:48","modified_gmt":"2012-10-12T15:24:48","slug":"e-o-premio-ignobel-da-paz-vai-para-a-uniao-europeia-otan-agradece-comovida","status":"publish","type":"post","link":"https:\/\/imediata.org\/?p=2778","title":{"rendered":">> E o pr\u00eamio IG(Nobel) da Paz(?)&#8230; Vai para a Uni\u00e3o Europeia!!! (Otan agradece comovida)"},"content":{"rendered":"<p><\/br><br \/>\nE o pr\u00eamio IG(Nobel) da Paz(?)&#8230; Vai para a Uni\u00e3o Europeia!!! (Otan agradece comovida)<br \/>\n<\/br><a href=\"http:\/\/imediata.org\/wp-content\/uploads\/2012\/10\/photo_verybig_8013.jpg\"><img loading=\"lazy\" decoding=\"async\" src=\"http:\/\/imediata.org\/wp-content\/uploads\/2012\/10\/photo_verybig_8013.jpg\" alt=\"\" title=\"photo_verybig_8013\" width=\"500\" height=\"431\" class=\"alignright size-full wp-image-2779\" srcset=\"https:\/\/imediata.org\/wp-content\/uploads\/2012\/10\/photo_verybig_8013.jpg 500w, https:\/\/imediata.org\/wp-content\/uploads\/2012\/10\/photo_verybig_8013-300x258.jpg 300w\" sizes=\"auto, (max-width: 500px) 100vw, 500px\" \/><\/a><br \/>\n<strong>Esta, por acaso, \u00e9 Bilbao, na Espanha, em 11 de outubro de 2012, mas poderia ser qualquer cidade de qualquer pa\u00eds dessa &#8220;Uni\u00e3o&#8221; desvirtuada.<br \/>\n<\/br><\/p>\n<p>Sin\u00f4nimos de ign\u00f3bil segundo o <a href=\"http:\/\/www.dicionarioinformal.com.br\/ign\u00f3bil\/\">dicion\u00e1rio informal<\/a>:<br \/>\nNOTA: os sin\u00f4nimos abaixo n\u00e3o se referem aos povos que habitam no continente, mas ao sequestro dos mesmos pelos mesmos oligarcas, monarcas, plutocratas, banksters, abjetos de sempre. Vergonha, Noruega, pela en\u00e9sima vez!<br \/>\n<\/br><br \/>\nvil vulgar ego\u00edsta abjeto asqueroso desprez\u00edvel imundo nauseabundo nojento repelente sujo s\u00f3rdido torpe baixo infame asqueiroso ign\u00f3bil miser\u00e1vel ascoroso hediondo indigno sujonojento barato chulo corriqueiro inferior \u00ednfimo inomin\u00e1vel mesquinho pequeno plebeu reles servil soez tamancudo terrulento canalha biltre cachorro c\u00e3o choldra c\u00ednico corja cr\u00e1pula desbriado gentalha meliante ordin\u00e1rio patife plebe pulha ral\u00e9 sacripanta safardana aviltante lacaio negregado obn\u00f3xio odioso p\u00edfio vergonhoso indecente bandalho desavergonhado desonesto feio imoral inconveniente indecoroso obsceno crapuloso degenerado inqualific\u00e1vel perdido sulcar traste vil\u00e3o difamado ignominioso refece monstruoso repugnante repulsivo revoltante avaro churdo esqu\u00e1lido impuro marrano moncoso porco afrontoso escandaloso oprobrioso pudendo pudibundo t\u00edmido humilde m\u00edsero nefando rasteiro calhorda f\u00fafio desprez\u00e1vel contempt\u00edvel somenos desclassificado ananicado \u00e0-toa insignificante burro idiota imbecil<\/strong><\/p>\n","protected":false},"excerpt":{"rendered":"<p>E o pr\u00eamio IG(Nobel) da Paz(?)&#8230; Vai para a Uni\u00e3o Europeia!!! (Otan agradece comovida) Esta, por acaso, \u00e9 Bilbao, na Espanha, em 11 de outubro de 2012, mas poderia ser qualquer cidade de qualquer pa\u00eds dessa &#8220;Uni\u00e3o&#8221; desvirtuada. Sin\u00f4nimos de ign\u00f3bil segundo o dicion\u00e1rio informal: NOTA: os sin\u00f4nimos abaixo n\u00e3o se referem aos povos que [&hellip;]<\/p>\n","protected":false},"author":1,"featured_media":0,"comment_status":"open","ping_status":"open","sticky":false,"template":"","format":"standard","meta":{"footnotes":""},"categories":[4,9],"tags":[1566,1564,1565,1567],"class_list":["post-2778","post","type-post","status-publish","format-standard","hentry","category-al-manakh","category-lance-de-dados","tag-noruega","tag-premio-ignobil-da-paz","tag-premio-nobel-da-paz-2012","tag-uniao-europeia"],"_links":{"self":[{"href":"https:\/\/imediata.org\/index.php?rest_route=\/wp\/v2\/posts\/2778","targetHints":{"allow":["GET"]}}],"collection":[{"href":"https:\/\/imediata.org\/index.php?rest_route=\/wp\/v2\/posts"}],"about":[{"href":"https:\/\/imediata.org\/index.php?rest_route=\/wp\/v2\/types\/post"}],"author":[{"embeddable":true,"href":"https:\/\/imediata.org\/index.php?rest_route=\/wp\/v2\/users\/1"}],"replies":[{"embeddable":true,"href":"https:\/\/imediata.org\/index.php?rest_route=%2Fwp%2Fv2%2Fcomments&post=2778"}],"version-history":[{"count":1,"href":"https:\/\/imediata.org\/index.php?rest_route=\/wp\/v2\/posts\/2778\/revisions"}],"predecessor-version":[{"id":2780,"href":"https:\/\/imediata.org\/index.php?rest_route=\/wp\/v2\/posts\/2778\/revisions\/2780"}],"wp:attachment":[{"href":"https:\/\/imediata.org\/index.php?rest_route=%2Fwp%2Fv2%2Fmedia&parent=2778"}],"wp:term":[{"taxonomy":"category","embeddable":true,"href":"https:\/\/imediata.org\/index.php?rest_route=%2Fwp%2Fv2%2Fcategories&post=2778"},{"taxonomy":"post_tag","embeddable":true,"href":"https:\/\/imediata.org\/index.php?rest_route=%2Fwp%2Fv2%2Ftags&post=2778"}],"curies":[{"name":"wp","href":"https:\/\/api.w.org\/{rel}","templated":true}]}}