{"id":2729,"date":"2012-10-05T19:09:10","date_gmt":"2012-10-05T19:09:10","guid":{"rendered":"http:\/\/imediata.org\/?p=2729"},"modified":"2012-10-05T19:13:45","modified_gmt":"2012-10-05T19:13:45","slug":"sala-de-espera-34-%e2%80%93-proezas-repressivas-de-um-governo-%e2%80%9ctecnico%e2%80%9d-contra-estudantes-e-proibido-reclamar-italia-hoje-5102012","status":"publish","type":"post","link":"https:\/\/imediata.org\/?p=2729","title":{"rendered":">> Sala de Espera 34 \u2013 Proezas repressivas de um governo \u201ct\u00e9cnico\u201d contra estudantes &#8211; \u00c9 proibido reclamar!  &#8211; It\u00e1lia hoje 5\/10\/2012"},"content":{"rendered":"<p><\/br><br \/>\nSala de Espera 34 \u2013 Proezas repressivas de um governo \u201ct\u00e9cnico\u201d contra estudantes &#8211; \u00c9 proibido reclamar!  &#8211; It\u00e1lia hoje 5\/10\/2012<br \/>\n<\/br><br \/>\n<a href=\"http:\/\/imediata.org\/wp-content\/uploads\/2012\/10\/monti-ratzinger-gattopardo.jpg\"><img loading=\"lazy\" decoding=\"async\" src=\"http:\/\/imediata.org\/wp-content\/uploads\/2012\/10\/monti-ratzinger-gattopardo.jpg\" alt=\"\" title=\"monti-ratzinger-gattopardo\" width=\"150\" height=\"120\" class=\"alignright size-full wp-image-2731\" \/><\/a><br \/>\n<strong>Ratzinger e Mario Monti<\/strong><br \/>\n<\/br><br \/>\n<strong>It\u00e1lia &#8211; repress\u00e3o policial contra manifesta\u00e7\u00e3o estudantil<\/strong><br \/>\n<a href=\"http:\/\/imediata.org\/wp-content\/uploads\/2012\/10\/students-clash-riot-police.jpg\"><img loading=\"lazy\" decoding=\"async\" src=\"http:\/\/imediata.org\/wp-content\/uploads\/2012\/10\/students-clash-riot-police.jpg\" alt=\"\" title=\"students-clash-riot-police\" width=\"640\" height=\"505\" class=\"alignright size-full wp-image-2730\" srcset=\"https:\/\/imediata.org\/wp-content\/uploads\/2012\/10\/students-clash-riot-police.jpg 640w, https:\/\/imediata.org\/wp-content\/uploads\/2012\/10\/students-clash-riot-police-300x236.jpg 300w\" sizes=\"auto, (max-width: 640px) 100vw, 640px\" \/><\/a><br \/>\n<\/br><br \/>\n<a href=\"http:\/\/imediata.org\/wp-content\/uploads\/2012\/10\/monti-papa.jpg\"><img loading=\"lazy\" decoding=\"async\" src=\"http:\/\/imediata.org\/wp-content\/uploads\/2012\/10\/monti-papa.jpg\" alt=\"\" title=\"monti-papa\" width=\"150\" height=\"120\" class=\"alignright size-full wp-image-2732\" \/><\/a><br \/>\n<\/br><br \/>\n<strong>Roma &#8211; repress\u00e3o policial contra manifesta\u00e7\u00e3o estudantil<\/strong><br \/>\n<object width=\"370\" height=\"277\"><param name=\"movie\" value=\"http:\/\/rt.com\/s\/swf\/player5.4.swf?file=http:\/\/rt.com\/files\/news\/italy-protest-student-clashes-748\/ieddc4204aa551d06b0585128a0ce6be4_student-slashes-in-rome-and-milan.dv.flv&#038;image=http:\/\/rt.com\/files\/news\/italy-protest-student-clashes-748\/downtown-students-police-austerity.n.jpg&#038;skin=http:\/\/rt.com\/s\/css\/player_skin.zip&#038;provider=http&#038;abouttext=Russia%20Today&#038;aboutlink=http:\/\/rt.com&#038;autostart=false\"><\/param><embed src=\"http:\/\/rt.com\/s\/swf\/player5.4.swf?file=http:\/\/rt.com\/files\/news\/italy-protest-student-clashes-748\/ieddc4204aa551d06b0585128a0ce6be4_student-slashes-in-rome-and-milan.dv.flv&#038;image=http:\/\/rt.com\/files\/news\/italy-protest-student-clashes-748\/downtown-students-police-austerity.n.jpg&#038;skin=http:\/\/rt.com\/s\/css\/player_skin.zip&#038;provider=http&#038;abouttext=Russia%20Today&#038;aboutlink=http:\/\/rt.com&#038;autostart=false\" type=\"application\/x-shockwave-flash\" allowfullscreen=\"true\" width=\"370\" height=\"277\" \/><\/object><br \/>\n<\/br><br \/>\n<strong>Turim &#8211; repress\u00e3o policial contra manifesta\u00e7\u00e3o estudantil<\/strong><br \/>\n<iframe loading=\"lazy\" title=\"Torino, alla manifestazione degli studenti scontri con la polizia\" width=\"640\" height=\"360\" src=\"https:\/\/www.youtube.com\/embed\/m5zZmkhJDcc?feature=oembed\" frameborder=\"0\" allow=\"accelerometer; autoplay; clipboard-write; encrypted-media; gyroscope; picture-in-picture; web-share\" referrerpolicy=\"strict-origin-when-cross-origin\" allowfullscreen><\/iframe><\/p>\n","protected":false},"excerpt":{"rendered":"<p>Sala de Espera 34 \u2013 Proezas repressivas de um governo \u201ct\u00e9cnico\u201d contra estudantes &#8211; \u00c9 proibido reclamar! &#8211; It\u00e1lia hoje 5\/10\/2012 Ratzinger e Mario Monti It\u00e1lia &#8211; repress\u00e3o policial contra manifesta\u00e7\u00e3o estudantil Roma &#8211; repress\u00e3o policial contra manifesta\u00e7\u00e3o estudantil Turim &#8211; repress\u00e3o policial contra manifesta\u00e7\u00e3o estudantil<\/p>\n","protected":false},"author":1,"featured_media":0,"comment_status":"open","ping_status":"open","sticky":false,"template":"","format":"standard","meta":{"footnotes":""},"categories":[8,68,9,100],"tags":[1545,490,413,1546],"class_list":["post-2729","post","type-post","status-publish","format-standard","hentry","category-anarcom","category-dossie-queda-da-rua-do-muro","category-lance-de-dados","category-sala-de-espera","tag-estudantes-italianos-manifestam-se-em-5102012","tag-italia","tag-mario-monti","tag-ratzinger"],"_links":{"self":[{"href":"https:\/\/imediata.org\/index.php?rest_route=\/wp\/v2\/posts\/2729","targetHints":{"allow":["GET"]}}],"collection":[{"href":"https:\/\/imediata.org\/index.php?rest_route=\/wp\/v2\/posts"}],"about":[{"href":"https:\/\/imediata.org\/index.php?rest_route=\/wp\/v2\/types\/post"}],"author":[{"embeddable":true,"href":"https:\/\/imediata.org\/index.php?rest_route=\/wp\/v2\/users\/1"}],"replies":[{"embeddable":true,"href":"https:\/\/imediata.org\/index.php?rest_route=%2Fwp%2Fv2%2Fcomments&post=2729"}],"version-history":[{"count":2,"href":"https:\/\/imediata.org\/index.php?rest_route=\/wp\/v2\/posts\/2729\/revisions"}],"predecessor-version":[{"id":2734,"href":"https:\/\/imediata.org\/index.php?rest_route=\/wp\/v2\/posts\/2729\/revisions\/2734"}],"wp:attachment":[{"href":"https:\/\/imediata.org\/index.php?rest_route=%2Fwp%2Fv2%2Fmedia&parent=2729"}],"wp:term":[{"taxonomy":"category","embeddable":true,"href":"https:\/\/imediata.org\/index.php?rest_route=%2Fwp%2Fv2%2Fcategories&post=2729"},{"taxonomy":"post_tag","embeddable":true,"href":"https:\/\/imediata.org\/index.php?rest_route=%2Fwp%2Fv2%2Ftags&post=2729"}],"curies":[{"name":"wp","href":"https:\/\/api.w.org\/{rel}","templated":true}]}}