{"id":2726,"date":"2012-10-03T14:07:31","date_gmt":"2012-10-03T14:07:31","guid":{"rendered":"http:\/\/imediata.org\/?p=2726"},"modified":"2012-10-03T14:07:31","modified_gmt":"2012-10-03T14:07:31","slug":"corredores-de-um-despasseio-por-mario-s-mieli","status":"publish","type":"post","link":"https:\/\/imediata.org\/?p=2726","title":{"rendered":">> Corredores de um despasseio, por Mario S. Mieli"},"content":{"rendered":"<p><strong><\/br><br \/>\nCorredores de um despasseio<br \/>\n<\/br><br \/>\nPor Mario S. Mieli<br \/>\n2 de outubro de 2012<br \/>\n<\/br><br \/>\n<\/strong><br \/>\n<a href=\"http:\/\/imediata.org\/wp-content\/uploads\/2012\/10\/18578608248660_image087.jpg\"><img loading=\"lazy\" decoding=\"async\" src=\"http:\/\/imediata.org\/wp-content\/uploads\/2012\/10\/18578608248660_image087.jpg\" alt=\"\" title=\"18578608248660_image087\" width=\"600\" height=\"448\" class=\"alignright size-full wp-image-2727\" srcset=\"https:\/\/imediata.org\/wp-content\/uploads\/2012\/10\/18578608248660_image087.jpg 600w, https:\/\/imediata.org\/wp-content\/uploads\/2012\/10\/18578608248660_image087-300x224.jpg 300w\" sizes=\"auto, (max-width: 600px) 100vw, 600px\" \/><\/a><br \/>\nImagem colhida <a href=\"http:\/\/au-bout-de-la-route.blogspot.com.br\/2012\/09\/lautoproduction-hors-marche.html\">aqui<\/a><\/p>\n<p><strong><\/br><br \/>\nPor que vim?<br \/>\nPor que vou?<br \/>\n\u2013 ouvi que se perguntavam mudos e inconscientes<br \/>\n<\/br><\/p>\n<p>Que h\u00e1 aqui?<br \/>\nQue h\u00e1 l\u00e1?<br \/>\n\u2013 percebi que perscrutavam as alas desmotivados e distra\u00eddos<br \/>\n<\/br><\/p>\n<p>Para abafar que medo compro?<br \/>\nPara mentir qual necessidade carrego?<br \/>\n\u2013 li em suas mentes turvas e entorpecidas por tantos ecos de bl\u00e1-bl\u00e1-bl\u00e1<br \/>\n<\/br><br \/>\nPor que corredores despasseio?<br \/>\n\u2013 pensavam isso, todos e cada um, com compulsiva pressa e pretenso enfado, embora desejassem indizivelmente que desabassem firmamento e teto e despencasse o mundo com todas as suas prateleiras de produtos enfileirados e codificados em suas cabe\u00e7as ocas e inoperantes formando intermin\u00e1veis filas<br \/>\n<\/br><br \/>\nSer\u00e1s tu<br \/>\n<\/br><\/p>\n<p>O super-m<strong>A<\/strong>rcado<br \/>\n<\/br><\/p>\n<p>solid\u00e3o asfixiante e engradada<br \/>\nrotineiramente empilhada junto a tantas outras<br \/>\nengendradas \u00e0 espera de um pronto-anti-socorro<br \/>\nque \u00e9 a voracidade de algu\u00e9m manipulado para acreditar<\/p>\n<p><\/br><\/p>\n<p>fundo<br \/>\n<\/br><\/p>\n<p>ou desacreditar levianamente<br \/>\n<\/br><\/p>\n<p>num frustrar-se, hipn\u00f3tico,<br \/>\ncom mais esse enlatado<br \/>\n<\/br><\/p>\n<p>que sou<br \/>\n<\/br><\/p>\n<p>Cru e cruel<br \/>\nPreservado em meu poder de contamina\u00e7\u00e3o<br \/>\nDesesperado, por\u00e9m, razoavelmente almejado<br \/>\nPronto para ser passado pelo caixa<br \/>\nE, \u00e0 minha revelia,<br \/>\nter meu pre\u00e7o consultado, identificado, revelado e registrado por<br \/>\n<\/br><\/p>\n<p>algum leitor<br \/>\n<\/br><\/p>\n<p>Meu c\u00f3digo de barras me trai e me despede desvalorizado do recinto<br \/>\nIndiferente<br \/>\n<\/br><\/p>\n<p>Desejo [de abundante abandono ou aniquila\u00e7\u00e3o] indeferido<br \/>\n<\/br><\/p>\n<p>Perco-me como item na lista de uma \u00ednfima nota fiscal<br \/>\nde cujo total se desconta<br \/>\nvulneravelmente ressuscitante<br \/>\nalgum obscuro vest\u00edgio de troca<br \/>\nalguma remota ideia de um poss\u00edvel despertar<br \/>\n<\/br><\/p>\n<p>me carregar\u00e1s para a tua despensa<br \/>\nonde n\u00e3o ser\u00e1 dif\u00edcil me enferrujar<br \/>\ne oxidar teu est\u00fapido anseio de guardar, de ser previdente, de sobreviv\u00eancia.<br \/>\n<\/br><\/p>\n<p>Continuarei sendo<br \/>\npara mim e para ti<br \/>\no precioso n\u00e3o-produto<br \/>\nque deteriora junto ao pr\u00f3prio inv\u00f3lucro<br \/>\ne te danifica<br \/>\ne tamb\u00e9m<br \/>\na perene e viva lembran\u00e7a de<br \/>\num desencanto,<br \/>\num sempre aqu\u00e9m do al\u00e9m,<br \/>\num quem sabe algum dia,<br \/>\nnada mais que um frugal e quase despercebido<br \/>\nvolume<br \/>\nde cumulativa incomunicabilidade.<br \/>\n<\/strong><\/p>\n","protected":false},"excerpt":{"rendered":"<p>Corredores de um despasseio Por Mario S. Mieli 2 de outubro de 2012 Imagem colhida aqui Por que vim? Por que vou? \u2013 ouvi que se perguntavam mudos e inconscientes Que h\u00e1 aqui? Que h\u00e1 l\u00e1? \u2013 percebi que perscrutavam as alas desmotivados e distra\u00eddos Para abafar que medo compro? Para mentir qual necessidade carrego? [&hellip;]<\/p>\n","protected":false},"author":1,"featured_media":0,"comment_status":"open","ping_status":"open","sticky":false,"template":"","format":"standard","meta":{"footnotes":""},"categories":[11],"tags":[1543,146,1541,1398,95,1544,1542],"class_list":["post-2726","post","type-post","status-publish","format-standard","hentry","category-sambaqui","tag-comprar-como-compulsao","tag-consumismo","tag-corredores-de-um-despasseio","tag-incomunicabilidade","tag-mario-s-mieli","tag-redundancia-publicitaria","tag-supermercado"],"_links":{"self":[{"href":"https:\/\/imediata.org\/index.php?rest_route=\/wp\/v2\/posts\/2726","targetHints":{"allow":["GET"]}}],"collection":[{"href":"https:\/\/imediata.org\/index.php?rest_route=\/wp\/v2\/posts"}],"about":[{"href":"https:\/\/imediata.org\/index.php?rest_route=\/wp\/v2\/types\/post"}],"author":[{"embeddable":true,"href":"https:\/\/imediata.org\/index.php?rest_route=\/wp\/v2\/users\/1"}],"replies":[{"embeddable":true,"href":"https:\/\/imediata.org\/index.php?rest_route=%2Fwp%2Fv2%2Fcomments&post=2726"}],"version-history":[{"count":1,"href":"https:\/\/imediata.org\/index.php?rest_route=\/wp\/v2\/posts\/2726\/revisions"}],"predecessor-version":[{"id":2728,"href":"https:\/\/imediata.org\/index.php?rest_route=\/wp\/v2\/posts\/2726\/revisions\/2728"}],"wp:attachment":[{"href":"https:\/\/imediata.org\/index.php?rest_route=%2Fwp%2Fv2%2Fmedia&parent=2726"}],"wp:term":[{"taxonomy":"category","embeddable":true,"href":"https:\/\/imediata.org\/index.php?rest_route=%2Fwp%2Fv2%2Fcategories&post=2726"},{"taxonomy":"post_tag","embeddable":true,"href":"https:\/\/imediata.org\/index.php?rest_route=%2Fwp%2Fv2%2Ftags&post=2726"}],"curies":[{"name":"wp","href":"https:\/\/api.w.org\/{rel}","templated":true}]}}