{"id":2712,"date":"2012-09-29T18:36:57","date_gmt":"2012-09-29T18:36:57","guid":{"rendered":"http:\/\/imediata.org\/?p=2712"},"modified":"2012-09-29T18:40:40","modified_gmt":"2012-09-29T18:40:40","slug":"virado-a-paulista-ii-%e2%80%93-marilena-chaui-analisando-candidatos-a-prefeito-tipica-%e2%80%9creacao%e2%80%9d-de-um-%e2%80%9creaca%e2%80%9d-a-pergunta-de-jornalista-%e2%80%9cnada-acontece-no-meu","status":"publish","type":"post","link":"https:\/\/imediata.org\/?p=2712","title":{"rendered":">> Virado \u00e0 Paulista II \u2013 Marilena Chau\u00ed analisando candidatos a prefeito, t\u00edpica \u201crea\u00e7\u00e3o\u201d de um \u201crea\u00e7a\u201d a pergunta de jornalista e \u201cNada acontece no meu cora\u00e7\u00e3o\u201d, por Raul Longo"},"content":{"rendered":"<p><\/br><br \/>\n<strong>Virado \u00e0 Paulista II \u2013 Marilena Chau\u00ed analisando candidatos a prefeito, t\u00edpica \u201crea\u00e7\u00e3o\u201d de um \u201crea\u00e7a\u201d a pergunta de jornalista e \u201cNada acontece no meu cora\u00e7\u00e3o\u201d por Raul Longo<br \/>\n<\/br><br \/>\nElei\u00e7\u00e3o Municipal em S\u00e3o Paulo &#8211; Marilena Chau\u00ed analisa candidatos \u00e0 prefeito<\/strong><br \/>\n<iframe loading=\"lazy\" title=\"Elei\u00e7\u00e3o Municipal em S\u00e3o Paulo - Marilena Chau\u00ed analisa candidatos \u00e0 prefeito\" width=\"640\" height=\"360\" src=\"https:\/\/www.youtube.com\/embed\/yxEK61kLceM?feature=oembed\" frameborder=\"0\" allow=\"accelerometer; autoplay; clipboard-write; encrypted-media; gyroscope; picture-in-picture; web-share\" referrerpolicy=\"strict-origin-when-cross-origin\" allowfullscreen><\/iframe><br \/>\n<\/br><br \/>\n<strong>Jos\u00e9 Serra chama rep\u00f3rter de vagabundo<\/strong><br \/>\n<strong>Via<\/strong> <a href=\"http:\/\/boilerdo.blogspot.com.br\/2012\/09\/jose-serra-chama-reporter-de-vagabundo.html\">boilerdo<\/a><br \/>\n<\/br><br \/>\n<iframe loading=\"lazy\" width=\"445\" height=\"270\" frameborder=\"0\" marginheight=\"0\" marginwidth=\"0\" scrolling=\"no\" src=\"http:\/\/videos.r7.com\/r7\/service\/video\/playervideo.html?idMedia=50660d3eb61ccce5ad75da7c&#038;idCategory=245&#038;embedded=true\"><\/iframe><\/p>\n<p><\/br><\/p>\n<p><strong>Nada acontece no meu cora\u00e7\u00e3o<\/strong><br \/>\n<strong>Por: Raul Longo<br \/>\nFonte:<\/strong> <a href=\"http:\/\/redecastorphoto.blogspot.com.br\/2012\/09\/nada-acontece-no-meu-coracao.html\">redecastorphoto<\/a><\/p>\n<p><\/br><\/p>\n<p><strong>\u201cN\u00e3o sou obrigado a apresent\u00e1-lo&#8230;\u201d<\/strong><br \/>\nCelso Russomanno, candidato \u00e0 Prefeito da Capital do Estado de S\u00e3o Paulo, referindo-se ao seu plano administrativo.<br \/>\n<\/br><br \/>\nNa verdade, n\u00e3o \u00e9 de hoje que nada acontece no meu cora\u00e7\u00e3o a respeito da cidade de S\u00e3o Paulo.<br \/>\n<\/br><\/p>\n<p>J\u00e1 h\u00e1 umas duas d\u00e9cadas a polui\u00e7\u00e3o daquela capital me provocou um escarro em plena Ipiranga com S\u00e3o Jo\u00e3o, justo no pico do hor\u00e1rio de rush. Ao contr\u00e1rio de Augusto dos Anjos, senti-me sem um \u00fanico abismo para filosofar sobre a queda daquela secre\u00e7\u00e3o. Acuado por tantos p\u00e9s c\u00e9leres a atravessar a esquina, segui at\u00e9 \u00e0 Avenida Consola\u00e7\u00e3o onde, enfim, encontrei um canteiro para me livrar do horr\u00edvel gosto de fuligem.<br \/>\n<\/br><\/p>\n<p>Fui em frente considerando a impossibilidade de voltar a viver numa cidade onde a sucess\u00e3o de representantes dos interesses capitalistas, por puro descaso e desleixo amontoam as pessoas em t\u00e3o densa concentra\u00e7\u00e3o.<br \/>\n<\/br><\/p>\n<p>Terceira ou segunda maior cidade do mundo, S\u00e3o Paulo \u00e9 o mais acabado exemplo da aus\u00eancia de humanismo do sistema pol\u00edtico\/econ\u00f4mico em vertiginosa evolu\u00e7\u00e3o desde os anos 50, quando ali fui educado pela fam\u00edlia e pelo Instituto de Educa\u00e7\u00e3o Caetano de Campos.<br \/>\n<\/br><br \/>\n<a href=\"http:\/\/imediata.org\/wp-content\/uploads\/2012\/09\/Caetano-de-Campos.jpeg\"><img loading=\"lazy\" decoding=\"async\" src=\"http:\/\/imediata.org\/wp-content\/uploads\/2012\/09\/Caetano-de-Campos.jpeg\" alt=\"\" title=\"Caetano de Campos\" width=\"284\" height=\"178\" class=\"alignright size-full wp-image-2713\" \/><\/a><br \/>\nCol\u00e9gio Caetano de Campos, Pra\u00e7a da Rep\u00fablica &#8211; SP<br \/>\n<\/br><br \/>\nA fam\u00edlia me ensinava a ser cordial com os mais velhos e \u00e0s mulheres, proceder civilizadamente com todas as pessoas independente de g\u00eanero ou faixa et\u00e1ria. Por isso planejei a caminhada da S\u00e3o Jo\u00e3o \u00e0 Consola\u00e7\u00e3o, evitando cuspir nos p\u00e9s dos apressados transeuntes das 18 horas da Av. Ipiranga.<br \/>\n<\/br><\/p>\n<p>J\u00e1 o Caetano de Campos me ensinou outras coisas, entre elas a import\u00e2ncia hist\u00f3rica de S\u00e3o Paulo desde quando os Bandeirantes planejavam incurs\u00f5es pelos interiores, reunidos no ponto de partida l\u00e1 na antiga bica do Largo da Mem\u00f3ria. Os objetivos das Bandeiras eram dos mais deplor\u00e1veis: prear ind\u00edgenas e descobrir riquezas minerais a serem espoliadas pelos colonizadores. Mas no s\u00e9culo XIX, j\u00e1 com o nome de Largo do Piques, atraindo moradores pela \u00e1gua da nascente, o local testemunhou os moradores do ent\u00e3o pequeno vilarejo a planejar o cotidiano e viajantes a projetar o prosseguimento pelas longas trilhas ao sul, ao norte ou a oeste do pa\u00eds.<br \/>\n<\/br><\/p>\n<p>Ainda no come\u00e7o daquele mesmo s\u00e9culo se criou a Faculdade de Direito do Largo de S\u00e3o Francisco que junto com a de Olinda \u00e9 a mais antiga do Brasil e onde se planejou muitos dos principais versos da literatura rom\u00e2ntica brasileira, como os de Castro Alves. Em S\u00e3o Paulo, ali se planejou a aboli\u00e7\u00e3o da escravatura no pa\u00eds! A grande maioria das leis que hoje regulamentam a civilidade de toda a na\u00e7\u00e3o.<br \/>\n<\/br><br \/>\n<a href=\"http:\/\/imediata.org\/wp-content\/uploads\/2012\/09\/Bauru_do_Ponto_Chic.jpeg\"><img loading=\"lazy\" decoding=\"async\" src=\"http:\/\/imediata.org\/wp-content\/uploads\/2012\/09\/Bauru_do_Ponto_Chic.jpeg\" alt=\"\" title=\"Bauru_do_Ponto_Chic\" width=\"200\" height=\"88\" class=\"alignright size-full wp-image-2714\" \/><\/a><br \/>\nO verdadeiro Bauru do Ponto Chic<br \/>\n<\/br><br \/>\nAt\u00e9 o sandu\u00edche nacionalmente conhecido como \u201cBauru\u201d, foi planejado por um estudante das Arcadas de S\u00e3o Francisco. Era diferente do que hoje se serve, mas quem for ao Ponto Chic, l\u00e1 no Largo do Paissandu, poder\u00e1 conhecer a vers\u00e3o original projetada por Casimiro Pinto Neto, natural da interiorana cidade que deu nome ao indevido p\u00e3o com tomate, presunto e queijo. Projetado para se constituir em uma refei\u00e7\u00e3o, o verdadeiro bauru leva rosbife, queijo branco em peda\u00e7o grosso e dilatado no calor da chapa e, al\u00e9m do tomate, vem com rodelas de pepino.<br \/>\n<\/br><\/p>\n<p>As falsidades exportadas de S\u00e3o Paulo para o resto do pa\u00eds n\u00e3o se resumiram ao bauru. O mato-grossense J\u00e2nio Quadros, que renunciou aos 7 meses de presid\u00eancia, foi outro. Mas o Ponto Chic chegou a ser frequentado pelos que planejaram a promo\u00e7\u00e3o da real cultura brasileira: a Semana de Arte Moderna de 1922.<br \/>\n<\/br><\/p>\n<p>Gra\u00e7as \u00e0quele movimento o Brasil descobriu-se em Oswald e M\u00e1rio de Andrade, Villa-Lobos, Di Cavalcanti, Fl\u00e1vio de Carvalho e tantos outros.<br \/>\n<\/br><br \/>\n<a href=\"http:\/\/imediata.org\/wp-content\/uploads\/2012\/09\/Ponto-Chic.jpeg\"><img loading=\"lazy\" decoding=\"async\" src=\"http:\/\/imediata.org\/wp-content\/uploads\/2012\/09\/Ponto-Chic.jpeg\" alt=\"\" title=\"Ponto Chic\" width=\"147\" height=\"195\" class=\"alignright size-full wp-image-2715\" \/><\/a><br \/>\nPonto Chic<br \/>\n<\/br><\/p>\n<p>Nasci em S\u00e3o Paulo, mas s\u00f3 tomei consci\u00eancia da import\u00e2ncia da cidade nos anos 60. Apesar de um dos mais corruptos pol\u00edticos paulistas ter criado a Marcha de Deus com a Fam\u00edlia que apoiou o mais longo e triste per\u00edodo da hist\u00f3ria da rep\u00fablica, o da ditadura militar, naquele tempo planejava-se ali a resist\u00eancia \u00e0 opress\u00e3o do pa\u00eds. Fosse pela UNE de Dirceu e Travassos, fosse pela luta armada de Lamarca ou Marighela.<br \/>\n<\/br><\/p>\n<p>Mesmo depois de deixar a cidade nos 70, o meu cora\u00e7\u00e3o continuou batendo pela S\u00e3o Paulo que tamb\u00e9m resistia planejando muito do que melhor aconteceu no pa\u00eds na d\u00e9cada atrav\u00e9s de Gianfrancesco Guarnieri, Augusto Boal, Jos\u00e9 Martinez Correa, Pl\u00ednio Marcos e tantos outros do teatro, como os muitos dos festivais de m\u00fasica: Chico Buarque, Geraldo Vandr\u00e9, S\u00e9rgio Ricardo. E de todas as artes: Leny Dale, Wesley Duke Lee, Rog\u00e9rio Sganzerla.<br \/>\n<\/br><br \/>\n<a href=\"http:\/\/imediata.org\/wp-content\/uploads\/2012\/09\/esquina_av_ipiranga_x_av_saojoao.jpg\"><img loading=\"lazy\" decoding=\"async\" src=\"http:\/\/imediata.org\/wp-content\/uploads\/2012\/09\/esquina_av_ipiranga_x_av_saojoao.jpg\" alt=\"\" title=\"esquina_av_ipiranga_x_av_saojoao\" width=\"800\" height=\"497\" class=\"alignright size-full wp-image-2716\" srcset=\"https:\/\/imediata.org\/wp-content\/uploads\/2012\/09\/esquina_av_ipiranga_x_av_saojoao.jpg 800w, https:\/\/imediata.org\/wp-content\/uploads\/2012\/09\/esquina_av_ipiranga_x_av_saojoao-300x186.jpg 300w\" sizes=\"auto, (max-width: 800px) 100vw, 800px\" \/><\/a><br \/>\nEsquina da Av. S\u00e3o Jo\u00e3o com Av. Ipiranga (Centro na madrugada)<br \/>\n<\/br><\/p>\n<p>Foi em S\u00e3o Paulo que Caetano Veloso e Gilberto Gil, unidos aos Mutantes, Tom Z\u00e9, Torquato Neto, Capinam e o Maestro Rog\u00e9rio Duprat planejaram o Tropicalismo.<br \/>\n<\/br><\/p>\n<p>Tamb\u00e9m em S\u00e3o Paulo se planejou o lan\u00e7amento de fen\u00f4menos como Elis Regina e Milton Nascimento. Se algo batia no cora\u00e7\u00e3o do Brasil \u00e9 porque come\u00e7ara a pulsar em S\u00e3o Paulo.<br \/>\n<\/br><\/p>\n<p>Ainda no inicio dos anos 80, a cada vez que ia a S\u00e3o Paulo, um novo latejar, uma nova vertente: Itamar Assump\u00e7\u00e3o, Arrigo Barnab\u00e9 e tantos outros que planejaram o movimento dos artistas independentes.<br \/>\n<\/br><\/p>\n<p>Mas, ent\u00e3o, a cada retorno a cidade me parecia mais mofina em uma suntuosidade de pouco conte\u00fado e total falta de planejamento a soterrar o sorriso por seu humor de Adoniran Barbosa e o lamento por suas trag\u00e9dias cotidianas de um Paulo Vanzolini.<br \/>\n<\/br><br \/>\n<a href=\"http:\/\/imediata.org\/wp-content\/uploads\/2012\/09\/rua_direita_1954.jpg\"><img loading=\"lazy\" decoding=\"async\" src=\"http:\/\/imediata.org\/wp-content\/uploads\/2012\/09\/rua_direita_1954.jpg\" alt=\"\" title=\"rua_direita_1954\" width=\"300\" height=\"301\" class=\"alignright size-full wp-image-2717\" srcset=\"https:\/\/imediata.org\/wp-content\/uploads\/2012\/09\/rua_direita_1954.jpg 300w, https:\/\/imediata.org\/wp-content\/uploads\/2012\/09\/rua_direita_1954-150x150.jpg 150w, https:\/\/imediata.org\/wp-content\/uploads\/2012\/09\/rua_direita_1954-299x300.jpg 299w\" sizes=\"auto, (max-width: 300px) 100vw, 300px\" \/><\/a><br \/>\nRua Direita em 1954, final de tarde<br \/>\n<\/br><br \/>\nSofrendo decep\u00e7\u00f5es com a cidade onde nasci, cansei-me dela ao perceber que por pura falta de planejamento, falta de qualquer cuidado com as vidas humanas que a ocupam, tornou-se um lugar sem espa\u00e7o sequer para cuspir.<br \/>\n<\/br><\/p>\n<p>Muitos shoppings, grandes restaurantes, casas de espet\u00e1culos, templos de consumo, mas tudo t\u00e3o frio e artificial quanto \u00e0 sobrevida em uma UTI onde se esqueceu de planejar a recupera\u00e7\u00e3o dos pacientes. Pacientes mantidos por sensa\u00e7\u00e3o de vida, mas j\u00e1 sem reais emo\u00e7\u00f5es, sem real vontade, sem qualquer percep\u00e7\u00e3o e possibilidade de futuro, sem nenhum outro plano se n\u00e3o o de ir de l\u00e1 pra c\u00e1, correndo atr\u00e1s do que h\u00e1 muito perderam e j\u00e1 nem se recordam o que seja.<br \/>\n<\/br><br \/>\n<a href=\"http:\/\/imediata.org\/wp-content\/uploads\/2012\/09\/rua_direita_2009.jpg\"><img loading=\"lazy\" decoding=\"async\" src=\"http:\/\/imediata.org\/wp-content\/uploads\/2012\/09\/rua_direita_2009.jpg\" alt=\"\" title=\"rua_direita_2009\" width=\"300\" height=\"306\" class=\"alignright size-full wp-image-2718\" srcset=\"https:\/\/imediata.org\/wp-content\/uploads\/2012\/09\/rua_direita_2009.jpg 300w, https:\/\/imediata.org\/wp-content\/uploads\/2012\/09\/rua_direita_2009-294x300.jpg 294w\" sizes=\"auto, (max-width: 300px) 100vw, 300px\" \/><\/a><br \/>\nRua Direita em 2009, meio da tarde<br \/>\n<\/br><br \/>\nTenho muita saudade dos amigos e das mulheres que ali amei, mas hoje, quando vou a S\u00e3o Paulo, fico tentando perceber o que planejam as pessoas al\u00e9m desse eterno e apressado ir e vir sem chegar a lugar algum. Fico tentando senti-los, mas, talvez com medo de que me cuspam nos p\u00e9s, nada acontece no meu cora\u00e7\u00e3o.<\/p>\n<p><\/br><\/p>\n<p><strong>Recomendamos tamb\u00e9m:<\/strong><br \/>\n<\/br><\/p>\n<p><strong>>> Liberdade de Express\u00e3o, imperd\u00edvel interven\u00e7\u00e3o de Marilena Chau\u00ed<\/strong><br \/>\n<a href=\"http:\/\/imediata.org\/?p=2593\">http:\/\/imediata.org\/?p=2593<\/a><\/p>\n<p><\/br><br \/>\n<strong>>> Fant\u00e1stica Marilena Chau\u00ed dissecando a sociedade protofascista paulistana: abomina\u00e7\u00e3o pol\u00edtica, \u00e9tica e cognitiva<\/strong><br \/>\n<a href=\"http:\/\/imediata.org\/?p=2505\">http:\/\/imediata.org\/?p=2505<\/a><\/p>\n<p><\/br><\/p>\n<p><strong>>> Virado \u00e0 paulista \u2013 S\u00e3o Paulo, a cidade proibida (o artigo); S\u00e3o Paulo, em \u201cA Letra Mi\u00fada do Caos\u201d (a constata\u00e7\u00e3o da esquizofrenia); \u201cEntre Rios\u201d, a urbaniza\u00e7\u00e3o de S\u00e3o Paulo (o document\u00e1rio); S\u00e3o Paulo, S. A. (o filme); Neobandeirantes (o arqu\u00e9tipo que persiste)<\/strong><br \/>\n<a href=\"http:\/\/imediata.org\/?p=2028\">http:\/\/imediata.org\/?p=2028<\/a><\/p>\n","protected":false},"excerpt":{"rendered":"<p>Virado \u00e0 Paulista II \u2013 Marilena Chau\u00ed analisando candidatos a prefeito, t\u00edpica \u201crea\u00e7\u00e3o\u201d de um \u201crea\u00e7a\u201d a pergunta de jornalista e \u201cNada acontece no meu cora\u00e7\u00e3o\u201d por Raul Longo Elei\u00e7\u00e3o Municipal em S\u00e3o Paulo &#8211; Marilena Chau\u00ed analisa candidatos \u00e0 prefeito Jos\u00e9 Serra chama rep\u00f3rter de vagabundo Via boilerdo Nada acontece no meu cora\u00e7\u00e3o Por: [&hellip;]<\/p>\n","protected":false},"author":1,"featured_media":0,"comment_status":"open","ping_status":"open","sticky":false,"template":"","format":"standard","meta":{"footnotes":""},"categories":[9],"tags":[1538,1444,1537,379,1539],"class_list":["post-2712","post","type-post","status-publish","format-standard","hentry","category-lance-de-dados","tag-candidatos-a-prefeito-de-sao-paulo-2012","tag-marilena-chaui","tag-raul-longo","tag-sao-paulo","tag-virado-a-paulista"],"_links":{"self":[{"href":"https:\/\/imediata.org\/index.php?rest_route=\/wp\/v2\/posts\/2712","targetHints":{"allow":["GET"]}}],"collection":[{"href":"https:\/\/imediata.org\/index.php?rest_route=\/wp\/v2\/posts"}],"about":[{"href":"https:\/\/imediata.org\/index.php?rest_route=\/wp\/v2\/types\/post"}],"author":[{"embeddable":true,"href":"https:\/\/imediata.org\/index.php?rest_route=\/wp\/v2\/users\/1"}],"replies":[{"embeddable":true,"href":"https:\/\/imediata.org\/index.php?rest_route=%2Fwp%2Fv2%2Fcomments&post=2712"}],"version-history":[{"count":2,"href":"https:\/\/imediata.org\/index.php?rest_route=\/wp\/v2\/posts\/2712\/revisions"}],"predecessor-version":[{"id":2720,"href":"https:\/\/imediata.org\/index.php?rest_route=\/wp\/v2\/posts\/2712\/revisions\/2720"}],"wp:attachment":[{"href":"https:\/\/imediata.org\/index.php?rest_route=%2Fwp%2Fv2%2Fmedia&parent=2712"}],"wp:term":[{"taxonomy":"category","embeddable":true,"href":"https:\/\/imediata.org\/index.php?rest_route=%2Fwp%2Fv2%2Fcategories&post=2712"},{"taxonomy":"post_tag","embeddable":true,"href":"https:\/\/imediata.org\/index.php?rest_route=%2Fwp%2Fv2%2Ftags&post=2712"}],"curies":[{"name":"wp","href":"https:\/\/api.w.org\/{rel}","templated":true}]}}