{"id":2637,"date":"2012-09-15T17:09:12","date_gmt":"2012-09-15T17:09:12","guid":{"rendered":"http:\/\/imediata.org\/?p=2637"},"modified":"2012-09-15T17:11:59","modified_gmt":"2012-09-15T17:11:59","slug":"notre-pain-quotidien-o-nosso-pao-de-cada-dia-%e2%80%93-documentario-integral-de-nikolaus-geyrhalter","status":"publish","type":"post","link":"https:\/\/imediata.org\/?p=2637","title":{"rendered":">> Notre pain quotidien (O Nosso P\u00e3o de Cada Dia) \u2013 document\u00e1rio integral de Nikolaus Geyrhalter"},"content":{"rendered":"<p><\/br><\/p>\n<p><strong>Notre pain quotidien (O Nosso P\u00e3o de Cada Dia) \u2013 document\u00e1rio integral de Nikolaus Geyrhalter, apresentado pelo canal europeu ARTE<br \/>\nhttp:\/\/youtu.be\/8TOuI9-ueDk<\/p>\n<p><\/br><br \/>\nFonte: ARTE via infosLibres postado em 29 de junho de 2012<br \/>\n<\/br><br \/>\nTradu\u00e7\u00e3o da apresenta\u00e7\u00e3o do post: Imediata<\/strong><\/p>\n<p>Durante dois anos, <strong>Nikolaus Geyrhalter<\/strong> colocou sua c\u00e2mara no centro dos maiores grupos agr\u00edcolas europeus, dando-nos acesso a zonas inacess\u00edveis. Ele filmou os funcion\u00e1rios, os locais e os diferentes processos de produ\u00e7\u00e3o para realizar um document\u00e1rio que interroga e envolve intimamente cada espectador.<br \/>\n<\/br><\/p>\n<p>\u201cNotre pain quotidien\u201d abre uma janela sobre <strong>a ind\u00fastria alimentar de nossas civiliza\u00e7\u00f5es ocidentais modernas<\/strong>. Resposta ao nosso excessivo consumo, a produtividade nos afastou de uma realidade humana para entrar numa desmedida ultra intensiva que j\u00e1 alcan\u00e7ou as propor\u00e7\u00f5es descritas nos romances de antecipa\u00e7\u00e3o.<br \/>\n<\/br><\/p>\n<p>Concep\u00e7\u00e3o e enquadramentos minuciosamente compostos, imagens cristalinas e uma montagem fluida constroem um filme sem coment\u00e1rios, sem propaganda, cujas imagens falam por si e calam fundo.<br \/>\n<\/br><\/p>\n<p>\u201cNotre Pain Quotidien\u201d questiona, perturba e fascina.<br \/>\n<\/br><\/p>\n<p><strong>Recomendamos tamb\u00e9m a leitura de:<\/p>\n<p>>> O Cassino do Sistema Alimentar Global \u2013 o direito \u00e0 alimenta\u00e7\u00e3o deve estar acima da fome de lucros, por Vandana Shiva<\/strong><br \/>\n<a href=\"http:\/\/imediata.org\/?p=2617\">http:\/\/imediata.org\/?p=2617<\/a><\/p>\n","protected":false},"excerpt":{"rendered":"<p>Notre pain quotidien (O Nosso P\u00e3o de Cada Dia) \u2013 document\u00e1rio integral de Nikolaus Geyrhalter, apresentado pelo canal europeu ARTE http:\/\/youtu.be\/8TOuI9-ueDk Fonte: ARTE via infosLibres postado em 29 de junho de 2012 Tradu\u00e7\u00e3o da apresenta\u00e7\u00e3o do post: Imediata Durante dois anos, Nikolaus Geyrhalter colocou sua c\u00e2mara no centro dos maiores grupos agr\u00edcolas europeus, dando-nos acesso [&hellip;]<\/p>\n","protected":false},"author":1,"featured_media":0,"comment_status":"open","ping_status":"open","sticky":false,"template":"","format":"standard","meta":{"footnotes":""},"categories":[5,9],"tags":[1507,1508,1505,1506],"class_list":["post-2637","post","type-post","status-publish","format-standard","hentry","category-biodiversidade-imediata","category-lance-de-dados","tag-documentario-integral-de-nikolaus-geyrhalter","tag-industria-alimentar","tag-notre-pain-quotidien","tag-o-nosso-pao-de-cada-dia"],"_links":{"self":[{"href":"https:\/\/imediata.org\/index.php?rest_route=\/wp\/v2\/posts\/2637","targetHints":{"allow":["GET"]}}],"collection":[{"href":"https:\/\/imediata.org\/index.php?rest_route=\/wp\/v2\/posts"}],"about":[{"href":"https:\/\/imediata.org\/index.php?rest_route=\/wp\/v2\/types\/post"}],"author":[{"embeddable":true,"href":"https:\/\/imediata.org\/index.php?rest_route=\/wp\/v2\/users\/1"}],"replies":[{"embeddable":true,"href":"https:\/\/imediata.org\/index.php?rest_route=%2Fwp%2Fv2%2Fcomments&post=2637"}],"version-history":[{"count":4,"href":"https:\/\/imediata.org\/index.php?rest_route=\/wp\/v2\/posts\/2637\/revisions"}],"predecessor-version":[{"id":2641,"href":"https:\/\/imediata.org\/index.php?rest_route=\/wp\/v2\/posts\/2637\/revisions\/2641"}],"wp:attachment":[{"href":"https:\/\/imediata.org\/index.php?rest_route=%2Fwp%2Fv2%2Fmedia&parent=2637"}],"wp:term":[{"taxonomy":"category","embeddable":true,"href":"https:\/\/imediata.org\/index.php?rest_route=%2Fwp%2Fv2%2Fcategories&post=2637"},{"taxonomy":"post_tag","embeddable":true,"href":"https:\/\/imediata.org\/index.php?rest_route=%2Fwp%2Fv2%2Ftags&post=2637"}],"curies":[{"name":"wp","href":"https:\/\/api.w.org\/{rel}","templated":true}]}}