{"id":2593,"date":"2012-09-12T20:56:07","date_gmt":"2012-09-12T20:56:07","guid":{"rendered":"http:\/\/imediata.org\/?p=2593"},"modified":"2012-09-12T20:56:07","modified_gmt":"2012-09-12T20:56:07","slug":"liberdade-de-expressao-imperdivel-intervencao-de-marilena-chaui","status":"publish","type":"post","link":"https:\/\/imediata.org\/?p=2593","title":{"rendered":">> Liberdade de Express\u00e3o, imperd\u00edvel interven\u00e7\u00e3o de Marilena Chau\u00ed"},"content":{"rendered":"<p><strong><\/br><\/p>\n<p>Marilena Chau\u00ed &#8211; Liberdade de Express\u00e3o &#8211; parte 1<br \/>\n<iframe loading=\"lazy\" title=\"Marilena Chau\u00ed - Liberdade de Express\u00e3o - parte 1\" width=\"640\" height=\"360\" src=\"https:\/\/www.youtube.com\/embed\/22051sC1RMY?feature=oembed\" frameborder=\"0\" allow=\"accelerometer; autoplay; clipboard-write; encrypted-media; gyroscope; picture-in-picture; web-share\" referrerpolicy=\"strict-origin-when-cross-origin\" allowfullscreen><\/iframe><\/p>\n<p><\/br><br \/>\nMarilena Chau\u00ed &#8211; Liberdade de Express\u00e3o &#8211; parte 2<br \/>\n<iframe loading=\"lazy\" title=\"Marilena Chau\u00ed - Liberdade de Express\u00e3o - parte 2\" width=\"640\" height=\"360\" src=\"https:\/\/www.youtube.com\/embed\/69tQyeWozUc?feature=oembed\" frameborder=\"0\" allow=\"accelerometer; autoplay; clipboard-write; encrypted-media; gyroscope; picture-in-picture; web-share\" referrerpolicy=\"strict-origin-when-cross-origin\" allowfullscreen><\/iframe><br \/>\n<\/br><br \/>\nMarilena Chau\u00ed &#8211; Liberdade de Express\u00e3o &#8211; Parte 3<br \/>\n<iframe loading=\"lazy\" title=\"Marilena Chau\u00ed - Liberdade de Express\u00e3o - Parte 3\" width=\"640\" height=\"360\" src=\"https:\/\/www.youtube.com\/embed\/rpT_FAdbhl4?feature=oembed\" frameborder=\"0\" allow=\"accelerometer; autoplay; clipboard-write; encrypted-media; gyroscope; picture-in-picture; web-share\" referrerpolicy=\"strict-origin-when-cross-origin\" allowfullscreen><\/iframe><br \/>\n<\/strong><\/p>\n","protected":false},"excerpt":{"rendered":"<p>Marilena Chau\u00ed &#8211; Liberdade de Express\u00e3o &#8211; parte 1 Marilena Chau\u00ed &#8211; Liberdade de Express\u00e3o &#8211; parte 2 Marilena Chau\u00ed &#8211; Liberdade de Express\u00e3o &#8211; Parte 3<\/p>\n","protected":false},"author":1,"featured_media":0,"comment_status":"open","ping_status":"open","sticky":false,"template":"","format":"standard","meta":{"footnotes":""},"categories":[9,10],"tags":[],"class_list":["post-2593","post","type-post","status-publish","format-standard","hentry","category-lance-de-dados","category-pubblicare"],"_links":{"self":[{"href":"https:\/\/imediata.org\/index.php?rest_route=\/wp\/v2\/posts\/2593","targetHints":{"allow":["GET"]}}],"collection":[{"href":"https:\/\/imediata.org\/index.php?rest_route=\/wp\/v2\/posts"}],"about":[{"href":"https:\/\/imediata.org\/index.php?rest_route=\/wp\/v2\/types\/post"}],"author":[{"embeddable":true,"href":"https:\/\/imediata.org\/index.php?rest_route=\/wp\/v2\/users\/1"}],"replies":[{"embeddable":true,"href":"https:\/\/imediata.org\/index.php?rest_route=%2Fwp%2Fv2%2Fcomments&post=2593"}],"version-history":[{"count":1,"href":"https:\/\/imediata.org\/index.php?rest_route=\/wp\/v2\/posts\/2593\/revisions"}],"predecessor-version":[{"id":2594,"href":"https:\/\/imediata.org\/index.php?rest_route=\/wp\/v2\/posts\/2593\/revisions\/2594"}],"wp:attachment":[{"href":"https:\/\/imediata.org\/index.php?rest_route=%2Fwp%2Fv2%2Fmedia&parent=2593"}],"wp:term":[{"taxonomy":"category","embeddable":true,"href":"https:\/\/imediata.org\/index.php?rest_route=%2Fwp%2Fv2%2Fcategories&post=2593"},{"taxonomy":"post_tag","embeddable":true,"href":"https:\/\/imediata.org\/index.php?rest_route=%2Fwp%2Fv2%2Ftags&post=2593"}],"curies":[{"name":"wp","href":"https:\/\/api.w.org\/{rel}","templated":true}]}}